{"id":18112,"date":"2023-11-28T12:01:59","date_gmt":"2023-11-28T09:01:59","guid":{"rendered":"https:\/\/akdenizhaber.com.tr\/?p=18112"},"modified":"2023-11-28T12:02:00","modified_gmt":"2023-11-28T09:02:00","slug":"atso-bir-baska-antalya-icin-calisiyor","status":"publish","type":"post","link":"https:\/\/akdenizhaber.com.tr\/index.php\/2023\/11\/28\/atso-bir-baska-antalya-icin-calisiyor\/","title":{"rendered":"ATSO \u201cBir Ba\u015fka Antalya\u201d \u0130\u00e7in \u00c7al\u0131\u015f\u0131yor"},"content":{"rendered":"\n<p>ATSO Ba\u015fkan\u0131 Ali Bahar, \u201cBir Ba\u015fka Antalya\u201d projemiz ile de\u011ferli sanat\u00e7\u0131lar\u0131m\u0131z\u0131n katk\u0131lar\u0131yla, Antalya\u2019m\u0131z\u0131n envanterine girecek kal\u0131c\u0131 eserler ortaya \u00e7\u0131kartaca\u011f\u0131z\u201d dedi.<\/p>\n\n\n\n<p>Antalya K\u00fclt\u00fcr Sanat (AKS) \u00e7at\u0131s\u0131 alt\u0131nda 11 sanat\u00e7\u0131n\u0131n kat\u0131l\u0131m\u0131yla ger\u00e7ekle\u015ftirilen \u201cBir Ba\u015fka Antalya\u201d sanat \u00e7al\u0131\u015ftay\u0131n\u0131n bas\u0131n lansman\u0131 ATSO Y\u00f6netim Kurulu Ba\u015fkan\u0131 Ali Bahar\u2019\u0131n ev sahipli\u011finde ger\u00e7ekle\u015fti. 25 Kas\u0131m- 2 Aral\u0131k 2023 tarihleri aras\u0131nda Kilit Grup ana sponsorlu\u011funda Nirvana Cosmopolitan\u2019daba\u015flayan\u00e7al\u0131\u015ftaya, Devabil Kara, Fevzi Karako\u00e7, Habip Aydo\u011fdu, Hanefi Yeter, Reyhan Abac\u0131o\u011flu, Serpil Yeter ve Zeliha Ak\u00e7ao\u011flu kat\u0131ld\u0131. Cumhuriyetin sanat miras\u0131n\u0131n ta\u015f\u0131y\u0131c\u0131lar\u0131 T\u00fcrk ressamlar\u0131n Antalya\u2019y\u0131 anlatacaklar\u0131 se\u00e7ki, 2 Aral\u0131k 2023 &#8211; 14 Ocak 2024 tarihleri aras\u0131nda AKS\u2019ta sanatseverlerin ziyaretine a\u00e7\u0131k olacak. \u201cBir Ba\u015fka Antalya\u201d bas\u0131n lansman\u0131, Antalya \u0130l K\u00fclt\u00fcr ve Turizm M\u00fcd\u00fcr\u00fc Dr. Candemir Zoro\u011flu, Nirvana Otel CEO\u2019su Korhan Al\u015fan, ATSO Vakf\u0131 Y\u00f6netim Kurulu \u00dcyesi ve ATSO Meclis \u00dcyesi \u00d6mer Gilan, Sergi K\u00fcrat\u00f6r\u00fc Prof. Mustafa A\u011fatekin, Seramik ve Cam Sanat\u00e7\u0131s\u0131 \u015eebnem Bahar ve sanat\u00e7\u0131lar\u0131n kat\u0131l\u0131m\u0131yla ger\u00e7ekle\u015fti. ATSO olarak Antalya\u2019n\u0131n \u00e7a\u011flar boyu sahip oldu\u011fu k\u00fclt\u00fcrel, tarihsel, geleneksel ve b\u00f6lgesel de\u011ferlerini, \u00e7a\u011fda\u015f T\u00fcrk resminin \u00f6nde gelen isimlerinin f\u0131r\u00e7as\u0131ndan gelecek nesillere aktarmay\u0131 ama\u00e7layan sergide s\u00fcrd\u00fcr\u00fclebilir bir k\u00fclt\u00fcrel gelecek olgusuna dikkat \u00e7ekiliyor. Yaln\u0131zca var olan k\u00fclt\u00fcrel miras\u0131n izlenimlerini de\u011fil, gelece\u011fin k\u00fclt\u00fcr-sanat zenginli\u011fini de beslemeyi hedefleyen sergi 14 Ocak 2024 tarihine dek Antalya K\u00fclt\u00fcr Sanat&#8217;ta ziyarete a\u00e7\u0131k olacak.<\/p>\n\n\n\n<p>ESERLER ULUSAL VE ULUSLARARASI D\u00dcZEYDE TANITIMA KATKI SA\u011eLAYACAK<\/p>\n\n\n\n<p>\u201cBir Ba\u015fka Antalya\u201d projesinin, s\u00fcrd\u00fcr\u00fclebilir bir k\u00fclt\u00fcrel gelecek i\u00e7in T\u00fcrk resminin \u00f6nemli sanat\u00e7\u0131lar\u0131yla ger\u00e7ekle\u015ftirdikleri bir k\u00fclt\u00fcr sanat projesi oldu\u011funu kaydeden Ba\u015fkan Ali Bahar, \u201cD\u00f6rt y\u0131l boyunca farkl\u0131 sanat alanlar\u0131ndan gelen sanat\u00e7\u0131larla ger\u00e7ekle\u015ftirmeyi d\u00fc\u015f\u00fcnd\u00fc\u011f\u00fcm\u00fcz bu proje sonunda hedefimiz, projeye kat\u0131larak destek veren de\u011ferli sanat\u00e7\u0131lar\u0131m\u0131z\u0131n eserlerinden bir koleksiyon olu\u015fturmak, olu\u015fan bu koleksiyonu ulusal ve uluslararas\u0131 d\u00fczeyde Antalya\u2019n\u0131n tan\u0131t\u0131m\u0131na \u00e7ok \u00f6nemli katk\u0131 verecek kal\u0131c\u0131 kurumsal yap\u0131lara ta\u015f\u0131makt\u0131r\u201d dedi.<\/p>\n\n\n\n<p>ANTALYA\u2019NIN K\u00dcLT\u00dcR ENVANTER\u0130 \u0130\u00c7\u0130N KALICI ESERLER ORTAYA KOYACA\u011eIZ<\/p>\n\n\n\n<p>\u201cATSO olarak \u015fehrimizin resimlerini, \u00e7ok de\u011ferli sanat\u00e7\u0131lar\u0131m\u0131zla birlikte Antalya\u2019m\u0131za kazand\u0131rarak AKS \u00e7at\u0131s\u0131 alt\u0131nda sanatseverlerin be\u011fenisine sunaca\u011f\u0131z\u201d diyerek konu\u015fmas\u0131n\u0131 s\u00fcrd\u00fcren Ba\u015fkan Bahar, \u201cAntalya\u2019m\u0131z\u0131n envanterine girecek kal\u0131c\u0131 eserler ortaya \u00e7\u0131kartaca\u011f\u0131z. Bunun gururuyla bug\u00fcn kar\u015f\u0131n\u0131zday\u0131z. Sanat\u00e7\u0131lar\u0131m\u0131za, de\u011ferli k\u00fcrat\u00f6r\u00fcm\u00fcze bu projede bizlerle olduklar\u0131 ve verdikleri destek i\u00e7in ayr\u0131ca \u00e7ok te\u015fekk\u00fcr ediyorum.&nbsp; Kilit ailesine de projemize verdikleri destekten \u00f6t\u00fcr\u00fc te\u015fekk\u00fcr ederim, bu konuda Antalyal\u0131 bir aile olarak kentimize ne kadar de\u011fer katt\u0131klar\u0131n\u0131 g\u00f6r\u00fcyoruz. Bir hafta s\u00fcrecek \u00e7al\u0131\u015fmalar\u0131n ard\u0131ndan, eserlerimizle AKS\u2019ta sizlerle bulu\u015faca\u011f\u0131z. \u00c7ok heyecan duydu\u011fumuz bir projeyi daha hayata ge\u00e7irmenin mutlulu\u011fu i\u00e7indeyim. K\u00fclt\u00fcr ve sanat ile \u015fehrimizin kar\u015f\u0131s\u0131nday\u0131z. Bir\u00e7ok alana dokunuyoruz, zaten en ba\u015f\u0131ndan beri \u015fehrimizin lobisini yapaca\u011f\u0131m\u0131z\u0131 s\u00f6ylemi\u015ftik. Bunu da her alanda yapt\u0131\u011f\u0131m\u0131z\u0131 kentimize g\u00f6steriyoruz. Her y\u0131l sanat\u00e7\u0131lar\u0131m\u0131zla Bir Ba\u015fka Antalya projesinde ATSO\u2019nun, AKS\u2019\u0131n ve Antalya\u2019m\u0131z\u0131n envanterine yeni sanat eserlerini kaydetmi\u015f olaca\u011f\u0131z\u201d dedi.<\/p>\n\n\n\n<p>Etkinliklerde g\u00fc\u00e7 birli\u011fine, kent dinamikleriyle ortak akla ve i\u015f birli\u011finin \u00f6nemine dikkat \u00e7eken Ba\u015fkan Ali Bahar, \u201cAna sponsorumuz de\u011ferli Kilit Grup ailesi olmak \u00fczere, Cubo Boya, MarcaCatering, Zemzem Turizm, AKS Y\u00f6netim Kurulu \u00dcyelerimiz Yusuf Hac\u0131s\u00fcleyman, Mehmet Dikmen ve \u00d6mer Gilan\u2019a, K\u00fclt\u00fcr ve Turizm Bakanl\u0131\u011f\u0131m\u0131za, Antalya \u0130l K\u00fclt\u00fcr ve Turizm M\u00fcd\u00fcr\u00fcm\u00fcz Dr. Candemir Zoro\u011flu\u2019na, ekip arkada\u015flar\u0131m\u0131za \u00e7ok te\u015fekk\u00fcr ediyorum\u201d diye konu\u015ftu.<\/p>\n\n\n\n<p>S\u00dcRD\u00dcR\u00dcLEB\u0130L\u0130R K\u00dcLT\u00dcREL GELECEK<\/p>\n\n\n\n<p>ATSO \u00e7at\u0131s\u0131 alt\u0131nda ger\u00e7ekle\u015fen sanat \u00e7al\u0131\u015fmalar\u0131n\u0131n kent vizyonuna \u00f6nemli bir de\u011fer kazand\u0131rd\u0131\u011f\u0131na dikkat \u00e7eken Ba\u015fka Bir Antalya K\u00fcrat\u00f6r\u00fc Prof. Mustafa A\u011fatekin, \u201cAKS\u2019ta ge\u00e7mi\u015ften bug\u00fcne faaliyetler y\u00fcr\u00fct\u00fcl\u00fcyor. Ali Bahar ile yeni bir y\u00fcz ve yeni projelerle, Cumhuriyetin yeni y\u00fczy\u0131l\u0131na haz\u0131r olmak ad\u0131na fikir birli\u011fi yapt\u0131k. Bir Ba\u015fka Antalya, \u015fehrin ya\u015fant\u0131s\u0131, gelenek ve g\u00f6renekleri, k\u00fclt\u00fcrleriyle birlikte gelecek ku\u015faklara aktar\u0131lmas\u0131 temelinde, s\u00fcrd\u00fcr\u00fclebilir bir k\u00fclt\u00fcrel gelecek i\u00e7in ne yapabiliriz noktas\u0131ndan ortaya \u00e7\u0131km\u0131\u015f bir \u00e7al\u0131\u015ftay\u201d dedi.<\/p>\n\n\n\n<p>Lansman, sanat\u00e7\u0131lar\u0131n eserlerini yapt\u0131klar\u0131 at\u00f6lye gezisi ile devam etti. Saat Kulesi, Kalei\u00e7i, Aspendos, Toros ve Beyda\u011flar\u0131 gibi kentin tarihi ve do\u011fal dokusunu sanat dokunu\u015flar\u0131yla tuvallerine aktaran sanat\u00e7\u0131lar\u0131 tek tek ziyaret eden Ba\u015fkan Ali Bahar ve \u0130l K\u00fclt\u00fcr Turizm M\u00fcd\u00fcr\u00fc Zoro\u011flu ile kat\u0131l\u0131mc\u0131lar, \u00fczerinde \u00e7al\u0131\u015f\u0131lan ve sergide yerini alacak olan eserleri yak\u0131ndan g\u00f6rme f\u0131rsat\u0131 yakalad\u0131.<\/p>\n\n\n\n<p>Antalya Ticaret ve Sanayi Odas\u0131 \/ B\u00fclten<\/p>\n","protected":false},"excerpt":{"rendered":"<p>ATSO Ba\u015fkan\u0131 Ali Bahar, \u201cBir Ba\u015fka Antalya\u201d projemiz ile de\u011ferli sanat\u00e7\u0131lar\u0131m\u0131z\u0131n katk\u0131lar\u0131yla, Antalya\u2019m\u0131z\u0131n envanterine girecek kal\u0131c\u0131 eserler ortaya \u00e7\u0131kartaca\u011f\u0131z\u201d dedi. Antalya K\u00fclt\u00fcr Sanat (AKS) \u00e7at\u0131s\u0131 <a href=\"https:\/\/akdenizhaber.com.tr\/index.php\/2023\/11\/28\/atso-bir-baska-antalya-icin-calisiyor\/\" class=\"read-more-link\">[more&#8230;]<\/a><\/p>\n","protected":false},"author":2,"featured_media":18113,"comment_status":"open","ping_status":"open","sticky":false,"template":"","format":"standard","meta":{"footnotes":""},"categories":[2],"tags":[],"class_list":["post-18112","post","type-post","status-publish","format-standard","has-post-thumbnail","hentry","category-gundem"],"_links":{"self":[{"href":"https:\/\/akdenizhaber.com.tr\/index.php\/wp-json\/wp\/v2\/posts\/18112","targetHints":{"allow":["GET"]}}],"collection":[{"href":"https:\/\/akdenizhaber.com.tr\/index.php\/wp-json\/wp\/v2\/posts"}],"about":[{"href":"https:\/\/akdenizhaber.com.tr\/index.php\/wp-json\/wp\/v2\/types\/post"}],"author":[{"embeddable":true,"href":"https:\/\/akdenizhaber.com.tr\/index.php\/wp-json\/wp\/v2\/users\/2"}],"replies":[{"embeddable":true,"href":"https:\/\/akdenizhaber.com.tr\/index.php\/wp-json\/wp\/v2\/comments?post=18112"}],"version-history":[{"count":0,"href":"https:\/\/akdenizhaber.com.tr\/index.php\/wp-json\/wp\/v2\/posts\/18112\/revisions"}],"wp:featuredmedia":[{"embeddable":true,"href":"https:\/\/akdenizhaber.com.tr\/index.php\/wp-json\/wp\/v2\/media\/18113"}],"wp:attachment":[{"href":"https:\/\/akdenizhaber.com.tr\/index.php\/wp-json\/wp\/v2\/media?parent=18112"}],"wp:term":[{"taxonomy":"category","embeddable":true,"href":"https:\/\/akdenizhaber.com.tr\/index.php\/wp-json\/wp\/v2\/categories?post=18112"},{"taxonomy":"post_tag","embeddable":true,"href":"https:\/\/akdenizhaber.com.tr\/index.php\/wp-json\/wp\/v2\/tags?post=18112"}],"curies":[{"name":"wp","href":"https:\/\/api.w.org\/{rel}","templated":true}]}}