{"id":18103,"date":"2023-11-27T13:24:46","date_gmt":"2023-11-27T10:24:46","guid":{"rendered":"https:\/\/akdenizhaber.com.tr\/?p=18103"},"modified":"2023-11-27T15:13:00","modified_gmt":"2023-11-27T12:13:00","slug":"antalya-milletvekili-tuba-vural-cokalak-parti-icin-kadinlar-cok-onemli","status":"publish","type":"post","link":"https:\/\/akdenizhaber.com.tr\/index.php\/2023\/11\/27\/antalya-milletvekili-tuba-vural-cokalak-parti-icin-kadinlar-cok-onemli\/","title":{"rendered":"Antalya Milletvekili Tuba Vural \u00c7okal;                                    \u2018Ak Parti \u0130\u00e7in Kad\u0131nlar \u00c7ok \u00d6nemli\u2019"},"content":{"rendered":"\n<p><\/p>\n\n\n\n<p><\/p>\n\n\n\n<p>Ak Parti Manavgat il\u00e7e te\u015fkilat\u0131na kat\u0131lan 40 yeni kad\u0131n \u00fcyeye d\u00fczenlenen t\u00f6renle rozet tak\u0131ld\u0131. T\u00f6rende konu\u015fan Ak Parti Antalya Milletvekili Tuba Vural \u00c7okal, \u201cBug\u00fcn milletvekili olarak TBMM\u2019de ba\u015f\u00f6rt\u00fcl\u00fc kad\u0131nlar\u0131m\u0131z\u0131n olmas\u0131, her alanda her kurumda kad\u0131nlar\u0131n yer almas\u0131n\u0131n mimar\u0131 Cumhurba\u015fkan\u0131m\u0131z Say\u0131n Recep Tayyip Erdo\u011fan\u2019d\u0131r\u201d dedi.<\/p>\n\n\n\n<p>Antalya\u2019n\u0131n Manavgat il\u00e7esinde Ak Parti \u0130l\u00e7e Te\u015fkilat\u0131\u2019nda partiye kat\u0131l\u0131m t\u00f6reni d\u00fczenlendi. T\u00f6rene Ak Parti Antalya Milletvekili ve TBMM Kad\u0131n Erkek F\u0131rsat E\u015fitli\u011fi Komisyonu Ba\u015fkanvekili Tuba Vural \u00c7okal, Manavgat \u0130l\u00e7e Ba\u015fkan\u0131 Ahmet Ali Erol ve yerel se\u00e7imler i\u00e7in belediye ba\u015fkan aday\u0131 adaylar\u0131 ve partililer kat\u0131ld\u0131. \u0130l\u00e7ede sosyal medya \u00fczerinden \u2018kad\u0131nlar kul\u00fcb\u00fc\u2019 olarak organize olan ve bug\u00fcne kadar \u00e7e\u015fitli sosyal yard\u0131mla\u015fma faaliyetlerinde bulunan aralar\u0131nda Memleket Partisi Manavgat \u0130l\u00e7e Kad\u0131n Kollar\u0131 eski ba\u015fkanlar\u0131ndan Fahriye Avc\u0131\u2019n\u0131nda oldu\u011fu 40 kad\u0131n Ak Parti\u2019ye \u00fcye oldu.<\/p>\n\n\n\n<p>\u2018AK PART\u0130 \u0130\u00c7\u0130N KADINLAR \u00c7OK \u00d6NEML\u0130\u2019<\/p>\n\n\n\n<p>Yeni \u00fcyeler i\u00e7in d\u00fczenlenen kat\u0131l\u0131m ve rozet takma t\u00f6reninde konu\u015fan Antalya Milletvekili Tuba Vural \u00c7okal, Ak Parti i\u00e7in kad\u0131nlar\u0131n \u00e7ok \u00f6nemli oldu\u011funu ve kurulu\u015fundan bu yana de\u011fer verildi\u011fini ifade ederek, \u201cKad\u0131nlar bizim i\u00e7in \u00e7ok \u00f6nemli. Bir kad\u0131n, bir anne, bir e\u015f, bir karde\u015f olarak bunu s\u00f6yl\u00fcyorum. Toplumun her kesiminde, her alan\u0131nda dolgu malzemesi olarak de\u011fil ama ger\u00e7ek anlamda kad\u0131nlar\u0131n rol almas\u0131 gerekiyor. Bende bir kad\u0131n olarak, ayn\u0131 zamanda TBMM Kad\u0131n Erkek F\u0131rsat E\u015fitli\u011fi Komisyonu ba\u015fkanvekili olarak elimden geldi\u011fince kad\u0131nlar\u0131m\u0131za her t\u00fcrl\u00fc deste\u011fi vermek i\u00e7in \u00e7al\u0131\u015fmalar\u0131m\u0131z\u0131 s\u00fcrd\u00fcr\u00fcyoruz\u201d dedi.<\/p>\n\n\n\n<p>CUMHURBA\u015eKANIMIZ KADINLARIN TOPLUMDA HAK ETT\u0130\u011e\u0130 YER\u0130 ALMASINI SA\u011eLADI<\/p>\n\n\n\n<p>T\u00fcrkiye\u2019de son 20 y\u0131lda kad\u0131n\u0131n toplumdaki yeri ve stat\u00fcs\u00fcn\u00fcn s\u00fcrekli y\u00fckseldi\u011fini anlatan milletvekili \u00c7okal \u015funlar\u0131 kaydetti:<\/p>\n\n\n\n<p>\u201cBunu as\u0131l yapan say\u0131n Cumhurba\u015fkan\u0131m\u0131z Recep Tayyip Erdo\u011fan. Kad\u0131nlara tan\u0131d\u0131\u011f\u0131 haklarla onlar\u0131n toplumda hak etti\u011fi yeri almas\u0131n\u0131 sa\u011flad\u0131. \u0130\u015fte ba\u015f\u00f6rt\u00fcs\u00fc konusunda yap\u0131lan devrim niteli\u011findeki \u00e7al\u0131\u015fmalar sonucunda bug\u00fcn milletvekili olarak TBMM\u2019de ba\u015f\u00f6rt\u00fcl\u00fc kad\u0131nlar\u0131m\u0131z\u0131n olmas\u0131, her alanda her kurumda kad\u0131nlar\u0131n yer almas\u0131n\u0131n mimar\u0131 Cumhurba\u015fkan\u0131m\u0131z say\u0131n Recep Tayyip Erdo\u011fan\u2019d\u0131r. \u015eu anda da aram\u0131zda kad\u0131nlar\u0131m\u0131z var, partimize kat\u0131lmak isteyen, d\u00fcnyas\u0131nda yer alan ve s\u00f6z sahibi olan kad\u0131nlar\u0131m\u0131z. Ho\u015f geldiniz diyorum.\u201d<\/p>\n\n\n\n<p>\u2018B\u0130Z H\u0130\u00c7 HALKIN \u0130\u00c7\u0130NDEN KOPMADIK\u2019<\/p>\n\n\n\n<p>T\u00fcrkiye\u2019nin 31 Mart\u2019ta mahalli idareler se\u00e7imini yapaca\u011f\u0131n\u0131 aktaran \u00c7okal, ge\u00e7ti\u011fimiz zaman zarf\u0131 i\u00e7erisinde muhalefetin kendilerine y\u00f6nelik halk\u0131n i\u00e7ine inmedikleri su\u00e7lamas\u0131nda bulundu\u011funu belirterek, \u201cBiz, her zaman halk\u0131n i\u00e7indeyiz. Hi\u00e7bir zaman halk\u0131n i\u00e7inden kopmad\u0131k. Se\u00e7im bitti yine sahaday\u0131z. Ben 4 haftadan beri \u00e7ocuklar\u0131m\u0131 g\u00f6rm\u00fcyorum. Hani, deniliyor ya, \u2018halk\u0131n i\u00e7indemisiniz?\u2019 diye. Ben s\u00f6yl\u00fcyorum, halk\u0131n i\u00e7ine inmelerini, Manavgat halk\u0131n\u0131n sesine bir kulak vermelerini ger\u00e7ekten istiyorum. Burada \u00e7\u00f6p \u00e7amur belediyecili\u011finden ba\u015fka hi\u00e7bir \u015fey yok. Varsa g\u00f6sterin\u201d diye konu\u015ftu.<\/p>\n\n\n\n<p>Konu\u015fmalar\u0131n ard\u0131ndan partiye yeni kat\u0131lan kad\u0131nlara rozetleri Ak Parti Antalya Milletvekili Tuba Vural \u00c7okal, Manavgat \u0130l\u00e7e Ba\u015fkan\u0131 Ahmet Ali Erol taraf\u0131ndan tak\u0131ld\u0131 ve yeni \u00fcyelerle hat\u0131ra foto\u011fraf\u0131 \u00e7ekildi.<\/p>\n\n\n\n<p>ADAY ADAYI TANITIM TOPLANTISI YAPILDI<\/p>\n\n\n\n<p>Di\u011fer taraftan Ak Parti Manavgat \u0130l\u00e7e Te\u015fkilat\u0131\u2019nda aday tan\u0131t\u0131m toplant\u0131s\u0131 d\u00fczenlendi. 31 Mart\u2019ta yap\u0131lacak olan se\u00e7imlerde Ak Parti\u2019ye Manavgat Belediye Ba\u015fkan Aday Aday\u0131 olarak ba\u015fvuran 9 ki\u015fi, partililere tan\u0131t\u0131ld\u0131. Toplant\u0131da konu\u015fan Ak Parti Manavgat \u0130l\u00e7e Ba\u015fkan\u0131 Ahmet Ali Erol, \u201cGenel Merkezimizi kimi aday g\u00f6sterirse hem te\u015fkilat olarak biz, hem de di\u011fer aday adaylar\u0131 ve cumhur ittifak\u0131n\u0131 olu\u015fturan di\u011fer partilerimizle birlikte aday\u0131m\u0131z\u0131 b\u00fct\u00fcn g\u00fcc\u00fcm\u00fczle destekleyece\u011fiz. Manavgat iktidar\u0131n g\u00fcc\u00fcyle yeni yat\u0131r\u0131mlara kavu\u015facak\u201d dedi. Toplant\u0131da aday adaylar\u0131 da kendilerini tan\u0131tt\u0131.<\/p>\n\n\n\n<p>(Haber Merkezi)<\/p>\n","protected":false},"excerpt":{"rendered":"<p>Ak Parti Manavgat il\u00e7e te\u015fkilat\u0131na kat\u0131lan 40 yeni kad\u0131n \u00fcyeye d\u00fczenlenen t\u00f6renle rozet tak\u0131ld\u0131. T\u00f6rende konu\u015fan Ak Parti Antalya Milletvekili Tuba Vural \u00c7okal, \u201cBug\u00fcn milletvekili <a href=\"https:\/\/akdenizhaber.com.tr\/index.php\/2023\/11\/27\/antalya-milletvekili-tuba-vural-cokalak-parti-icin-kadinlar-cok-onemli\/\" class=\"read-more-link\">[more&#8230;]<\/a><\/p>\n","protected":false},"author":2,"featured_media":18107,"comment_status":"open","ping_status":"open","sticky":false,"template":"","format":"standard","meta":{"footnotes":""},"categories":[2],"tags":[],"class_list":["post-18103","post","type-post","status-publish","format-standard","has-post-thumbnail","hentry","category-gundem"],"_links":{"self":[{"href":"https:\/\/akdenizhaber.com.tr\/index.php\/wp-json\/wp\/v2\/posts\/18103","targetHints":{"allow":["GET"]}}],"collection":[{"href":"https:\/\/akdenizhaber.com.tr\/index.php\/wp-json\/wp\/v2\/posts"}],"about":[{"href":"https:\/\/akdenizhaber.com.tr\/index.php\/wp-json\/wp\/v2\/types\/post"}],"author":[{"embeddable":true,"href":"https:\/\/akdenizhaber.com.tr\/index.php\/wp-json\/wp\/v2\/users\/2"}],"replies":[{"embeddable":true,"href":"https:\/\/akdenizhaber.com.tr\/index.php\/wp-json\/wp\/v2\/comments?post=18103"}],"version-history":[{"count":0,"href":"https:\/\/akdenizhaber.com.tr\/index.php\/wp-json\/wp\/v2\/posts\/18103\/revisions"}],"wp:featuredmedia":[{"embeddable":true,"href":"https:\/\/akdenizhaber.com.tr\/index.php\/wp-json\/wp\/v2\/media\/18107"}],"wp:attachment":[{"href":"https:\/\/akdenizhaber.com.tr\/index.php\/wp-json\/wp\/v2\/media?parent=18103"}],"wp:term":[{"taxonomy":"category","embeddable":true,"href":"https:\/\/akdenizhaber.com.tr\/index.php\/wp-json\/wp\/v2\/categories?post=18103"},{"taxonomy":"post_tag","embeddable":true,"href":"https:\/\/akdenizhaber.com.tr\/index.php\/wp-json\/wp\/v2\/tags?post=18103"}],"curies":[{"name":"wp","href":"https:\/\/api.w.org\/{rel}","templated":true}]}}