{"id":18100,"date":"2023-11-27T13:23:07","date_gmt":"2023-11-27T10:23:07","guid":{"rendered":"https:\/\/akdenizhaber.com.tr\/?p=18100"},"modified":"2023-11-27T13:23:07","modified_gmt":"2023-11-27T10:23:07","slug":"masiad-baskani-mucahit-tatar-mhpden-aday-adayi-oldu","status":"publish","type":"post","link":"https:\/\/akdenizhaber.com.tr\/index.php\/2023\/11\/27\/masiad-baskani-mucahit-tatar-mhpden-aday-adayi-oldu\/","title":{"rendered":"MAS\u0130AD Ba\u015fkan\u0131 M\u00fccahit Tatar\u00a0MHP\u2019den Aday Aday\u0131 Oldu"},"content":{"rendered":"\n<p><\/p>\n\n\n\n<p><\/p>\n\n\n\n<p>Manavgat Sanayici ve \u0130\u015f insanlar\u0131 Derne\u011fi (MAS\u0130AD) Ba\u015fkan\u0131 M\u00fccahit Tatar, 31 Mart 2024 tarihinde yap\u0131lacak Mahalli idareler se\u00e7imlerinde Manavgat Belediye Ba\u015fkan Adayl\u0131\u011f\u0131 i\u00e7in Milliyet\u00e7i Hareket Partisi\u2019nden aday aday\u0131 oldu.<\/p>\n\n\n\n<p>Uzun zamand\u0131r saha \u00e7al\u0131\u015fmalar\u0131n\u0131 s\u00fcrd\u00fcren Tatar, ge\u00e7ti\u011fimiz hafta MHP Genel Merkezi\u2019nde hem Genel Ba\u015fkan Devlet Bah\u00e7eli\u2019yi ziyaret etti, hem de Manavgat Belediye Ba\u015fkan Adayl\u0131\u011f\u0131 i\u00e7in aday adayl\u0131\u011f\u0131 m\u00fcracaat\u0131nda bulundu.&nbsp; Tatar, bug\u00fcn saat 19.00\u2019da da MHP Manavgat \u0130l\u00e7e Ba\u015fkanl\u0131\u011f\u0131\u2019nda aday adayl\u0131\u011f\u0131n\u0131 a\u00e7\u0131klayacak.<\/p>\n\n\n\n<p>M\u00fccahit Tatar\u2019\u0131n Manavgat Belediye Ba\u015fkanl\u0131\u011f\u0131 i\u00e7in MHP\u2019den aday adayl\u0131\u011f\u0131 ba\u015fvurusunda bulunmas\u0131n\u0131n ard\u0131ndan \u015fimdi g\u00f6zler Cumhur ittifak\u0131 ortaklar\u0131ndan AK Parti ve MHP\u2019nin Manavgat\u2019ta nas\u0131l bir yol izleyece\u011fine \u00e7evrildi.<\/p>\n\n\n\n<p>(Haber Merkezi)<\/p>\n","protected":false},"excerpt":{"rendered":"<p>Manavgat Sanayici ve \u0130\u015f insanlar\u0131 Derne\u011fi (MAS\u0130AD) Ba\u015fkan\u0131 M\u00fccahit Tatar, 31 Mart 2024 tarihinde yap\u0131lacak Mahalli idareler se\u00e7imlerinde Manavgat Belediye Ba\u015fkan Adayl\u0131\u011f\u0131 i\u00e7in Milliyet\u00e7i Hareket <a href=\"https:\/\/akdenizhaber.com.tr\/index.php\/2023\/11\/27\/masiad-baskani-mucahit-tatar-mhpden-aday-adayi-oldu\/\" class=\"read-more-link\">[more&#8230;]<\/a><\/p>\n","protected":false},"author":2,"featured_media":18101,"comment_status":"open","ping_status":"open","sticky":false,"template":"","format":"standard","meta":{"footnotes":""},"categories":[2],"tags":[],"class_list":["post-18100","post","type-post","status-publish","format-standard","has-post-thumbnail","hentry","category-gundem"],"_links":{"self":[{"href":"https:\/\/akdenizhaber.com.tr\/index.php\/wp-json\/wp\/v2\/posts\/18100","targetHints":{"allow":["GET"]}}],"collection":[{"href":"https:\/\/akdenizhaber.com.tr\/index.php\/wp-json\/wp\/v2\/posts"}],"about":[{"href":"https:\/\/akdenizhaber.com.tr\/index.php\/wp-json\/wp\/v2\/types\/post"}],"author":[{"embeddable":true,"href":"https:\/\/akdenizhaber.com.tr\/index.php\/wp-json\/wp\/v2\/users\/2"}],"replies":[{"embeddable":true,"href":"https:\/\/akdenizhaber.com.tr\/index.php\/wp-json\/wp\/v2\/comments?post=18100"}],"version-history":[{"count":0,"href":"https:\/\/akdenizhaber.com.tr\/index.php\/wp-json\/wp\/v2\/posts\/18100\/revisions"}],"wp:featuredmedia":[{"embeddable":true,"href":"https:\/\/akdenizhaber.com.tr\/index.php\/wp-json\/wp\/v2\/media\/18101"}],"wp:attachment":[{"href":"https:\/\/akdenizhaber.com.tr\/index.php\/wp-json\/wp\/v2\/media?parent=18100"}],"wp:term":[{"taxonomy":"category","embeddable":true,"href":"https:\/\/akdenizhaber.com.tr\/index.php\/wp-json\/wp\/v2\/categories?post=18100"},{"taxonomy":"post_tag","embeddable":true,"href":"https:\/\/akdenizhaber.com.tr\/index.php\/wp-json\/wp\/v2\/tags?post=18100"}],"curies":[{"name":"wp","href":"https:\/\/api.w.org\/{rel}","templated":true}]}}