{"id":18097,"date":"2023-11-27T13:22:10","date_gmt":"2023-11-27T10:22:10","guid":{"rendered":"https:\/\/akdenizhaber.com.tr\/?p=18097"},"modified":"2023-11-27T13:22:11","modified_gmt":"2023-11-27T10:22:11","slug":"yazarlardan-imza-gunumanavgatta-manavgat-yazarlari-imza-gunu-duzenlendi","status":"publish","type":"post","link":"https:\/\/akdenizhaber.com.tr\/index.php\/2023\/11\/27\/yazarlardan-imza-gunumanavgatta-manavgat-yazarlari-imza-gunu-duzenlendi\/","title":{"rendered":"Yazarlardan \u0130mza G\u00fcn\u00fcManavgat\u2019ta \u201cManavgat Yazarlar\u0131 imza g\u00fcn\u00fc\u201d d\u00fczenlendi."},"content":{"rendered":"\n<p><\/p>\n\n\n\n<p><\/p>\n\n\n\n<p>26 Kas\u0131m Pazar g\u00fcn\u00fc T\u00fcter K\u0131rtasiye \u2019de d\u00fczenlenen imza ve s\u00f6yle\u015fi g\u00fcn\u00fcne Manavgatl\u0131 yazarlardan Z\u00fcmr\u00fct Y\u0131lmaz, Ay\u015fe G\u00fcm\u00fc\u015f\u00e7oban, Asiye Kemik, Ay\u015fe Polat, Dilek Nazl\u0131o\u011flu, Bekir Sevik, Celal G\u00f6rge\u00e7 ve Ege Akbulut gibi isimler kat\u0131ld\u0131. \u201cOkuman\u0131n ya\u015f\u0131 vard\u0131r. \u015eimdi tam olarak o ya\u015ftas\u0131n\u0131z\u201d slogan\u0131yla okurlar\u0131yla bulu\u015fan yazarlar hem s\u00f6yle\u015fi yapt\u0131lar hem de kitaplar\u0131n\u0131 imzalad\u0131lar.<\/p>\n\n\n\n<p>(Haber Merkezi)<\/p>\n","protected":false},"excerpt":{"rendered":"<p>26 Kas\u0131m Pazar g\u00fcn\u00fc T\u00fcter K\u0131rtasiye \u2019de d\u00fczenlenen imza ve s\u00f6yle\u015fi g\u00fcn\u00fcne Manavgatl\u0131 yazarlardan Z\u00fcmr\u00fct Y\u0131lmaz, Ay\u015fe G\u00fcm\u00fc\u015f\u00e7oban, Asiye Kemik, Ay\u015fe Polat, Dilek Nazl\u0131o\u011flu, Bekir <a href=\"https:\/\/akdenizhaber.com.tr\/index.php\/2023\/11\/27\/yazarlardan-imza-gunumanavgatta-manavgat-yazarlari-imza-gunu-duzenlendi\/\" class=\"read-more-link\">[more&#8230;]<\/a><\/p>\n","protected":false},"author":2,"featured_media":18098,"comment_status":"open","ping_status":"open","sticky":false,"template":"","format":"standard","meta":{"footnotes":""},"categories":[2],"tags":[],"class_list":["post-18097","post","type-post","status-publish","format-standard","has-post-thumbnail","hentry","category-gundem"],"_links":{"self":[{"href":"https:\/\/akdenizhaber.com.tr\/index.php\/wp-json\/wp\/v2\/posts\/18097","targetHints":{"allow":["GET"]}}],"collection":[{"href":"https:\/\/akdenizhaber.com.tr\/index.php\/wp-json\/wp\/v2\/posts"}],"about":[{"href":"https:\/\/akdenizhaber.com.tr\/index.php\/wp-json\/wp\/v2\/types\/post"}],"author":[{"embeddable":true,"href":"https:\/\/akdenizhaber.com.tr\/index.php\/wp-json\/wp\/v2\/users\/2"}],"replies":[{"embeddable":true,"href":"https:\/\/akdenizhaber.com.tr\/index.php\/wp-json\/wp\/v2\/comments?post=18097"}],"version-history":[{"count":0,"href":"https:\/\/akdenizhaber.com.tr\/index.php\/wp-json\/wp\/v2\/posts\/18097\/revisions"}],"wp:featuredmedia":[{"embeddable":true,"href":"https:\/\/akdenizhaber.com.tr\/index.php\/wp-json\/wp\/v2\/media\/18098"}],"wp:attachment":[{"href":"https:\/\/akdenizhaber.com.tr\/index.php\/wp-json\/wp\/v2\/media?parent=18097"}],"wp:term":[{"taxonomy":"category","embeddable":true,"href":"https:\/\/akdenizhaber.com.tr\/index.php\/wp-json\/wp\/v2\/categories?post=18097"},{"taxonomy":"post_tag","embeddable":true,"href":"https:\/\/akdenizhaber.com.tr\/index.php\/wp-json\/wp\/v2\/tags?post=18097"}],"curies":[{"name":"wp","href":"https:\/\/api.w.org\/{rel}","templated":true}]}}