{"id":18094,"date":"2023-11-27T13:21:15","date_gmt":"2023-11-27T10:21:15","guid":{"rendered":"https:\/\/akdenizhaber.com.tr\/?p=18094"},"modified":"2023-11-27T13:21:16","modified_gmt":"2023-11-27T10:21:16","slug":"ormanlari-korunmasi-yoruklere-verilmeli","status":"publish","type":"post","link":"https:\/\/akdenizhaber.com.tr\/index.php\/2023\/11\/27\/ormanlari-korunmasi-yoruklere-verilmeli\/","title":{"rendered":"Ormanlar\u0131 korunmas\u0131 Y\u00f6r\u00fcklere verilmeli!"},"content":{"rendered":"\n<p><\/p>\n\n\n\n<p>Toros Y\u00f6r\u00fckleri K\u00fclt\u00fcr ve Dayan\u0131\u015fma Platformu, ormanl\u0131k alanlar\u0131n korunmas\u0131n\u0131n Y\u00f6r\u00fck-T\u00fcrkmenler taraf\u0131ndan korunaca\u011f\u0131 100 Y\u0131l\u0131n yang\u0131n\u0131 Manavgat Orman yang\u0131n\u0131 ile yeniden g\u00f6r\u00fcld\u00fc\u011f\u00fcn\u00fc s\u00f6yl\u00fcyor.<\/p>\n\n\n\n<p>K\u0131rsal alanda ormanlar\u0131n korunmas\u0131n\u0131n ormanl\u0131k alanlara yak\u0131n alanda ya\u015fayan orman k\u00f6yl\u00fclerine verilmesi gerekti\u011fini belirten Manavgat-Serik Solakl\u0131 Y\u00f6r\u00fckleri Derne\u011fi ile Toros Y\u00f6r\u00fckleri Yard\u0131mla\u015fma ve Dayan\u0131\u015fma Platformu Ba\u015fkan\u0131 \u00d6mer G\u00fcrler, &#8220;\u0130ki y\u0131l \u00f6nce&nbsp; s\u00f6nd\u00fcr\u00fclmesi 10 g\u00fcn s\u00fcren tarihi Manavgat orman yang\u0131n\u0131nda ormanl\u0131k bu alanlar\u0131n korunmas\u0131 orman k\u00f6yl\u00fcleri ile k\u0131l ke\u00e7isi yeti\u015ftiren&nbsp; Y\u00f6r\u00fck ve T\u00fcrkmenlere verilmesi halinde yang\u0131n bu kadar geni\u015f bir alanda etkili olmazd\u0131. Yang\u0131n ormanl\u0131k alandan yerle\u015fim yerlerine s\u0131\u00e7ramazd\u0131. Y\u00f6r\u00fck ve T\u00fcrkmenler bir emanete canlar\u0131 pahas\u0131na sahip \u00e7\u0131kar. Tar\u0131m ve Orman Bakanl\u0131\u011f\u0131 taraf\u0131ndan yanan ormanl\u0131k alanlara \u00e7am fidan\u0131 yan \u0131s\u0131ra Yang\u0131na Dayan\u0131kl\u0131 A\u011fa\u00e7 dikimi te\u015fvik edilmelidir. Bu ba\u011flamda zeytin, defne, i\u011fde, harnup ( ke\u00e7i boynuzu ) ve i\u011fde a\u011fac\u0131 te\u015fvik edilmeli. Hem de k\u00f6yl\u00fc ve Y\u00f6r\u00fcklerin aile b\u00fct\u00e7esine katk\u0131da bulunmu\u015f olunur.&#8221; dedi.<\/p>\n\n\n\n<p>Haber\/Abdurrahman B\u00fcy\u00fckkeskin<\/p>\n","protected":false},"excerpt":{"rendered":"<p>Toros Y\u00f6r\u00fckleri K\u00fclt\u00fcr ve Dayan\u0131\u015fma Platformu, ormanl\u0131k alanlar\u0131n korunmas\u0131n\u0131n Y\u00f6r\u00fck-T\u00fcrkmenler taraf\u0131ndan korunaca\u011f\u0131 100 Y\u0131l\u0131n yang\u0131n\u0131 Manavgat Orman yang\u0131n\u0131 ile yeniden g\u00f6r\u00fcld\u00fc\u011f\u00fcn\u00fc s\u00f6yl\u00fcyor. K\u0131rsal alanda ormanlar\u0131n <a href=\"https:\/\/akdenizhaber.com.tr\/index.php\/2023\/11\/27\/ormanlari-korunmasi-yoruklere-verilmeli\/\" class=\"read-more-link\">[more&#8230;]<\/a><\/p>\n","protected":false},"author":2,"featured_media":18095,"comment_status":"open","ping_status":"open","sticky":false,"template":"","format":"standard","meta":{"footnotes":""},"categories":[2],"tags":[],"class_list":["post-18094","post","type-post","status-publish","format-standard","has-post-thumbnail","hentry","category-gundem"],"_links":{"self":[{"href":"https:\/\/akdenizhaber.com.tr\/index.php\/wp-json\/wp\/v2\/posts\/18094","targetHints":{"allow":["GET"]}}],"collection":[{"href":"https:\/\/akdenizhaber.com.tr\/index.php\/wp-json\/wp\/v2\/posts"}],"about":[{"href":"https:\/\/akdenizhaber.com.tr\/index.php\/wp-json\/wp\/v2\/types\/post"}],"author":[{"embeddable":true,"href":"https:\/\/akdenizhaber.com.tr\/index.php\/wp-json\/wp\/v2\/users\/2"}],"replies":[{"embeddable":true,"href":"https:\/\/akdenizhaber.com.tr\/index.php\/wp-json\/wp\/v2\/comments?post=18094"}],"version-history":[{"count":0,"href":"https:\/\/akdenizhaber.com.tr\/index.php\/wp-json\/wp\/v2\/posts\/18094\/revisions"}],"wp:featuredmedia":[{"embeddable":true,"href":"https:\/\/akdenizhaber.com.tr\/index.php\/wp-json\/wp\/v2\/media\/18095"}],"wp:attachment":[{"href":"https:\/\/akdenizhaber.com.tr\/index.php\/wp-json\/wp\/v2\/media?parent=18094"}],"wp:term":[{"taxonomy":"category","embeddable":true,"href":"https:\/\/akdenizhaber.com.tr\/index.php\/wp-json\/wp\/v2\/categories?post=18094"},{"taxonomy":"post_tag","embeddable":true,"href":"https:\/\/akdenizhaber.com.tr\/index.php\/wp-json\/wp\/v2\/tags?post=18094"}],"curies":[{"name":"wp","href":"https:\/\/api.w.org\/{rel}","templated":true}]}}