{"id":18081,"date":"2023-11-27T13:13:42","date_gmt":"2023-11-27T10:13:42","guid":{"rendered":"https:\/\/akdenizhaber.com.tr\/?p=18081"},"modified":"2023-11-27T13:13:43","modified_gmt":"2023-11-27T10:13:43","slug":"tugba-ozay-zeytinyagi-sifa-kaynagi","status":"publish","type":"post","link":"https:\/\/akdenizhaber.com.tr\/index.php\/2023\/11\/27\/tugba-ozay-zeytinyagi-sifa-kaynagi\/","title":{"rendered":"Tu\u011fba \u00d6zay: Zeytinya\u011f\u0131 \u015fifa kayna\u011f\u0131"},"content":{"rendered":"\n<p><\/p>\n\n\n\n<p>Manken ve sinema oyuncusu Tu\u011fba \u00d6zay, \u015fifa kayna\u011f\u0131 zeytin \u00fcretiminin yayg\u0131nla\u015ft\u0131r\u0131lmas\u0131 gerekti\u011fini s\u00f6yledi.<\/p>\n\n\n\n<p>Antalya&#8217;n\u0131n Manavgat il\u00e7esine ba\u011fl\u0131 Bucak\u015feyhler Mahallesi&#8217;nde bulunan Poyraz \u00e7iftli\u011finde zeytin yeti\u015ftiren \u00fcnl\u00fc manken Tu\u011fba \u00d6zay, yeti\u015ftirdi\u011fi zeytinleri den elde etti\u011fi zeytinya\u011f\u0131n\u0131 \u00d6zay Zeytinya\u011flar\u0131 ile TSE&#8217;den tescille\u015ftirip markala\u015ft\u0131rm\u0131\u015ft\u0131.&nbsp;<\/p>\n\n\n\n<p>Tu\u011fba \u00d6zay &#8220;\u00dclkemiz zeytin a\u011fac\u0131 ve zeytinya\u011f\u0131 \u00fcretiminde iyi durumda iletiliyor. Zeytin geneti\u011fi ile oynan\u0131lmayan tek \u015fifa kayna\u011f\u0131. Zeytinya\u011f\u0131 ge\u00e7mi\u015f as\u0131rlarda tedavide kullan\u0131lm\u0131\u015f bir ya\u011f. \u00dclkemizde termik santral i\u00e7in as\u0131rl\u0131k 100,200 ve 300 ya\u015f\u0131nda zeytin a\u011fa\u00e7lar\u0131n\u0131n kesilmesi beni derinden \u00fczd\u00fc. \u00dczmeye de devam ediyor.<\/p>\n\n\n\n<p>T\u00fcrkiye turizminde \u00fclkemizin ba\u015fkenti Antalya&#8217;n\u0131n co\u011frafi i\u015faretli &#8220;Tav\u015fan Y\u00fcre\u011fi &#8221; isimli zeytini var. Bu co\u011frafi i\u015faretli \u00fcr\u00fcn\u00fc &#8220;Tav\u015fan Y\u00fcre\u011fi zeytini&#8221; Antalya&#8217;da be\u015f y\u0131ld\u0131zl\u0131 otellerde turistlere ikram ile damak tad\u0131 turizmi ile tan\u0131\u015ft\u0131r\u0131lmal\u0131. &#8220;diye konu\u015ftu.<\/p>\n\n\n\n<p>Haber\/Abdurrahman B\u00fcy\u00fckkeskin&nbsp;&nbsp;<\/p>\n","protected":false},"excerpt":{"rendered":"<p>Manken ve sinema oyuncusu Tu\u011fba \u00d6zay, \u015fifa kayna\u011f\u0131 zeytin \u00fcretiminin yayg\u0131nla\u015ft\u0131r\u0131lmas\u0131 gerekti\u011fini s\u00f6yledi. Antalya&#8217;n\u0131n Manavgat il\u00e7esine ba\u011fl\u0131 Bucak\u015feyhler Mahallesi&#8217;nde bulunan Poyraz \u00e7iftli\u011finde zeytin yeti\u015ftiren \u00fcnl\u00fc <a href=\"https:\/\/akdenizhaber.com.tr\/index.php\/2023\/11\/27\/tugba-ozay-zeytinyagi-sifa-kaynagi\/\" class=\"read-more-link\">[more&#8230;]<\/a><\/p>\n","protected":false},"author":2,"featured_media":18082,"comment_status":"open","ping_status":"open","sticky":false,"template":"","format":"standard","meta":{"footnotes":""},"categories":[2],"tags":[],"class_list":["post-18081","post","type-post","status-publish","format-standard","has-post-thumbnail","hentry","category-gundem"],"_links":{"self":[{"href":"https:\/\/akdenizhaber.com.tr\/index.php\/wp-json\/wp\/v2\/posts\/18081","targetHints":{"allow":["GET"]}}],"collection":[{"href":"https:\/\/akdenizhaber.com.tr\/index.php\/wp-json\/wp\/v2\/posts"}],"about":[{"href":"https:\/\/akdenizhaber.com.tr\/index.php\/wp-json\/wp\/v2\/types\/post"}],"author":[{"embeddable":true,"href":"https:\/\/akdenizhaber.com.tr\/index.php\/wp-json\/wp\/v2\/users\/2"}],"replies":[{"embeddable":true,"href":"https:\/\/akdenizhaber.com.tr\/index.php\/wp-json\/wp\/v2\/comments?post=18081"}],"version-history":[{"count":0,"href":"https:\/\/akdenizhaber.com.tr\/index.php\/wp-json\/wp\/v2\/posts\/18081\/revisions"}],"wp:featuredmedia":[{"embeddable":true,"href":"https:\/\/akdenizhaber.com.tr\/index.php\/wp-json\/wp\/v2\/media\/18082"}],"wp:attachment":[{"href":"https:\/\/akdenizhaber.com.tr\/index.php\/wp-json\/wp\/v2\/media?parent=18081"}],"wp:term":[{"taxonomy":"category","embeddable":true,"href":"https:\/\/akdenizhaber.com.tr\/index.php\/wp-json\/wp\/v2\/categories?post=18081"},{"taxonomy":"post_tag","embeddable":true,"href":"https:\/\/akdenizhaber.com.tr\/index.php\/wp-json\/wp\/v2\/tags?post=18081"}],"curies":[{"name":"wp","href":"https:\/\/api.w.org\/{rel}","templated":true}]}}