{"id":18075,"date":"2023-11-27T13:11:49","date_gmt":"2023-11-27T10:11:49","guid":{"rendered":"https:\/\/akdenizhaber.com.tr\/?p=18075"},"modified":"2023-11-27T13:11:50","modified_gmt":"2023-11-27T10:11:50","slug":"iklim-degisikligi-cevre-krizi-ve-goc-formu-duzenleniyor","status":"publish","type":"post","link":"https:\/\/akdenizhaber.com.tr\/index.php\/2023\/11\/27\/iklim-degisikligi-cevre-krizi-ve-goc-formu-duzenleniyor\/","title":{"rendered":"\u201c\u0130klim De\u011fi\u015fikli\u011fi, \u00c7evre Krizi ve G\u00f6\u00e7\u201d Formu d\u00fczenleniyor"},"content":{"rendered":"\n<p><\/p>\n\n\n\n<p>\u201c\u0130klim De\u011fi\u015fikli\u011fi, \u00c7evre Krizi ve G\u00f6\u00e7\u201d konulu Uluslararas\u0131 Bilim Forumu Akdeniz \u00dcniversitesi ev sahipli\u011finde ger\u00e7ekle\u015ftirilecek. Yurti\u00e7inden ve yurtd\u0131\u015f\u0131ndan uzmanlar\u0131n \u00fc\u00e7 g\u00fcn boyunca iklim de\u011fi\u015fikli\u011fi ve sonu\u00e7lar\u0131n\u0131 tart\u0131\u015faca\u011f\u0131 program\u0131n tan\u0131t\u0131m\u0131 \u0130ktisadi ve \u0130dari Bilimler Fak\u00fcltesi Konferans Salonu\u2019nda yap\u0131ld\u0131. Alan\u0131nda T\u00fcrkiye\u2019de d\u00fczenlenen ilk uluslararas\u0131 zirve olacak etkinlik, Antalya B\u00fcy\u00fck\u015fehir Belediyesi, Kepez Belediyesi, Almanya merkezli T\u00fcrkiye Ara\u015ft\u0131rmalar\u0131 Merkezi, Antalya Tar\u0131m Konseyi, \u00c7evre ve \u0130klim De\u011fi\u015fikli\u011fi \u00d6\u011frenci Toplulu\u011fu\u2019nun da destekleriyle ger\u00e7ekle\u015fecek.<\/p>\n\n\n\n<p>ANA TEMA \u0130KL\u0130M DE\u011e\u0130\u015e\u0130KL\u0130\u011e\u0130, \u00c7EVRE KR\u0130Z\u0130 VE G\u00d6\u00c7<\/p>\n\n\n\n<p>Bas\u0131n Toplant\u0131s\u0131nda konu\u015fan Akdeniz \u00dcniversitesi Sosyal Politika ve G\u00f6\u00e7 \u00c7al\u0131\u015fmalar\u0131 Uygulama ve Ara\u015ft\u0131rma Merkezi(ASPAG) M\u00fcd\u00fcr\u00fc Prof. Dr. Erol Esen, \u0130klim De\u011fi\u015fikli\u011fi, \u00c7evre Krizi ve G\u00f6\u00e7 konuluAntalya Uluslararas\u0131 Bilim Forumunun (ANISF 2023) 29 Kas\u0131m &#8211; 1 Aral\u0131k 2023 tarihleri aras\u0131nda \u0130leti\u015fim Fak\u00fcltesi Konferans Salonu\u2019nda ger\u00e7ekle\u015ftirilece\u011fi bilgisini payla\u015farak, \u201cANISF-2023 prestijli bir uluslararas\u0131 ve disiplinler aras\u0131 etkinliktir. Temel amac\u0131, yerel ve k\u00fcresel sorunlara yenilik\u00e7i, s\u00fcrd\u00fcr\u00fclebilir ve adil \u00e7\u00f6z\u00fcmler \u00f6nermek \u00fczere \u00e7e\u015fitli \u00fclke ve sekt\u00f6rlerden uzmanlar\u0131 bir araya getiren i\u015fbirlik\u00e7i bir platform olu\u015fturmakt\u0131r. Ayr\u0131ca, ANISF-2023 bilgi \u00fcretimini ve yay\u0131lmas\u0131n\u0131 te\u015fvik etmeyi ama\u00e7lamaktad\u0131r. Forumun ana temalar\u0131 \u0130klim De\u011fi\u015fikli\u011fi, \u00c7evresel Kriz ve G\u00f6\u00e7 etraf\u0131nda olacakt\u0131r. Forum, ara\u015ft\u0131rmac\u0131lara, uzmanlara ve uygulay\u0131c\u0131lara, uluslararas\u0131 ve disiplinler aras\u0131 bir ba\u011flamda g\u00fcncel konular ve potansiyel \u00e7\u00f6z\u00fcmler \u00fczerine tart\u0131\u015fmalar y\u00fcr\u00fctmek i\u00e7in e\u015fsiz bir f\u0131rsat sunmaktad\u0131r.\u201d diye konu\u015ftu.<\/p>\n\n\n\n<p>T\u00dcRK\u0130YE&#8217;DE B\u0130R \u0130LKE \u0130MZA ATMAYI HEDEFL\u0130YOR<\/p>\n\n\n\n<p>ANISF-2023&#8217;\u00fcn amac\u0131n\u0131n, son y\u0131llarda t\u00fcm d\u00fcnya kamuoyunu me\u015fgul eden iklim de\u011fi\u015fikli\u011fi, \u00e7evresel de\u011fi\u015fimler ve g\u00f6\u00e7 s\u00fcre\u00e7lerini uluslararas\u0131 ve disiplinleraras\u0131 bir ortamda tart\u0131\u015fmak oldu\u011funu belirten ASPAG Merkez M\u00fcd\u00fcr\u00fc Prof. Dr. Erol Esen,\u201cANISF-2023&#8217;te ba\u015fta; \u0130klim de\u011fi\u015fikli\u011finin olas\u0131 sonu\u00e7lar\u0131, iklim De\u011fi\u015fikli\u011fi ve \u00c7evresel Felaketler, Biyo\u00e7e\u015fitlilik ve Ekosistemlere Etkisi, Ekonomik Etkileri, Sosyal Adalet, Savunmas\u0131z Topluluklar, \u0130klim De\u011fi\u015fikli\u011fine Diren\u00e7li Sosyal Yap\u0131 ve Sistemler, \u0130klime Diren\u00e7li Kentler, \u0130klim, Adalet, Etik ve Hak Temelli Yakla\u015f\u0131mlar, G\u00fcvenlik ve \u00c7at\u0131\u015fma gibi iklim de\u011fi\u015fikli\u011fi ile ilgili farkl\u0131 konularda bilimsel \u00e7al\u0131\u015fmalar yer almaktad\u0131r.Ara\u015ft\u0131rmac\u0131lar\u0131n yan\u0131 s\u0131ra uygulamadan gelen uzmanlar, program konusuyla ilgili sivil toplum ve uluslararas\u0131 kurulu\u015f temsilcileri ve karar vericileri de bulu\u015fturmay\u0131 hedefleyen ANISF &#8211; 2023, \u00fc\u00e7 g\u00fcn s\u00fcrecek. \u0130yi uygulama \u00f6rneklerinin tan\u0131t\u0131ld\u0131\u011f\u0131 ve \u00f6zellikle yeni ko\u015fullara uygun ve uyumlu \u00fcretim y\u00f6ntemlerinin ele al\u0131naca\u011f\u0131 program, bu alanda T\u00fcrkiye&#8217;de bir ilke imza atmay\u0131 hedefliyor.\u201d ifadelerini kulland\u0131.<\/p>\n\n\n\n<p>\u00c7EVRE KONUSUNDA \u00c7OK \u00d6NEML\u0130 \u00c7IKTILAR ALACA\u011eIZ<\/p>\n\n\n\n<p>Toplant\u0131ya kat\u0131lan Antalya B\u00fcy\u00fck\u015fehir Belediyesi \u00c7evre Kurulu Ba\u015fkan\u0131 \u00c7evre Y\u00fcksek M\u00fchendisi Lokman Atasoy \u201cAntalya Uluslararas\u0131 Bilim Forumu, her y\u0131l de\u011fi\u015fen konularla gelecekte bilim, uygulama, kamu, \u00f6zel sekt\u00f6r ve sivil toplum kurulu\u015flar\u0131n\u0131 uluslararas\u0131 ve disiplinleraras\u0131 bir platformda d\u00fczenli olarak bulu\u015fturmay\u0131 hedeflemektedir.ANISF-2023 kapsam\u0131nda \u00f6ng\u00f6r\u00fclen \u00fc\u00e7 g\u00fcnl\u00fck oturumlarda Antalya&#8217;da \u00e7a\u011fr\u0131l\u0131 ve davetli olmak \u00fczere 55 bildiri sunulacak ve birbirinden de\u011ferli uzman konu\u015fmac\u0131lar a\u011f\u0131rlanacakt\u0131r. Antalya\u2019m\u0131z\u0131n ilk defa b\u00f6yle bir konuda bilimsel bir foruma ev sahipli\u011fi yapmas\u0131n\u0131 \u00e7ok de\u011ferli buluyorum. Program sonunda \u00e7evre sorunlar\u0131 ve \u00e7\u00f6z\u00fcmleri konusunda \u00e7ok \u00f6nemli \u00e7\u0131kt\u0131lar alaca\u011f\u0131m\u0131za inan\u0131yorum.\u201d ifadelerini kulland\u0131.<\/p>\n\n\n\n<p>Akdeniz \u00dcniversitesi Sosyal Politika ve G\u00f6\u00e7 \u00c7al\u0131\u015fmalar\u0131 Uygulama ve Ara\u015ft\u0131rma Merkezi (ASPAG) y\u00fcr\u00fct\u00fcc\u00fcl\u00fc\u011f\u00fcnde 29 Kas\u0131m &#8211; 1 Aral\u0131k 2023 tarihlerinde ger\u00e7ekle\u015ftirilecek olan ANISF &#8211; 2023, Antalya B\u00fcy\u00fck\u015fehir Belediyesi ve T\u00fcrkiye Ara\u015ft\u0131rmalar\u0131 Merkezi (Almanya-Essen), ana ortakl\u0131\u011f\u0131nda d\u00fczenlenmektedir.<\/p>\n\n\n\n<p>Akdeniz \u00dcniversitesi Rekt\u00f6rl\u00fc\u011f\u00fc \/ B\u00fclten&nbsp;&nbsp;&nbsp;&nbsp;&nbsp;&nbsp;&nbsp;&nbsp;&nbsp;&nbsp;&nbsp;&nbsp;&nbsp;&nbsp;&nbsp;&nbsp;&nbsp;&nbsp;&nbsp;&nbsp;&nbsp;&nbsp;&nbsp;&nbsp;&nbsp;&nbsp;&nbsp;&nbsp;&nbsp;&nbsp;&nbsp;&nbsp;&nbsp;&nbsp;&nbsp;&nbsp;&nbsp;&nbsp;&nbsp;&nbsp;&nbsp;&nbsp;&nbsp;&nbsp;&nbsp;&nbsp;&nbsp;&nbsp;&nbsp;&nbsp;&nbsp;&nbsp;&nbsp;&nbsp;&nbsp;&nbsp;&nbsp;&nbsp;&nbsp;&nbsp;&nbsp;&nbsp;&nbsp;&nbsp;&nbsp;&nbsp;&nbsp;&nbsp;&nbsp;&nbsp;&nbsp;&nbsp;&nbsp;&nbsp;&nbsp;&nbsp;&nbsp;&nbsp;&nbsp;&nbsp;&nbsp;&nbsp;&nbsp;&nbsp;&nbsp;&nbsp;&nbsp;&nbsp;&nbsp;&nbsp;&nbsp;&nbsp;&nbsp;&nbsp;&nbsp;&nbsp;&nbsp;&nbsp;<\/p>\n","protected":false},"excerpt":{"rendered":"<p>\u201c\u0130klim De\u011fi\u015fikli\u011fi, \u00c7evre Krizi ve G\u00f6\u00e7\u201d konulu Uluslararas\u0131 Bilim Forumu Akdeniz \u00dcniversitesi ev sahipli\u011finde ger\u00e7ekle\u015ftirilecek. Yurti\u00e7inden ve yurtd\u0131\u015f\u0131ndan uzmanlar\u0131n \u00fc\u00e7 g\u00fcn boyunca iklim de\u011fi\u015fikli\u011fi ve <a href=\"https:\/\/akdenizhaber.com.tr\/index.php\/2023\/11\/27\/iklim-degisikligi-cevre-krizi-ve-goc-formu-duzenleniyor\/\" class=\"read-more-link\">[more&#8230;]<\/a><\/p>\n","protected":false},"author":2,"featured_media":18076,"comment_status":"open","ping_status":"open","sticky":false,"template":"","format":"standard","meta":{"footnotes":""},"categories":[2],"tags":[],"class_list":["post-18075","post","type-post","status-publish","format-standard","has-post-thumbnail","hentry","category-gundem"],"_links":{"self":[{"href":"https:\/\/akdenizhaber.com.tr\/index.php\/wp-json\/wp\/v2\/posts\/18075","targetHints":{"allow":["GET"]}}],"collection":[{"href":"https:\/\/akdenizhaber.com.tr\/index.php\/wp-json\/wp\/v2\/posts"}],"about":[{"href":"https:\/\/akdenizhaber.com.tr\/index.php\/wp-json\/wp\/v2\/types\/post"}],"author":[{"embeddable":true,"href":"https:\/\/akdenizhaber.com.tr\/index.php\/wp-json\/wp\/v2\/users\/2"}],"replies":[{"embeddable":true,"href":"https:\/\/akdenizhaber.com.tr\/index.php\/wp-json\/wp\/v2\/comments?post=18075"}],"version-history":[{"count":0,"href":"https:\/\/akdenizhaber.com.tr\/index.php\/wp-json\/wp\/v2\/posts\/18075\/revisions"}],"wp:featuredmedia":[{"embeddable":true,"href":"https:\/\/akdenizhaber.com.tr\/index.php\/wp-json\/wp\/v2\/media\/18076"}],"wp:attachment":[{"href":"https:\/\/akdenizhaber.com.tr\/index.php\/wp-json\/wp\/v2\/media?parent=18075"}],"wp:term":[{"taxonomy":"category","embeddable":true,"href":"https:\/\/akdenizhaber.com.tr\/index.php\/wp-json\/wp\/v2\/categories?post=18075"},{"taxonomy":"post_tag","embeddable":true,"href":"https:\/\/akdenizhaber.com.tr\/index.php\/wp-json\/wp\/v2\/tags?post=18075"}],"curies":[{"name":"wp","href":"https:\/\/api.w.org\/{rel}","templated":true}]}}