{"id":18072,"date":"2023-11-25T12:49:00","date_gmt":"2023-11-25T09:49:00","guid":{"rendered":"https:\/\/akdenizhaber.com.tr\/?p=18072"},"modified":"2023-11-25T14:09:50","modified_gmt":"2023-11-25T11:09:50","slug":"servis-otobusune-agac-devrildi-7-yarali","status":"publish","type":"post","link":"https:\/\/akdenizhaber.com.tr\/index.php\/2023\/11\/25\/servis-otobusune-agac-devrildi-7-yarali\/","title":{"rendered":"Servis otob\u00fcs\u00fcne a\u011fa\u00e7 devrildi 7 yaral\u0131"},"content":{"rendered":"\n<p><\/p>\n\n\n\n<p><\/p>\n\n\n\n<p>Manavgat\u2019ta hafta sonu ya\u015fanan f\u0131rt\u0131na neticesinde otel \u00e7al\u0131\u015fanlar\u0131n\u0131 ta\u015f\u0131yan servis otob\u00fcs\u00fcn\u00fcn \u00fczerine \u00e7am a\u011fac\u0131n\u0131n devrilmesi sonucu 7 ki\u015fi yaraland\u0131.<\/p>\n\n\n\n<p>\u0130l\u00e7ede hafta sonu etkisini g\u00f6stermeye ba\u015flayan ya\u011f\u0131\u015f ve \u015fiddetli r\u00fczgar nedeniyle Sorgun Mahallesi&#8217;nde ormanl\u0131k alanda bir \u00e7ok \u00e7am a\u011fac\u0131 devrildi, devrilen baz\u0131 a\u011fa\u00e7lar ve k\u0131r\u0131lan dallar\u0131 yollara savruldu.<\/p>\n\n\n\n<p>Titreyeng\u00f6l Caddesi&#8217;de otel \u00e7al\u0131\u015fanlar\u0131n\u0131 ta\u015f\u0131yan S. S.&#8217;in kulland\u0131\u011f\u0131 07 J 74969 plakal\u0131 servis otob\u00fcs\u00fcn\u00fcn \u00fczerine yerinden s\u00f6k\u00fclen bir a\u011fa\u00e7 devrildi.<\/p>\n\n\n\n<p>Devrilen a\u011fa\u00e7 nedeniyle servis otob\u00fcs\u00fcn\u00fcn \u00e7at\u0131s\u0131 \u00e7\u00f6kerken, serviste yolcu olarak bulunan 40 otel \u00e7al\u0131\u015fan\u0131ndan 7&#8217;si yaraland\u0131.<\/p>\n\n\n\n<p>\u0130hbar \u00fczerine olay yerine \u00e7ok say\u0131da ambulans, itfaiye ve polis ekibi sevk edildi.<\/p>\n\n\n\n<p>\u0130l\u00e7edeki \u00e7e\u015fitli hastanelere kald\u0131r\u0131lan yaral\u0131lar\u0131n sa\u011fl\u0131k durumlar\u0131n iyi oldu\u011fu belirtildi.<\/p>\n\n\n\n<p>Kaza ve devrilen a\u011fa\u00e7lardan dolay\u0131 kapanan Sorgun-Titreyeng\u00f6l yolunun daha sonra Manavgat Belediyesi ekipleri taraf\u0131ndan s\u00fcrd\u00fcr\u00fclen \u00e7al\u0131\u015fma ile yeniden trafi\u011fe a\u00e7\u0131ld\u0131.<\/p>\n\n\n\n<p>(Haber Merkezi)<\/p>\n","protected":false},"excerpt":{"rendered":"<p>Manavgat\u2019ta hafta sonu ya\u015fanan f\u0131rt\u0131na neticesinde otel \u00e7al\u0131\u015fanlar\u0131n\u0131 ta\u015f\u0131yan servis otob\u00fcs\u00fcn\u00fcn \u00fczerine \u00e7am a\u011fac\u0131n\u0131n devrilmesi sonucu 7 ki\u015fi yaraland\u0131. \u0130l\u00e7ede hafta sonu etkisini g\u00f6stermeye ba\u015flayan <a href=\"https:\/\/akdenizhaber.com.tr\/index.php\/2023\/11\/25\/servis-otobusune-agac-devrildi-7-yarali\/\" class=\"read-more-link\">[more&#8230;]<\/a><\/p>\n","protected":false},"author":2,"featured_media":18073,"comment_status":"open","ping_status":"open","sticky":false,"template":"","format":"standard","meta":{"footnotes":""},"categories":[2],"tags":[],"class_list":["post-18072","post","type-post","status-publish","format-standard","has-post-thumbnail","hentry","category-gundem"],"_links":{"self":[{"href":"https:\/\/akdenizhaber.com.tr\/index.php\/wp-json\/wp\/v2\/posts\/18072","targetHints":{"allow":["GET"]}}],"collection":[{"href":"https:\/\/akdenizhaber.com.tr\/index.php\/wp-json\/wp\/v2\/posts"}],"about":[{"href":"https:\/\/akdenizhaber.com.tr\/index.php\/wp-json\/wp\/v2\/types\/post"}],"author":[{"embeddable":true,"href":"https:\/\/akdenizhaber.com.tr\/index.php\/wp-json\/wp\/v2\/users\/2"}],"replies":[{"embeddable":true,"href":"https:\/\/akdenizhaber.com.tr\/index.php\/wp-json\/wp\/v2\/comments?post=18072"}],"version-history":[{"count":0,"href":"https:\/\/akdenizhaber.com.tr\/index.php\/wp-json\/wp\/v2\/posts\/18072\/revisions"}],"wp:featuredmedia":[{"embeddable":true,"href":"https:\/\/akdenizhaber.com.tr\/index.php\/wp-json\/wp\/v2\/media\/18073"}],"wp:attachment":[{"href":"https:\/\/akdenizhaber.com.tr\/index.php\/wp-json\/wp\/v2\/media?parent=18072"}],"wp:term":[{"taxonomy":"category","embeddable":true,"href":"https:\/\/akdenizhaber.com.tr\/index.php\/wp-json\/wp\/v2\/categories?post=18072"},{"taxonomy":"post_tag","embeddable":true,"href":"https:\/\/akdenizhaber.com.tr\/index.php\/wp-json\/wp\/v2\/tags?post=18072"}],"curies":[{"name":"wp","href":"https:\/\/api.w.org\/{rel}","templated":true}]}}