{"id":18059,"date":"2023-11-25T12:46:10","date_gmt":"2023-11-25T09:46:10","guid":{"rendered":"https:\/\/akdenizhaber.com.tr\/?p=18059"},"modified":"2023-11-25T12:46:11","modified_gmt":"2023-11-25T09:46:11","slug":"almanlarin-ilgi-odagi-tas-evler","status":"publish","type":"post","link":"https:\/\/akdenizhaber.com.tr\/index.php\/2023\/11\/25\/almanlarin-ilgi-odagi-tas-evler\/","title":{"rendered":"Almanlar\u0131n ilgi oda\u011f\u0131 Ta\u015f evler"},"content":{"rendered":"\n<p><\/p>\n\n\n\n<p>Avrupal\u0131 turistler ta\u015f evleri ziyaret ederek bir as\u0131r \u00f6nceki ya\u015fama yolculuk ediyor.<\/p>\n\n\n\n<p>Alman, Avusturya, Macar, \u0130ngiliz ve Kuzey Avrupa turistler bir as\u0131r \u00f6nce elektrik olmad\u0131\u011f\u0131 k\u00f6y ya\u015faman\u0131 merak eden turistler Antalya&#8217;n\u0131n Manavgat il\u00e7esi Ta\u015fa\u011f\u0131l Mahallesi&#8217;nde bulunan ta\u015f evleri ziyaret ediyor. Ta\u015fa\u011f\u0131l Muhtar\u0131 Ali Nail Arseven&#8217;in restore ettirip turizme a\u00e7t\u0131\u011f\u0131 \u00fc\u00e7 ta\u015f ev Alman ve Avrupal\u0131 turistlerin u\u011frak yeri oldu.<\/p>\n\n\n\n<p>Muhtar Ali Nail Arseven, ta\u015f evleri ziyarete gelen turistlere bir as\u0131r \u00f6nce Ta\u015fa\u011f\u0131lda ta\u015f evlerdeki ya\u015fam hakk\u0131nda bilgi verirken o d\u00f6nem \u00e7ocuklar\u0131n\u0131n me\u015fhur oyunu olan \u00e7ember \u00e7evirmeyi birlikte oynuyor.<\/p>\n\n\n\n<p>Pandemi de kesintiye u\u011frayan k\u00f6y turlar\u0131n\u0131n ge\u00e7en y\u0131l ve bu sene yeniden ba\u015flad\u0131\u011f\u0131n\u0131 belirten Kokartl\u0131 Profesyonel Turist Rehberi \u0130lkay \u00d6zen, &#8220;Avrupal\u0131 ve Alman turistler ziyareti ile Ta\u015fa\u011f\u0131lda ta\u015f evlerdeki bir as\u0131r \u00f6nceki ya\u015fama hayalen yolculuk ediyor&#8221; dedi.<\/p>\n\n\n\n<p>Haber\/Abdurrahman B\u00fcy\u00fckkeskin<\/p>\n","protected":false},"excerpt":{"rendered":"<p>Avrupal\u0131 turistler ta\u015f evleri ziyaret ederek bir as\u0131r \u00f6nceki ya\u015fama yolculuk ediyor. Alman, Avusturya, Macar, \u0130ngiliz ve Kuzey Avrupa turistler bir as\u0131r \u00f6nce elektrik olmad\u0131\u011f\u0131 <a href=\"https:\/\/akdenizhaber.com.tr\/index.php\/2023\/11\/25\/almanlarin-ilgi-odagi-tas-evler\/\" class=\"read-more-link\">[more&#8230;]<\/a><\/p>\n","protected":false},"author":2,"featured_media":18060,"comment_status":"open","ping_status":"open","sticky":false,"template":"","format":"standard","meta":{"footnotes":""},"categories":[2],"tags":[],"class_list":["post-18059","post","type-post","status-publish","format-standard","has-post-thumbnail","hentry","category-gundem"],"_links":{"self":[{"href":"https:\/\/akdenizhaber.com.tr\/index.php\/wp-json\/wp\/v2\/posts\/18059","targetHints":{"allow":["GET"]}}],"collection":[{"href":"https:\/\/akdenizhaber.com.tr\/index.php\/wp-json\/wp\/v2\/posts"}],"about":[{"href":"https:\/\/akdenizhaber.com.tr\/index.php\/wp-json\/wp\/v2\/types\/post"}],"author":[{"embeddable":true,"href":"https:\/\/akdenizhaber.com.tr\/index.php\/wp-json\/wp\/v2\/users\/2"}],"replies":[{"embeddable":true,"href":"https:\/\/akdenizhaber.com.tr\/index.php\/wp-json\/wp\/v2\/comments?post=18059"}],"version-history":[{"count":0,"href":"https:\/\/akdenizhaber.com.tr\/index.php\/wp-json\/wp\/v2\/posts\/18059\/revisions"}],"wp:featuredmedia":[{"embeddable":true,"href":"https:\/\/akdenizhaber.com.tr\/index.php\/wp-json\/wp\/v2\/media\/18060"}],"wp:attachment":[{"href":"https:\/\/akdenizhaber.com.tr\/index.php\/wp-json\/wp\/v2\/media?parent=18059"}],"wp:term":[{"taxonomy":"category","embeddable":true,"href":"https:\/\/akdenizhaber.com.tr\/index.php\/wp-json\/wp\/v2\/categories?post=18059"},{"taxonomy":"post_tag","embeddable":true,"href":"https:\/\/akdenizhaber.com.tr\/index.php\/wp-json\/wp\/v2\/tags?post=18059"}],"curies":[{"name":"wp","href":"https:\/\/api.w.org\/{rel}","templated":true}]}}