{"id":18053,"date":"2023-11-25T12:45:04","date_gmt":"2023-11-25T09:45:04","guid":{"rendered":"https:\/\/akdenizhaber.com.tr\/?p=18053"},"modified":"2023-11-25T12:45:05","modified_gmt":"2023-11-25T09:45:05","slug":"ogretmenler-gunu-cesitli-etkinliklerle-kutlandi","status":"publish","type":"post","link":"https:\/\/akdenizhaber.com.tr\/index.php\/2023\/11\/25\/ogretmenler-gunu-cesitli-etkinliklerle-kutlandi\/","title":{"rendered":"\u00d6\u011fretmenler G\u00fcn\u00fc \u00c7e\u015fitli Etkinliklerle Kutland\u0131"},"content":{"rendered":"\n<p><\/p>\n\n\n\n<p>24 Kas\u0131m \u00d6\u011fretmenler G\u00fcn\u00fc kutlama etkinlikleri kapsam\u0131nda Cumhuriyet meydan\u0131ndaki Atat\u00fcrk an\u0131t\u0131na \u00e7elenk koyma t\u00f6reninin ard\u0131ndan kutlamalara Atat\u00fcrk K\u00fclt\u00fcr Merkezinde devam edildi.<\/p>\n\n\n\n<p>Buradaki programda \u0130l\u00e7e Milli E\u011fitim M\u00fcd\u00fcr\u00fc Fatih T\u00fcrk\u00f6z g\u00fcn\u00fcn anlam ve \u00f6nemini belirten bir konu\u015fma yapt\u0131. \u00d6\u011frenciler taraf\u0131ndan \u015fiirler okundu, \u015fark\u0131lar s\u00f6ylendi.&nbsp; Emekli olan \u00f6\u011fretmenlere Kaymakam Adil Karata\u015f taraf\u0131ndan Hizmet \u015eeref Belgeleri takdim edildi. Stajyerli\u011fi kalkan \u00f6\u011fretmenlerin yemin merasiminin ard\u0131ndan, yine \u00f6\u011fretmenlerin yer ald\u0131\u011f\u0131 halk oyunu ekiplerinin g\u00f6sterileri ger\u00e7ekle\u015ftirildi. \u00d6\u011fretmenler G\u00fcn\u00fc m\u00fcnasebetiyle d\u00fczenlenen \u2018\u2019T\u00fcrkiye Y\u00fczy\u0131l\u0131n\u0131n \u00f6\u011fretmenleri&#8221; konulu \u015fiir, kompozisyon ve resim yar\u0131\u015fmalar\u0131nda dereceye giren \u00f6\u011frencilere \u00f6d\u00fclleri takdim edildi.<\/p>\n\n\n\n<p>\u00d6te yandan kutlamalar dahilinde hafta boyunca \u015fehit \u00f6\u011fretmenler ve ebediyete intikal etmi\u015f \u00f6\u011fretmenler i\u00e7in d\u00fczenlenen hatim programlar\u0131n\u0131n duas\u0131 Manavgat Anadolu \u0130mam Hatip Lisesi koordinat\u00f6rl\u00fc\u011f\u00fcnde Manavgat K\u00fclliye camiinde yap\u0131ld\u0131.<\/p>\n\n\n\n<p>Yine emekli \u00f6\u011fretmenleri temsilen se\u00e7ilen bir emekli \u00f6\u011fretmen de evinde ziyaret edilerek onore edildi.<\/p>\n\n\n\n<p>(Haber Merkezi)<\/p>\n","protected":false},"excerpt":{"rendered":"<p>24 Kas\u0131m \u00d6\u011fretmenler G\u00fcn\u00fc kutlama etkinlikleri kapsam\u0131nda Cumhuriyet meydan\u0131ndaki Atat\u00fcrk an\u0131t\u0131na \u00e7elenk koyma t\u00f6reninin ard\u0131ndan kutlamalara Atat\u00fcrk K\u00fclt\u00fcr Merkezinde devam edildi. Buradaki programda \u0130l\u00e7e Milli <a href=\"https:\/\/akdenizhaber.com.tr\/index.php\/2023\/11\/25\/ogretmenler-gunu-cesitli-etkinliklerle-kutlandi\/\" class=\"read-more-link\">[more&#8230;]<\/a><\/p>\n","protected":false},"author":2,"featured_media":18054,"comment_status":"open","ping_status":"open","sticky":false,"template":"","format":"standard","meta":{"footnotes":""},"categories":[2],"tags":[],"class_list":["post-18053","post","type-post","status-publish","format-standard","has-post-thumbnail","hentry","category-gundem"],"_links":{"self":[{"href":"https:\/\/akdenizhaber.com.tr\/index.php\/wp-json\/wp\/v2\/posts\/18053","targetHints":{"allow":["GET"]}}],"collection":[{"href":"https:\/\/akdenizhaber.com.tr\/index.php\/wp-json\/wp\/v2\/posts"}],"about":[{"href":"https:\/\/akdenizhaber.com.tr\/index.php\/wp-json\/wp\/v2\/types\/post"}],"author":[{"embeddable":true,"href":"https:\/\/akdenizhaber.com.tr\/index.php\/wp-json\/wp\/v2\/users\/2"}],"replies":[{"embeddable":true,"href":"https:\/\/akdenizhaber.com.tr\/index.php\/wp-json\/wp\/v2\/comments?post=18053"}],"version-history":[{"count":0,"href":"https:\/\/akdenizhaber.com.tr\/index.php\/wp-json\/wp\/v2\/posts\/18053\/revisions"}],"wp:featuredmedia":[{"embeddable":true,"href":"https:\/\/akdenizhaber.com.tr\/index.php\/wp-json\/wp\/v2\/media\/18054"}],"wp:attachment":[{"href":"https:\/\/akdenizhaber.com.tr\/index.php\/wp-json\/wp\/v2\/media?parent=18053"}],"wp:term":[{"taxonomy":"category","embeddable":true,"href":"https:\/\/akdenizhaber.com.tr\/index.php\/wp-json\/wp\/v2\/categories?post=18053"},{"taxonomy":"post_tag","embeddable":true,"href":"https:\/\/akdenizhaber.com.tr\/index.php\/wp-json\/wp\/v2\/tags?post=18053"}],"curies":[{"name":"wp","href":"https:\/\/api.w.org\/{rel}","templated":true}]}}