{"id":18031,"date":"2023-11-24T13:25:40","date_gmt":"2023-11-24T10:25:40","guid":{"rendered":"https:\/\/akdenizhaber.com.tr\/?p=18031"},"modified":"2023-11-24T13:25:40","modified_gmt":"2023-11-24T10:25:40","slug":"ogretmenler-gunu-kutlandi","status":"publish","type":"post","link":"https:\/\/akdenizhaber.com.tr\/index.php\/2023\/11\/24\/ogretmenler-gunu-kutlandi\/","title":{"rendered":"\u00d6\u011fretmenler G\u00fcn\u00fc Kutland\u0131"},"content":{"rendered":"\n<p><\/p>\n\n\n\n<p>24 Kas\u0131m \u00d6\u011fretmenler G\u00fcn\u00fc dolay\u0131s\u0131yla Manavgat Cumhuriyet Meydan\u0131\u2019nda \u00e7elenk sunma t\u00f6reni yap\u0131ld\u0131.<\/p>\n\n\n\n<p>Cumhuriyetimizin kurucusu Gazi Mustafa Kemal Atat\u00fcrk&#8217;e 24 Kas\u0131m 1928 y\u0131l\u0131nda \u201cBa\u015f\u00f6\u011fretmen\u201d \u00fcnvan\u0131 verilmesi sebebiyle, 1981 y\u0131l\u0131ndan bu yana her y\u0131l \u201c\u00d6\u011fretmenler G\u00fcn\u00fc\u201d olarak kutlanan 24 Kas\u0131m \u00d6\u011fretmenler G\u00fcn\u00fc bu y\u0131l da Manavgat\u2019ta yap\u0131lan t\u00f6renlerle kutland\u0131.<\/p>\n\n\n\n<p>Kutlamalar dolay\u0131s\u0131yla Cumhuriyet Meydan\u0131\u2019nda \u0130l\u00e7e Milli E\u011fitim M\u00fcd\u00fcrl\u00fc\u011f\u00fc taraf\u0131ndan t\u00f6ren d\u00fczenlendi.<\/p>\n\n\n\n<p>Manavgat \u0130l\u00e7e illi E\u011fitim M\u00fcd\u00fcr\u00fc Fatih T\u00fcrk\u00f6z, milli e\u011fitim y\u00f6neticileri, okul m\u00fcd\u00fcrleri, \u00f6\u011fretmenler ve \u00f6\u011frencilerin kat\u0131ld\u0131\u011f\u0131 t\u00f6rende Manavgat Cumhuriyet Meydan\u0131\u2019ndaki Atat\u00fcrk an\u0131t\u0131na \u00e7elenk sunuldu.<\/p>\n\n\n\n<p>T\u00f6ren sayg\u0131 duru\u015funda bulunulmas\u0131 ve \u0130stiklal Mar\u015f\u0131n\u0131n okunmas\u0131yla son buldu. T\u00f6renin ard\u0131ndan \u00f6\u011frenciler ve \u00f6\u011fretmenler Cumhuriyet Meydan\u0131\u2019ndan Atat\u00fcrk K\u00fclt\u00fcr Merkezi\u2019ne (AKM) kadar kortej y\u00fcr\u00fcy\u00fc\u015f\u00fc ger\u00e7ekle\u015ftirdi.<\/p>\n\n\n\n<p>(Haber Merkezi)<\/p>\n","protected":false},"excerpt":{"rendered":"<p>24 Kas\u0131m \u00d6\u011fretmenler G\u00fcn\u00fc dolay\u0131s\u0131yla Manavgat Cumhuriyet Meydan\u0131\u2019nda \u00e7elenk sunma t\u00f6reni yap\u0131ld\u0131. Cumhuriyetimizin kurucusu Gazi Mustafa Kemal Atat\u00fcrk&#8217;e 24 Kas\u0131m 1928 y\u0131l\u0131nda \u201cBa\u015f\u00f6\u011fretmen\u201d \u00fcnvan\u0131 verilmesi <a href=\"https:\/\/akdenizhaber.com.tr\/index.php\/2023\/11\/24\/ogretmenler-gunu-kutlandi\/\" class=\"read-more-link\">[more&#8230;]<\/a><\/p>\n","protected":false},"author":2,"featured_media":18032,"comment_status":"open","ping_status":"open","sticky":false,"template":"","format":"standard","meta":{"footnotes":""},"categories":[2],"tags":[],"class_list":["post-18031","post","type-post","status-publish","format-standard","has-post-thumbnail","hentry","category-gundem"],"_links":{"self":[{"href":"https:\/\/akdenizhaber.com.tr\/index.php\/wp-json\/wp\/v2\/posts\/18031","targetHints":{"allow":["GET"]}}],"collection":[{"href":"https:\/\/akdenizhaber.com.tr\/index.php\/wp-json\/wp\/v2\/posts"}],"about":[{"href":"https:\/\/akdenizhaber.com.tr\/index.php\/wp-json\/wp\/v2\/types\/post"}],"author":[{"embeddable":true,"href":"https:\/\/akdenizhaber.com.tr\/index.php\/wp-json\/wp\/v2\/users\/2"}],"replies":[{"embeddable":true,"href":"https:\/\/akdenizhaber.com.tr\/index.php\/wp-json\/wp\/v2\/comments?post=18031"}],"version-history":[{"count":0,"href":"https:\/\/akdenizhaber.com.tr\/index.php\/wp-json\/wp\/v2\/posts\/18031\/revisions"}],"wp:featuredmedia":[{"embeddable":true,"href":"https:\/\/akdenizhaber.com.tr\/index.php\/wp-json\/wp\/v2\/media\/18032"}],"wp:attachment":[{"href":"https:\/\/akdenizhaber.com.tr\/index.php\/wp-json\/wp\/v2\/media?parent=18031"}],"wp:term":[{"taxonomy":"category","embeddable":true,"href":"https:\/\/akdenizhaber.com.tr\/index.php\/wp-json\/wp\/v2\/categories?post=18031"},{"taxonomy":"post_tag","embeddable":true,"href":"https:\/\/akdenizhaber.com.tr\/index.php\/wp-json\/wp\/v2\/tags?post=18031"}],"curies":[{"name":"wp","href":"https:\/\/api.w.org\/{rel}","templated":true}]}}