{"id":18004,"date":"2023-11-24T13:20:25","date_gmt":"2023-11-24T10:20:25","guid":{"rendered":"https:\/\/akdenizhaber.com.tr\/?p=18004"},"modified":"2023-11-24T13:20:26","modified_gmt":"2023-11-24T10:20:26","slug":"yabanci-turist-kutuphanesi","status":"publish","type":"post","link":"https:\/\/akdenizhaber.com.tr\/index.php\/2023\/11\/24\/yabanci-turist-kutuphanesi\/","title":{"rendered":"Yabanc\u0131 turist k\u00fct\u00fcphanesi"},"content":{"rendered":"\n<p><\/p>\n\n\n\n<p>\u0130l\u00e7emizde turizm sezonu sona erdi. Alman ve Avrupal\u0131 turistler ortalama 8 ile 10 g\u00fcnl\u00fck tatil s\u00fcresi i\u00e7in \u00fclkelerinden okumak i\u00e7in en az iki kitap getiriyor.<\/p>\n\n\n\n<p>Alman ve Avrupal\u0131 turistler okumak i\u00e7in getirdikleri \u0130ngilizce Almanca, Felemenk\u00e7e, Frans\u0131zca , \u0130talyanca &#8216; Norve\u00e7\u00e7e&nbsp; ve \u0130sve\u00e7\u00e7e dillerde yaz\u0131lan kitaplar\u0131 okuduktan sonra otele b\u0131rak\u0131yor.<\/p>\n\n\n\n<p>Baz\u0131 oteller turistlerin okuyup b\u0131rakt\u0131\u011f\u0131 kitaplar\u0131 geri d\u00f6n\u00fc\u015f\u00fcme verirken, baz\u0131 otellerde ba\u015fka kitap severlerin okumas\u0131 i\u00e7in otel i\u00e7inde &#8221; Turist K\u00fct\u00fcphanesi &#8221; kuruyor.<\/p>\n\n\n\n<p>Manavgat&#8217;ta turizm sezonu sona erince oteller turistlerin okuyup \u00fclkelerine geri g\u00f6t\u00fcrmedikleri kitaplar\u0131 otellerden toplad\u0131klar\u0131n\u0131 belirten \u00c7etin Kitapevi &amp; Kitap Kafe Sahibi Devrim \u00c7etin,&#8221; Toplad\u0131\u011f\u0131m\u0131z kitaplardan Manavgat&#8217;ta yerle\u015fik yabanc\u0131lar ile yabanc\u0131 dil bilen okuyucular i\u00e7in 5 bin kitapl\u0131k Yerle\u015fik Yabanc\u0131lar K\u00fct\u00fcphanesi kurduk. En g\u00fczel eylem ve erdem kitap okumakt\u0131r. Zaten y\u00fcce dinimizin ilk emri de \u0130kra(Oku), Avrupa insan\u0131 bunu yap\u0131yor da biz niye dinimizin ilk emrini yerine getiriyoruz?&#8221; diye konu\u015ftu.<\/p>\n\n\n\n<p>Haber\/Abdurrahman B\u00fcy\u00fckkeskin<\/p>\n","protected":false},"excerpt":{"rendered":"<p>\u0130l\u00e7emizde turizm sezonu sona erdi. Alman ve Avrupal\u0131 turistler ortalama 8 ile 10 g\u00fcnl\u00fck tatil s\u00fcresi i\u00e7in \u00fclkelerinden okumak i\u00e7in en az iki kitap getiriyor. <a href=\"https:\/\/akdenizhaber.com.tr\/index.php\/2023\/11\/24\/yabanci-turist-kutuphanesi\/\" class=\"read-more-link\">[more&#8230;]<\/a><\/p>\n","protected":false},"author":2,"featured_media":18005,"comment_status":"open","ping_status":"open","sticky":false,"template":"","format":"standard","meta":{"footnotes":""},"categories":[2],"tags":[],"class_list":["post-18004","post","type-post","status-publish","format-standard","has-post-thumbnail","hentry","category-gundem"],"_links":{"self":[{"href":"https:\/\/akdenizhaber.com.tr\/index.php\/wp-json\/wp\/v2\/posts\/18004","targetHints":{"allow":["GET"]}}],"collection":[{"href":"https:\/\/akdenizhaber.com.tr\/index.php\/wp-json\/wp\/v2\/posts"}],"about":[{"href":"https:\/\/akdenizhaber.com.tr\/index.php\/wp-json\/wp\/v2\/types\/post"}],"author":[{"embeddable":true,"href":"https:\/\/akdenizhaber.com.tr\/index.php\/wp-json\/wp\/v2\/users\/2"}],"replies":[{"embeddable":true,"href":"https:\/\/akdenizhaber.com.tr\/index.php\/wp-json\/wp\/v2\/comments?post=18004"}],"version-history":[{"count":0,"href":"https:\/\/akdenizhaber.com.tr\/index.php\/wp-json\/wp\/v2\/posts\/18004\/revisions"}],"wp:featuredmedia":[{"embeddable":true,"href":"https:\/\/akdenizhaber.com.tr\/index.php\/wp-json\/wp\/v2\/media\/18005"}],"wp:attachment":[{"href":"https:\/\/akdenizhaber.com.tr\/index.php\/wp-json\/wp\/v2\/media?parent=18004"}],"wp:term":[{"taxonomy":"category","embeddable":true,"href":"https:\/\/akdenizhaber.com.tr\/index.php\/wp-json\/wp\/v2\/categories?post=18004"},{"taxonomy":"post_tag","embeddable":true,"href":"https:\/\/akdenizhaber.com.tr\/index.php\/wp-json\/wp\/v2\/tags?post=18004"}],"curies":[{"name":"wp","href":"https:\/\/api.w.org\/{rel}","templated":true}]}}