{"id":17998,"date":"2023-11-24T13:18:55","date_gmt":"2023-11-24T10:18:55","guid":{"rendered":"https:\/\/akdenizhaber.com.tr\/?p=17998"},"modified":"2023-11-24T13:18:55","modified_gmt":"2023-11-24T10:18:55","slug":"tropikal-meyvelerin-uretimi-planlanmali","status":"publish","type":"post","link":"https:\/\/akdenizhaber.com.tr\/index.php\/2023\/11\/24\/tropikal-meyvelerin-uretimi-planlanmali\/","title":{"rendered":"Tropikal meyvelerin \u00fcretimi planlanmal\u0131"},"content":{"rendered":"\n<p><\/p>\n\n\n\n<p>\u0130T\u00dc \u0130klim De\u011fi\u015fikli\u011fi Ara\u015ft\u0131rma ve Uygulama Merkezi M\u00fcd\u00fcr\u00fc Prof. Dr. Mikdat Kad\u0131o\u011flu, tropikal meyve yeti\u015ftiricili\u011finin yeralt\u0131 ve yer\u00fcst\u00fc su kaynaklar\u0131 \u00fczerinde b\u00fcy\u00fck bask\u0131 yaratt\u0131\u011f\u0131n\u0131 avokado, mango gibi tropikal meyvelerin \u00fcretiminin planlanmas\u0131 gerekti\u011fini s\u00f6yledi, \u201cAlanya muzuyla idare edin\u201d dedi.<\/p>\n\n\n\n<p>Antalya\u2019da Muratpa\u015fa Belediyesi\u2019nin bu y\u0131l \u2018Ye\u015file D\u00f6nmek\u2019 temas\u0131yla 3\u2019\u00fcnc\u00fcs\u00fcn\u00fc d\u00fczenledi\u011fi \u2018+0.5 Akdeniz\u2019in Gelece\u011fi\u2019 \u00c7evre \u00c7al\u0131\u015ftay\u0131, \u0130T\u00dc \u0130klim De\u011fi\u015fikli\u011fi Ara\u015ft\u0131rma ve Uygulama Merkezi M\u00fcd\u00fcr\u00fc Prof. Dr. Mikdat Kad\u0131o\u011flu\u2019nun \u2018Kentlerde iklim risk y\u00f6netimi\u2019 konferans\u0131yla ba\u015flad\u0131.<br><br>Prof. Dr. Kad\u0131o\u011flu, T\u00fcrkiye\u2019nin y\u0131lda ortalama 112 milyar metrek\u00fcpl\u00fck potansiyeliyle su stresi \u00e7eken bir \u00fclke oldu\u011funa dikkat \u00e7ekti. Antalya b\u00f6lgesinde \u00f6zelinde tropikal meyve yeti\u015ftiricili\u011finin yeralt\u0131 ve yer\u00fcst\u00fc su kaynaklar\u0131 \u00fczerinde b\u00fcy\u00fck bask\u0131 yaratt\u0131\u011f\u0131n\u0131 dile getiren Prof. Dr. Kad\u0131o\u011flu, avokado, mango gibi tropikal meyvelerin \u00fcretiminin planlanmas\u0131 gerekti\u011fini s\u00f6yledi. Prof. Dr. Kad\u0131o\u011flu, \u201cAlanya muzuyla idare edin\u201d dedi.<br><br>Prof. Dr. Kad\u0131o\u011flu, ayr\u0131ca, kentsel d\u00f6n\u00fc\u015f\u00fcm \u00e7al\u0131\u015fmalar\u0131n\u0131n da iklime duyarl\u0131 bir bak\u0131\u015fla ele al\u0131nmas\u0131 gerekti\u011finin alt\u0131n\u0131 \u00e7izdi. 2100 y\u0131l\u0131na kadar hava s\u0131cakl\u0131klar\u0131nda 4-7 derece aras\u0131nda art\u0131\u015f beklendi\u011finin alt\u0131n\u0131 \u00e7izen Prof. Dr. Kad\u0131o\u011flu, kentsel d\u00f6n\u00fc\u015f\u00fcm \u00e7al\u0131\u015fmalar\u0131nda cadde ve sokak planlar\u0131nda, kat y\u00fcksekliklerinde do\u011fal havaland\u0131rman\u0131n geli\u015ftirilmesi gerekti\u011fini s\u00f6yledi. Kad\u0131o\u011flu, beklenen bu s\u0131cakl\u0131k art\u0131\u015f\u0131n\u0131n ayn\u0131 zamanda mevsimsel turizm hareketlerinde de\u011fi\u015fime neden olaca\u011f\u0131n\u0131 belirterek Antalya\u2019n\u0131n \u00f6zellikle yayla turizmi olmak \u00fczere turizmde \u00e7e\u015fitlili\u011fe gitmesi gerekti\u011fini ifade etti.<br><br>\u00c7al\u0131\u015ftay\u0131n a\u00e7\u0131l\u0131\u015f\u0131nda ayr\u0131ca Muratpa\u015fa Belediyesi Ba\u015fkanvekili H\u00fcseyin Sar\u0131 da belediyenin y\u00fcz\u00fcn\u00fc \u2018ye\u015file\u2019 d\u00f6nen \u00e7al\u0131\u015fmalar\u0131ndan ba\u015fl\u0131klar payla\u015ft\u0131. Muratpa\u015fa Belediyesi\u2019nin 2030 y\u0131l\u0131na kadar yetki b\u00f6lgelerinde sera gaz\u0131 emisyonunu y\u00fczde 40 azaltmay\u0131 ve iklim de\u011fi\u015fikli\u011fine kar\u015f\u0131 \u00f6nlemler almay\u0131 taahh\u00fct eden \u2018Avrupa Belediye Ba\u015fkanlar\u0131 \u0130klim ve Enerji S\u00f6zle\u015fmesi\u2019ne taraf oldu\u011funu belirten Sar\u0131, k\u0131sa ad\u0131 SECAP olan Muratpa\u015fa Belediyesi Kurumsal Enerji ve \u0130klim Eylem Plan\u0131 haz\u0131rlayan Antalya\u2019n\u0131n ilk il\u00e7e belediye olduklar\u0131n\u0131 s\u00f6zlerine ekledi.<br><br>T\u00fcrkan \u015eoray K\u00fclt\u00fcr Merkezi\u2019nde ger\u00e7ekle\u015fen \u00e7evre \u00e7al\u0131\u015ftay\u0131nda ikinci g\u00fcn, aralar\u0131nda \u0130stanbul, \u0130zmir B\u00fcy\u00fck\u015fehir Belediyelerinin de oldu\u011fu 16 belediye \u2018Ye\u015file D\u00f6nebilmek i\u00e7in Belediye Uygulamalar\u0131\u2019 ba\u015fl\u0131kl\u0131 oturumda iklim kriziyle m\u00fccadele i\u00e7in geli\u015ftirdikleri projeleri sunacaklar\u0131 oturumla devam edecek.<\/p>\n\n\n\n<p>Muratpa\u015fa Belediyesi \/ B\u00fclten<\/p>\n","protected":false},"excerpt":{"rendered":"<p>\u0130T\u00dc \u0130klim De\u011fi\u015fikli\u011fi Ara\u015ft\u0131rma ve Uygulama Merkezi M\u00fcd\u00fcr\u00fc Prof. Dr. Mikdat Kad\u0131o\u011flu, tropikal meyve yeti\u015ftiricili\u011finin yeralt\u0131 ve yer\u00fcst\u00fc su kaynaklar\u0131 \u00fczerinde b\u00fcy\u00fck bask\u0131 yaratt\u0131\u011f\u0131n\u0131 avokado, <a href=\"https:\/\/akdenizhaber.com.tr\/index.php\/2023\/11\/24\/tropikal-meyvelerin-uretimi-planlanmali\/\" class=\"read-more-link\">[more&#8230;]<\/a><\/p>\n","protected":false},"author":2,"featured_media":17999,"comment_status":"open","ping_status":"open","sticky":false,"template":"","format":"standard","meta":{"footnotes":""},"categories":[2],"tags":[],"class_list":["post-17998","post","type-post","status-publish","format-standard","has-post-thumbnail","hentry","category-gundem"],"_links":{"self":[{"href":"https:\/\/akdenizhaber.com.tr\/index.php\/wp-json\/wp\/v2\/posts\/17998","targetHints":{"allow":["GET"]}}],"collection":[{"href":"https:\/\/akdenizhaber.com.tr\/index.php\/wp-json\/wp\/v2\/posts"}],"about":[{"href":"https:\/\/akdenizhaber.com.tr\/index.php\/wp-json\/wp\/v2\/types\/post"}],"author":[{"embeddable":true,"href":"https:\/\/akdenizhaber.com.tr\/index.php\/wp-json\/wp\/v2\/users\/2"}],"replies":[{"embeddable":true,"href":"https:\/\/akdenizhaber.com.tr\/index.php\/wp-json\/wp\/v2\/comments?post=17998"}],"version-history":[{"count":0,"href":"https:\/\/akdenizhaber.com.tr\/index.php\/wp-json\/wp\/v2\/posts\/17998\/revisions"}],"wp:featuredmedia":[{"embeddable":true,"href":"https:\/\/akdenizhaber.com.tr\/index.php\/wp-json\/wp\/v2\/media\/17999"}],"wp:attachment":[{"href":"https:\/\/akdenizhaber.com.tr\/index.php\/wp-json\/wp\/v2\/media?parent=17998"}],"wp:term":[{"taxonomy":"category","embeddable":true,"href":"https:\/\/akdenizhaber.com.tr\/index.php\/wp-json\/wp\/v2\/categories?post=17998"},{"taxonomy":"post_tag","embeddable":true,"href":"https:\/\/akdenizhaber.com.tr\/index.php\/wp-json\/wp\/v2\/tags?post=17998"}],"curies":[{"name":"wp","href":"https:\/\/api.w.org\/{rel}","templated":true}]}}