{"id":17968,"date":"2023-11-23T13:26:13","date_gmt":"2023-11-23T10:26:13","guid":{"rendered":"https:\/\/akdenizhaber.com.tr\/?p=17968"},"modified":"2023-11-23T13:26:14","modified_gmt":"2023-11-23T10:26:14","slug":"ibradi-belediye-baskani-av-serkan-kucukkuru-24-kasim-ogretmenler-gunu-kutlu-olsun","status":"publish","type":"post","link":"https:\/\/akdenizhaber.com.tr\/index.php\/2023\/11\/23\/ibradi-belediye-baskani-av-serkan-kucukkuru-24-kasim-ogretmenler-gunu-kutlu-olsun\/","title":{"rendered":"\u0130brad\u0131 Belediye Ba\u015fkan\u0131 Av. Serkan K\u00fc\u00e7\u00fckkuru; \u201c24 Kas\u0131m \u00d6\u011fretmenler G\u00fcn\u00fc Kutlu Olsun\u201d"},"content":{"rendered":"\n<p><\/p>\n\n\n\n<p>\u0130brad\u0131 Belediye Ba\u015fkan\u0131 Av. Serkan K\u00fc\u00e7\u00fckkuru, 24 Kas\u0131m \u00d6\u011fretmenler G\u00fcn\u00fc&nbsp; dolay\u0131s\u0131yla bir mesaj yay\u0131nlad\u0131.<\/p>\n\n\n\n<p>Ba\u015fkan K\u00fc\u00e7\u00fckkuru \u00f6\u011fretmenlerimizin haklar\u0131n\u0131n hi\u00e7bir zaman \u00f6denmeyece\u011fine dikkat \u00e7ekerek \u015f\u00f6yle konu\u015ftu;<\/p>\n\n\n\n<p>\u201cB\u00fcy\u00fck \u00d6nder Mustafa Kemal Atat\u00fcrk&#8217;\u00fcn 24 Kas\u0131m 1928 y\u0131l\u0131nda &#8220;Ba\u015f\u00f6\u011fretmen&#8221; unvan\u0131n\u0131 almas\u0131 vesilesiyle 1981 y\u0131l\u0131ndan itibaren her y\u0131l 24 Kas\u0131m \u00d6\u011fretmenler G\u00fcn\u00fc olarak kutlan\u0131ld\u0131\u011f\u0131n\u0131 ifade eden Ba\u015fkan K\u00fc\u00e7\u00fckkuru yay\u0131nlad\u0131\u011f\u0131 mesaj\u0131nda; \u201cGelecek nesillerin yeti\u015fmesinde ve topluma faydal\u0131 olmalar\u0131nda \u00f6\u011fretmenler, \u00f6nemli bir rol \u00fcstlenmektedir. Yery\u00fcz\u00fcnde bar\u0131\u015f\u0131 sa\u011flayacak sihirli de\u011fnek analarla \u00f6\u011fretmenlerin elindedir. E\u011fitim demek, v\u00fccutta ve ruhtaki g\u00fczelli\u011fi ve m\u00fckemmelli\u011fi son mertebesine kadar geli\u015ftirmek demektir. \u00dclkemizin her k\u00f6\u015fesinde fedak\u00e2rca yerine getiren, vatan\u0131m\u0131za, milletimize ve insanl\u0131\u011fa hay\u0131rl\u0131 hizmetler verecek yeni nesilleri yeti\u015ftirmek i\u00e7in m\u00fccadele eden \u00d6\u011fretmenlerimizin \u00fclkesini seven, \u00e7at\u0131\u015fma ve k\u00f6t\u00fc al\u0131\u015fkanl\u0131klardan uzak \u00e7a\u011fda\u015f, bar\u0131\u015fsever ve ho\u015fg\u00f6r\u00fcl\u00fc bireyler yeti\u015ftirece\u011fine olan inanc\u0131m tamd\u0131r.<\/p>\n\n\n\n<p>24 Kas\u0131m \u00d6\u011fretmenler G\u00fcn\u00fc vesilesiyle, kutsal ve mesuliyeti a\u011f\u0131r bir mesle\u011fi icra eden \u00f6\u011fretmenlerimiz yan\u0131nda, \u00d6\u011frencilerini b\u00fcy\u00fck bir hassasiyetle ve fedak\u00e2rl\u0131kla yeti\u015ftiren, bug\u00fcn art\u0131k emekli olmu\u015f \u00f6\u011fretmenlerimize de, sa\u011fl\u0131kl\u0131, hay\u0131rl\u0131 ve uzun \u00f6m\u00fcrler diliyorum.<\/p>\n\n\n\n<p>Bu duygu ve d\u00fc\u015f\u00fcncelerle; \u0130limizde ve \u00dclkemizin her k\u00f6\u015fesinde g\u00f6rev yapan t\u00fcm \u00f6\u011fretmenlerimizin &#8220;\u00d6\u011fretmenler G\u00fcn\u00fcn\u00fc&#8221; tekrar i\u00e7tenlikle kutluyor, Ba\u015fta Ba\u015f\u00f6\u011fretmen Mustafa Kemal Atat\u00fcrk\u2019\u00fc, g\u00f6revi ba\u015f\u0131nda \u015fehit olmu\u015f aziz e\u011fitim \u015fehitlerimizi ve ebediyete intikal etmi\u015f \u00f6\u011fretmenlerimizi sayg\u0131yla, minnetle ve rahmetle an\u0131yorum.\u201d dedi<\/p>\n\n\n\n<p>\u0130brad\u0131 Belediyesi \/ B\u00fclten<\/p>\n","protected":false},"excerpt":{"rendered":"<p>\u0130brad\u0131 Belediye Ba\u015fkan\u0131 Av. Serkan K\u00fc\u00e7\u00fckkuru, 24 Kas\u0131m \u00d6\u011fretmenler G\u00fcn\u00fc&nbsp; dolay\u0131s\u0131yla bir mesaj yay\u0131nlad\u0131. Ba\u015fkan K\u00fc\u00e7\u00fckkuru \u00f6\u011fretmenlerimizin haklar\u0131n\u0131n hi\u00e7bir zaman \u00f6denmeyece\u011fine dikkat \u00e7ekerek \u015f\u00f6yle konu\u015ftu; <a href=\"https:\/\/akdenizhaber.com.tr\/index.php\/2023\/11\/23\/ibradi-belediye-baskani-av-serkan-kucukkuru-24-kasim-ogretmenler-gunu-kutlu-olsun\/\" class=\"read-more-link\">[more&#8230;]<\/a><\/p>\n","protected":false},"author":2,"featured_media":17969,"comment_status":"open","ping_status":"open","sticky":false,"template":"","format":"standard","meta":{"footnotes":""},"categories":[2],"tags":[],"class_list":["post-17968","post","type-post","status-publish","format-standard","has-post-thumbnail","hentry","category-gundem"],"_links":{"self":[{"href":"https:\/\/akdenizhaber.com.tr\/index.php\/wp-json\/wp\/v2\/posts\/17968","targetHints":{"allow":["GET"]}}],"collection":[{"href":"https:\/\/akdenizhaber.com.tr\/index.php\/wp-json\/wp\/v2\/posts"}],"about":[{"href":"https:\/\/akdenizhaber.com.tr\/index.php\/wp-json\/wp\/v2\/types\/post"}],"author":[{"embeddable":true,"href":"https:\/\/akdenizhaber.com.tr\/index.php\/wp-json\/wp\/v2\/users\/2"}],"replies":[{"embeddable":true,"href":"https:\/\/akdenizhaber.com.tr\/index.php\/wp-json\/wp\/v2\/comments?post=17968"}],"version-history":[{"count":0,"href":"https:\/\/akdenizhaber.com.tr\/index.php\/wp-json\/wp\/v2\/posts\/17968\/revisions"}],"wp:featuredmedia":[{"embeddable":true,"href":"https:\/\/akdenizhaber.com.tr\/index.php\/wp-json\/wp\/v2\/media\/17969"}],"wp:attachment":[{"href":"https:\/\/akdenizhaber.com.tr\/index.php\/wp-json\/wp\/v2\/media?parent=17968"}],"wp:term":[{"taxonomy":"category","embeddable":true,"href":"https:\/\/akdenizhaber.com.tr\/index.php\/wp-json\/wp\/v2\/categories?post=17968"},{"taxonomy":"post_tag","embeddable":true,"href":"https:\/\/akdenizhaber.com.tr\/index.php\/wp-json\/wp\/v2\/tags?post=17968"}],"curies":[{"name":"wp","href":"https:\/\/api.w.org\/{rel}","templated":true}]}}