{"id":17965,"date":"2023-11-23T13:25:11","date_gmt":"2023-11-23T10:25:11","guid":{"rendered":"https:\/\/akdenizhaber.com.tr\/?p=17965"},"modified":"2023-11-23T13:25:11","modified_gmt":"2023-11-23T10:25:11","slug":"kepezden-park-yapiminda-sampiyon","status":"publish","type":"post","link":"https:\/\/akdenizhaber.com.tr\/index.php\/2023\/11\/23\/kepezden-park-yapiminda-sampiyon\/","title":{"rendered":"Kepez\u2019den park yap\u0131m\u0131nda \u015fampiyon"},"content":{"rendered":"\n<p><\/p>\n\n\n\n<p>Son 15 y\u0131lda 577 park yap\u0131m\u0131 ger\u00e7ekle\u015ftiren Kepez Belediyesi, &nbsp;G\u00fclveren, \u015eelale, Aktoprak ve Erenk\u00f6y mahallelerinde yeni ye\u015fil alan \u00e7al\u0131\u015fmas\u0131 ba\u015flatt\u0131.<\/p>\n\n\n\n<p>\u0130l\u00e7enin d\u00f6rt bir yan\u0131nda zeytin bah\u00e7eleri olu\u015fturan, Kent Orman\u0131, Millet Orman\u0131 ve Orman \u00c7iftli\u011fi projeleriyle vatanda\u015flar\u0131 do\u011fayla bulu\u015fturan Kepez Belediyesi, park yap\u0131m\u0131yla da mahallere ye\u015fil bir g\u00fczellik kazand\u0131r\u0131yor.<br>Belediyenin kullan\u0131m\u0131na tahsis edilen eski fabrikalar\u0131n yerle\u015fkesindeki koruluklar\u0131 da \u015fehir sakinlerinin hizmetine sunan Kepez Belediye Ba\u015fkan\u0131 Hakan T\u00fct\u00fcnc\u00fc, 15 y\u0131ll\u0131k g\u00f6rev y\u0131llar\u0131 i\u00e7erisinde 448\u2019i yeni park, 129 tanesi tadilat olmak \u00fczere 577 park\u0131n yap\u0131m\u0131n\u0131 tamamlad\u0131.<\/p>\n\n\n\n<p>\u0130HALE YOLUYLA 13 MAHALLE PARKI<\/p>\n\n\n\n<p>Kepez Belediyesi Park ve Bah\u00e7eler M\u00fcd\u00fcrl\u00fc\u011f\u00fc, bu say\u0131y\u0131, yeni ye\u015fil alan \u00e7al\u0131\u015fmalar\u0131yla art\u0131r\u0131yor. &nbsp;Son d\u00f6nemdeki yeni ye\u015fil d\u00fczenlemeleri, \u00f6zellikle m\u00fclkiyet sorunlar\u0131n\u0131n \u00e7\u00f6z\u00fcm\u00fcnden sonra planl\u0131 \u015fekilde \u015fehirle\u015fme s\u00fcrecinin ba\u015flad\u0131\u011f\u0131 mahallelerde yap\u0131l\u0131yor. Bu kapsamda Kepez Belediyesi, ihale y\u00f6ntemiyle yap\u0131lacak olan 13 mahalle park\u0131n\u0131n yap\u0131m\u0131n\u0131 bu y\u0131l\u0131n yat\u0131r\u0131m program\u0131na ald\u0131. &nbsp;M\u00fclkiyetle ilgili sorunlar\u0131 \u00e7\u00f6z\u00fclen ve yap\u0131la\u015fma s\u00fcreci tamamlanan mahallelere kazand\u0131r\u0131lacak olan bu ye\u015fil alanlar\u0131n yap\u0131m\u0131 ge\u00e7ti\u011fimiz aylarda ba\u015flad\u0131.<\/p>\n\n\n\n<p>PARKLAR HANG\u0130 MAHALLELERE YAPILIYOR?<\/p>\n\n\n\n<p>Park ve Bah\u00e7eler M\u00fcd\u00fcrl\u00fc\u011f\u00fc, ihale y\u00f6ntemiyle yap\u0131lan parklara ilave olarak \u015eelale, Aktoprak, G\u00fclveren ve Erenk\u00f6y mahallelerini yeni ye\u015fil alanlarla bulu\u015fturuyor. \u0130n\u015fas\u0131 ba\u015flayan parklar, Erenk\u00f6y Mahallesi 4858 -4862 sokaklar kesi\u015fimindeki 1048 metrekare (m2) alana, Varsak Aktoprak Mahallesi 1073-1074 sokaklar aras\u0131ndaki 2 bin 49 m2 alana ve Varsak \u015eelale Mahallesi 7241-7248 sokaklar \u00fczerinde 845 m2 alana ve G\u00fclveren Mahallesi\u2019nde 3713-3735 sokaklar\u0131n yan\u0131ndaki 1040 m2 alana yap\u0131l\u0131yor.<\/p>\n\n\n\n<p>YEN\u0130 PARKLAR B\u00d6LGEYE NEFES OLACAK<\/p>\n\n\n\n<p>M\u00fcd\u00fcrl\u00fck ekipleri, i\u015f makineleriyle bitki ve moloz temizli\u011fini yapt\u0131\u011f\u0131 ye\u015fil alanlar\u0131n y\u00fczeyini tesviye \u00e7al\u0131\u015fmas\u0131yla d\u00fczg\u00fcn hale getirdi. \u00c7evresine bord\u00fcr ta\u015f\u0131 d\u00f6\u015fenen park alanlar\u0131n\u0131n daha sonra ayd\u0131nlatma ve sulamayla ilgili altyap\u0131 \u00e7al\u0131\u015fmas\u0131na ge\u00e7ilecek. A\u00e7\u0131k hava spor aletleri, \u00e7ocuk oyun park\u0131, oturma mobilyalar\u0131n\u0131n yer alaca\u011f\u0131 ye\u015fil alan \u00e7al\u0131\u015fmalar\u0131, \u00e7e\u015fitli bitki, a\u011fa\u00e7 fidan\u0131 dikimi ve \u00e7imlendirme \u00e7al\u0131\u015fmas\u0131yla tamamlanacak. Park ve Bah\u00e7eler M\u00fcd\u00fcrl\u00fc\u011f\u00fc yetkilileri, parklar\u0131n\u0131n yap\u0131m\u0131n\u0131 yeni y\u0131l\u0131n ilk \u00e7eyre\u011finde tamamlamay\u0131 planlad\u0131klar\u0131n\u0131 ifade ettiler.<br>Yeni parklar b\u00f6lgeyi g\u00fczelle\u015ftirirken, vatanda\u015flar\u0131n sosyal aktivite, dinlenme, \u00e7ocuklar\u0131n ise oyun alan\u0131 ihtiyac\u0131n\u0131 kar\u015f\u0131layacak. Parklar, ye\u015fil dokusuyla da b\u00f6lgeye nefes olacak.<\/p>\n\n\n\n<p>Kepez Belediyesi \/ B\u00fclten<\/p>\n","protected":false},"excerpt":{"rendered":"<p>Son 15 y\u0131lda 577 park yap\u0131m\u0131 ger\u00e7ekle\u015ftiren Kepez Belediyesi, &nbsp;G\u00fclveren, \u015eelale, Aktoprak ve Erenk\u00f6y mahallelerinde yeni ye\u015fil alan \u00e7al\u0131\u015fmas\u0131 ba\u015flatt\u0131. \u0130l\u00e7enin d\u00f6rt bir yan\u0131nda zeytin <a href=\"https:\/\/akdenizhaber.com.tr\/index.php\/2023\/11\/23\/kepezden-park-yapiminda-sampiyon\/\" class=\"read-more-link\">[more&#8230;]<\/a><\/p>\n","protected":false},"author":2,"featured_media":17966,"comment_status":"open","ping_status":"open","sticky":false,"template":"","format":"standard","meta":{"footnotes":""},"categories":[2],"tags":[],"class_list":["post-17965","post","type-post","status-publish","format-standard","has-post-thumbnail","hentry","category-gundem"],"_links":{"self":[{"href":"https:\/\/akdenizhaber.com.tr\/index.php\/wp-json\/wp\/v2\/posts\/17965","targetHints":{"allow":["GET"]}}],"collection":[{"href":"https:\/\/akdenizhaber.com.tr\/index.php\/wp-json\/wp\/v2\/posts"}],"about":[{"href":"https:\/\/akdenizhaber.com.tr\/index.php\/wp-json\/wp\/v2\/types\/post"}],"author":[{"embeddable":true,"href":"https:\/\/akdenizhaber.com.tr\/index.php\/wp-json\/wp\/v2\/users\/2"}],"replies":[{"embeddable":true,"href":"https:\/\/akdenizhaber.com.tr\/index.php\/wp-json\/wp\/v2\/comments?post=17965"}],"version-history":[{"count":0,"href":"https:\/\/akdenizhaber.com.tr\/index.php\/wp-json\/wp\/v2\/posts\/17965\/revisions"}],"wp:featuredmedia":[{"embeddable":true,"href":"https:\/\/akdenizhaber.com.tr\/index.php\/wp-json\/wp\/v2\/media\/17966"}],"wp:attachment":[{"href":"https:\/\/akdenizhaber.com.tr\/index.php\/wp-json\/wp\/v2\/media?parent=17965"}],"wp:term":[{"taxonomy":"category","embeddable":true,"href":"https:\/\/akdenizhaber.com.tr\/index.php\/wp-json\/wp\/v2\/categories?post=17965"},{"taxonomy":"post_tag","embeddable":true,"href":"https:\/\/akdenizhaber.com.tr\/index.php\/wp-json\/wp\/v2\/tags?post=17965"}],"curies":[{"name":"wp","href":"https:\/\/api.w.org\/{rel}","templated":true}]}}