{"id":17949,"date":"2023-11-22T12:08:15","date_gmt":"2023-11-22T09:08:15","guid":{"rendered":"https:\/\/akdenizhaber.com.tr\/?p=17949"},"modified":"2023-11-22T12:08:16","modified_gmt":"2023-11-22T09:08:16","slug":"myp-kurucular-kurulu-uyesi-mehmet-cayirturkiye-yuksek-enflasyonda-dunyada-en-riskli-ulke","status":"publish","type":"post","link":"https:\/\/akdenizhaber.com.tr\/index.php\/2023\/11\/22\/myp-kurucular-kurulu-uyesi-mehmet-cayirturkiye-yuksek-enflasyonda-dunyada-en-riskli-ulke\/","title":{"rendered":"MYP Kurucular Kurulu \u00dcyesi Mehmet \u00c7ay\u0131r;\u201cT\u00fcrkiye y\u00fcksek enflasyonda d\u00fcnyada en riskli \u00fclke\u201d"},"content":{"rendered":"\n<p><\/p>\n\n\n\n<p><\/p>\n\n\n\n<p>MYP Kurucular Kurulu \u00dcyesi Mehmet \u00c7ay\u0131r, Ipsos T\u00fcrkiye\u2019nin Ara\u015ft\u0131rmas\u0131na g\u00f6re T\u00fcrkiye, y\u00fczde 55\u2019lik oran\u0131 ile enflasyona ili\u015fkin en y\u00fcksek endi\u015fe ta\u015f\u0131yan be\u015finci \u00fclke oldu\u011funu s\u00f6yledi..D\u00fcnyada&nbsp; \u0130lk s\u0131rada y\u00fczde 69 ile Arjantin yer ald\u0131\u011f\u0131n\u0131 belirten MYK Kurucular&nbsp; Kurulu \u00dcyesi Mehmet \u00c7ay\u0131r,&#8221; Rusya ile Ukrayna aras\u0131nda sava\u015f var. Rusya&#8217;da enflasyon y\u00fczde 5, Ukrayna&#8217;da y\u00fczde 3. Bizde y\u00fczde 55 inan\u0131l\u0131r gibi de\u011fil.&#8221;dedi<\/p>\n\n\n\n<p>Mehmet \u00c7ay\u0131r, Ara\u015ft\u0131rma, Online Panel sistemi arac\u0131l\u0131\u011f\u0131yla d\u00fcnya \u00e7ap\u0131nda 29 \u00fclkede ger\u00e7ekle\u015ftirildi. \u00c7ay\u0131r,&#8221;\u00d6rneklem, \u00e7o\u011fu \u00fclkede 16-74 ya\u015flar\u0131 aras\u0131nda ve Kanada, T\u00fcrkiye ve Amerika Birle\u015fik Devletleri\u2019nde 18-74 ya\u015flar\u0131 aras\u0131ndaki 21 bin 200 yeti\u015fkini kapsad\u0131.22 Eyl\u00fcl-6 Ekim tarihleri aras\u0131nda ger\u00e7ekle\u015ftirilen ara\u015ft\u0131rmada kat\u0131l\u0131mc\u0131lara, \u201c\u00dclkenizde sizin en \u00e7ok endi\u015fe duydu\u011funuz 3 konuyu belirtir misiniz?\u201d sorusu y\u00f6neltildi.<\/p>\n\n\n\n<p>\u201cEnflasyon\u201d y\u00fczde 39 ile ilk s\u0131ray\u0131 ald\u0131. Kat\u0131l\u0131mc\u0131lar\u0131n y\u00fczde 31\u2019i \u201cSu\u00e7\u201d, y\u00fczde 31\u2019i \u201cYoksulluk ve sosyal e\u015fitsizlik\u201d, y\u00fczde 26\u2019s\u0131 \u201c\u0130\u015fsizlik\u201d ve y\u00fczde 25\u2019i \u201cFinansal\/siyasi yolsuzluk\u201d yan\u0131t\u0131n\u0131 verdi. T\u00dcRK\u0130YE 5. SIRADA Ara\u015ft\u0131rmada, enflasyona ili\u015fkin en fazla endi\u015fe duyan \u00fclkeler de s\u0131raland\u0131.<\/p>\n\n\n\n<p>Arjantin y\u00fczde 69 ile enflasyona dair en fazla endi\u015fe duyan \u00fclke oldu.Arjantin\u2019i y\u00fczde 57 ile Singapur, Polonya, ve Kanada takip etti. T\u00fcrkiye ise y\u00fczde 55 ile enflasyona ili\u015fkin en fazla endi\u015fe duyan be\u015finci \u00fclke oldu.&#8221;diye konu\u015ftu<\/p>\n\n\n\n<p>Haber\/Abdurrahman B\u00fcy\u00fckkeskin<\/p>\n","protected":false},"excerpt":{"rendered":"<p>MYP Kurucular Kurulu \u00dcyesi Mehmet \u00c7ay\u0131r, Ipsos T\u00fcrkiye\u2019nin Ara\u015ft\u0131rmas\u0131na g\u00f6re T\u00fcrkiye, y\u00fczde 55\u2019lik oran\u0131 ile enflasyona ili\u015fkin en y\u00fcksek endi\u015fe ta\u015f\u0131yan be\u015finci \u00fclke oldu\u011funu s\u00f6yledi..D\u00fcnyada&nbsp; <a href=\"https:\/\/akdenizhaber.com.tr\/index.php\/2023\/11\/22\/myp-kurucular-kurulu-uyesi-mehmet-cayirturkiye-yuksek-enflasyonda-dunyada-en-riskli-ulke\/\" class=\"read-more-link\">[more&#8230;]<\/a><\/p>\n","protected":false},"author":2,"featured_media":17950,"comment_status":"open","ping_status":"open","sticky":false,"template":"","format":"standard","meta":{"footnotes":""},"categories":[2],"tags":[],"class_list":["post-17949","post","type-post","status-publish","format-standard","has-post-thumbnail","hentry","category-gundem"],"_links":{"self":[{"href":"https:\/\/akdenizhaber.com.tr\/index.php\/wp-json\/wp\/v2\/posts\/17949","targetHints":{"allow":["GET"]}}],"collection":[{"href":"https:\/\/akdenizhaber.com.tr\/index.php\/wp-json\/wp\/v2\/posts"}],"about":[{"href":"https:\/\/akdenizhaber.com.tr\/index.php\/wp-json\/wp\/v2\/types\/post"}],"author":[{"embeddable":true,"href":"https:\/\/akdenizhaber.com.tr\/index.php\/wp-json\/wp\/v2\/users\/2"}],"replies":[{"embeddable":true,"href":"https:\/\/akdenizhaber.com.tr\/index.php\/wp-json\/wp\/v2\/comments?post=17949"}],"version-history":[{"count":0,"href":"https:\/\/akdenizhaber.com.tr\/index.php\/wp-json\/wp\/v2\/posts\/17949\/revisions"}],"wp:featuredmedia":[{"embeddable":true,"href":"https:\/\/akdenizhaber.com.tr\/index.php\/wp-json\/wp\/v2\/media\/17950"}],"wp:attachment":[{"href":"https:\/\/akdenizhaber.com.tr\/index.php\/wp-json\/wp\/v2\/media?parent=17949"}],"wp:term":[{"taxonomy":"category","embeddable":true,"href":"https:\/\/akdenizhaber.com.tr\/index.php\/wp-json\/wp\/v2\/categories?post=17949"},{"taxonomy":"post_tag","embeddable":true,"href":"https:\/\/akdenizhaber.com.tr\/index.php\/wp-json\/wp\/v2\/tags?post=17949"}],"curies":[{"name":"wp","href":"https:\/\/api.w.org\/{rel}","templated":true}]}}