{"id":17923,"date":"2023-11-21T14:56:24","date_gmt":"2023-11-21T11:56:24","guid":{"rendered":"https:\/\/akdenizhaber.com.tr\/?p=17923"},"modified":"2023-11-21T14:56:24","modified_gmt":"2023-11-21T11:56:24","slug":"sezon-bitti-sahiller-bombos-kaldi","status":"publish","type":"post","link":"https:\/\/akdenizhaber.com.tr\/index.php\/2023\/11\/21\/sezon-bitti-sahiller-bombos-kaldi\/","title":{"rendered":"Sezon bitti sahiller bombo\u015f kald\u0131"},"content":{"rendered":"\n<p><\/p>\n\n\n\n<p>300 bin yatak kapasitesi ile konaklamada T\u00fcrkiye turizminin en b\u00fcy\u00fck destinasyonu Antalya Manavgat-Side de turizm sezonu sona erince sahiller bo\u015fald\u0131. T\u00fcrkiye&#8217;ye gelen turistin y\u00fczde 18&#8217;ni ve Antalya&#8217;ya gelen 16 milyon turistin \u00fc\u00e7te birini misafir eden Manavgat-Side Destinasyonunda 250 be\u015f y\u0131ld\u0131zl\u0131 otel bulunuyor. 250 be\u015f y\u0131ld\u0131zl\u0131 otel Sosyal G\u00fcvenlik Kurumu (SGK) verilerine g\u00f6re sezonda 130 bin turizm \u00e7al\u0131\u015fan\u0131n\u0131 istihdam ediyor. Manavgat-Side turizm destinasyonu 2023 turizm sezonunda 5 milyon yabanc\u0131 turist a\u011f\u0131rlad\u0131. Manavgat -Side destinasyonu sezonda 5 milyon turist a\u011f\u0131rlamaya ba\u011fl\u0131 \u00fclke ekonomisine turizmde 5 milyar Euro d\u00f6viz girdisi sa\u011fl\u0131yor.<\/p>\n\n\n\n<p>&nbsp;&nbsp;&nbsp;&nbsp;&nbsp;&nbsp;&nbsp;&nbsp; Sideli turizm i\u015fletmecisi ve apart otel sahibi Mehmet \u00c7elikten ,&#8221; Manavgat-Side turizm destinasyonunda 2023 turizm sezonu sona erdi. Otellerin y\u00fczde 85-90&#8217;nu 20 Kas\u0131m itibariyle kapan\u0131yor. Otellerde \u00c7ok az m\u00fc\u015fteri var. A\u00e7\u0131k olan otellerde k\u0131\u015f turizmi konseptinde ya\u015fl\u0131 Alman ve Avrupal\u0131 turist a\u011f\u0131rlayan oteller. Be\u015f y\u0131ld\u0131zl\u0131 otel ve apart otellerin y\u00fczde 85&#8217;i be\u015f ay s\u00fcresince yeni sezon&nbsp; konseptine uygun olmas\u0131 i\u00e7in tamir ve tadilat&nbsp; i\u00e7in 5 ay kapal\u0131 kalacak. K\u0131\u015f\u0131n a\u00e7\u0131k olan oteller az say\u0131da da olsa ya\u015fl\u0131 Alman turistler ile Avrupal\u0131 spor tak\u0131mlar\u0131n\u0131, bisiklet sporcular\u0131 ve tak\u0131mlar\u0131n\u0131&nbsp; a\u011f\u0131rl\u0131yor. Sezon birinci Side sahilleri bo\u015fald\u0131. 20 g\u00fcn \u00f6nce dolu olan plajlar bombo\u015f kald\u0131. &#8221; diye konu\u015ftu.<\/p>\n\n\n\n<p>Haber\/Abdurrahman B\u00fcy\u00fckkeskin<\/p>\n","protected":false},"excerpt":{"rendered":"<p>300 bin yatak kapasitesi ile konaklamada T\u00fcrkiye turizminin en b\u00fcy\u00fck destinasyonu Antalya Manavgat-Side de turizm sezonu sona erince sahiller bo\u015fald\u0131. T\u00fcrkiye&#8217;ye gelen turistin y\u00fczde 18&#8217;ni <a href=\"https:\/\/akdenizhaber.com.tr\/index.php\/2023\/11\/21\/sezon-bitti-sahiller-bombos-kaldi\/\" class=\"read-more-link\">[more&#8230;]<\/a><\/p>\n","protected":false},"author":2,"featured_media":17924,"comment_status":"open","ping_status":"open","sticky":false,"template":"","format":"standard","meta":{"footnotes":""},"categories":[2],"tags":[],"class_list":["post-17923","post","type-post","status-publish","format-standard","has-post-thumbnail","hentry","category-gundem"],"_links":{"self":[{"href":"https:\/\/akdenizhaber.com.tr\/index.php\/wp-json\/wp\/v2\/posts\/17923","targetHints":{"allow":["GET"]}}],"collection":[{"href":"https:\/\/akdenizhaber.com.tr\/index.php\/wp-json\/wp\/v2\/posts"}],"about":[{"href":"https:\/\/akdenizhaber.com.tr\/index.php\/wp-json\/wp\/v2\/types\/post"}],"author":[{"embeddable":true,"href":"https:\/\/akdenizhaber.com.tr\/index.php\/wp-json\/wp\/v2\/users\/2"}],"replies":[{"embeddable":true,"href":"https:\/\/akdenizhaber.com.tr\/index.php\/wp-json\/wp\/v2\/comments?post=17923"}],"version-history":[{"count":0,"href":"https:\/\/akdenizhaber.com.tr\/index.php\/wp-json\/wp\/v2\/posts\/17923\/revisions"}],"wp:featuredmedia":[{"embeddable":true,"href":"https:\/\/akdenizhaber.com.tr\/index.php\/wp-json\/wp\/v2\/media\/17924"}],"wp:attachment":[{"href":"https:\/\/akdenizhaber.com.tr\/index.php\/wp-json\/wp\/v2\/media?parent=17923"}],"wp:term":[{"taxonomy":"category","embeddable":true,"href":"https:\/\/akdenizhaber.com.tr\/index.php\/wp-json\/wp\/v2\/categories?post=17923"},{"taxonomy":"post_tag","embeddable":true,"href":"https:\/\/akdenizhaber.com.tr\/index.php\/wp-json\/wp\/v2\/tags?post=17923"}],"curies":[{"name":"wp","href":"https:\/\/api.w.org\/{rel}","templated":true}]}}