{"id":17920,"date":"2023-11-21T14:55:22","date_gmt":"2023-11-21T11:55:22","guid":{"rendered":"https:\/\/akdenizhaber.com.tr\/?p=17920"},"modified":"2023-11-21T14:55:22","modified_gmt":"2023-11-21T11:55:22","slug":"deniz-baykal-fotograf-cektirdigi-partililerin-gonlunde-yasiyor","status":"publish","type":"post","link":"https:\/\/akdenizhaber.com.tr\/index.php\/2023\/11\/21\/deniz-baykal-fotograf-cektirdigi-partililerin-gonlunde-yasiyor\/","title":{"rendered":"Deniz Baykal foto\u011fraf \u00e7ektirdi\u011fi partililerin g\u00f6nl\u00fcnde ya\u015f\u0131yor"},"content":{"rendered":"\n<p><\/p>\n\n\n\n<p>11 \u015eubat 2023 tarihinde hayat\u0131n\u0131 kaybeden T\u00fcrkiye ve Antalya siyasetine 55 y\u0131l damgas\u0131n\u0131 vuran usta siyaset\u00e7i se\u00e7menleri ile&nbsp; \u00e7ektirdi\u011fi hat\u0131ralarda ya\u015f\u0131yor. Bir d\u00f6nem B\u00fclent Ecevit H\u00fck\u00fcmetlerin de Enerji Tabii Kaynaklar Bakanl\u0131\u011f\u0131 ile&nbsp; Anasol D h\u00fck\u00fcmetinde D\u0131\u015fi\u015fleri Bakanl\u0131\u011f\u0131 yapan&nbsp; Cumhuriyet Halk Partisi(CHP)&#8217;nin \u0130kinci Kurucu Genel Ba\u015fkan\u0131 \u00fcnvan\u0131 yan\u0131s\u0131ra Antalya&#8217;y\u0131 en uzun s\u00fcreli Meclis&#8217;te temsil&nbsp; sahip parlamenter. CHP eski Genel Ba\u015fkan\u0131 Deniz&nbsp; Baykal, 11 D\u00f6nem TBMM&#8217;de CHP&#8217;den Antalya&#8217;dan en uzun soluklu temsil eden milletvekili.<\/p>\n\n\n\n<p>85 ya\u015f\u0131nda hayat\u0131n\u0131 kaybeden Deniz Baykal Antalya&#8217;ya geldi\u011finde en fazla u\u011frad\u0131\u011f\u0131 il\u00e7elerden biride Manavgat.<\/p>\n\n\n\n<p>Merhum Deniz Baykal ile babas\u0131n\u0131n ge\u00e7mi\u015fte CHP Manavgat \u0130l\u00e7e Ba\u015fkanl\u0131 d\u00f6neminden yak\u0131n dostluklar\u0131 bulunan Manavgat&#8217;takin bir isim Numan \u00dcnal,&#8221; 11 \u015eubat tarihinde sadece Kurucu Genel Ba\u015fkan\u0131m\u0131z\u0131 de\u011fil 50 y\u0131l\u0131n\u0131 \u00fclke ve Antalya siyasetinde damga vurmu\u015f de\u011ferli bir devlet adam\u0131n\u0131 kaybettik. Rahmetli Deniz Baykal ile merhum babam CHP Manavgat \u0130l\u00e7e Ba\u015fkanl\u0131\u011f\u0131 yapt\u0131\u011f\u0131 d\u00f6nemden yak\u0131n dostlu\u011fumuz vard\u0131. Rahmetli Deniz Baykal Manavgat&#8217;a geldi\u011finde yada ba\u015fka bir yerde g\u00f6rd\u00fc\u011f\u00fcnde sevgisini sar\u0131larak ve yanaklar\u0131m\u0131 s\u0131karak g\u00f6sterirdi. Merhum Baykal&#8217;\u0131n babam ile y\u0131llara ba\u011fl\u0131 dostlu\u011fu oldu\u011fu i\u00e7in Manavgat&#8217;a geldi\u011finde evimize u\u011frard\u0131. Beyin kanamas\u0131 sonras\u0131 uzun bir tedavi s\u00fcreci ge\u00e7irdi\u011fi i\u00e7in eskisi gibi fazla g\u00f6r\u00fc\u015femedik. Allah rahmet eylesin. \u0130kinci Kurucu Genel Ba\u015fkan\u0131m\u0131z Deniz Baykal Birlikte \u00e7ektirdi\u011fimiz hat\u0131ralar ile kalbimizde ya\u015f\u0131yor. Mekan\u0131&nbsp; cennet olsun 85 y\u0131l dolu dolu hayat ya\u015fad\u0131.&#8221; diye konu\u015ftu.<\/p>\n\n\n\n<p>Haber\/Abdurrahman B\u00fcy\u00fckkeskin<\/p>\n","protected":false},"excerpt":{"rendered":"<p>11 \u015eubat 2023 tarihinde hayat\u0131n\u0131 kaybeden T\u00fcrkiye ve Antalya siyasetine 55 y\u0131l damgas\u0131n\u0131 vuran usta siyaset\u00e7i se\u00e7menleri ile&nbsp; \u00e7ektirdi\u011fi hat\u0131ralarda ya\u015f\u0131yor. Bir d\u00f6nem B\u00fclent Ecevit <a href=\"https:\/\/akdenizhaber.com.tr\/index.php\/2023\/11\/21\/deniz-baykal-fotograf-cektirdigi-partililerin-gonlunde-yasiyor\/\" class=\"read-more-link\">[more&#8230;]<\/a><\/p>\n","protected":false},"author":2,"featured_media":17909,"comment_status":"open","ping_status":"open","sticky":false,"template":"","format":"standard","meta":{"footnotes":""},"categories":[2],"tags":[],"class_list":["post-17920","post","type-post","status-publish","format-standard","has-post-thumbnail","hentry","category-gundem"],"_links":{"self":[{"href":"https:\/\/akdenizhaber.com.tr\/index.php\/wp-json\/wp\/v2\/posts\/17920","targetHints":{"allow":["GET"]}}],"collection":[{"href":"https:\/\/akdenizhaber.com.tr\/index.php\/wp-json\/wp\/v2\/posts"}],"about":[{"href":"https:\/\/akdenizhaber.com.tr\/index.php\/wp-json\/wp\/v2\/types\/post"}],"author":[{"embeddable":true,"href":"https:\/\/akdenizhaber.com.tr\/index.php\/wp-json\/wp\/v2\/users\/2"}],"replies":[{"embeddable":true,"href":"https:\/\/akdenizhaber.com.tr\/index.php\/wp-json\/wp\/v2\/comments?post=17920"}],"version-history":[{"count":0,"href":"https:\/\/akdenizhaber.com.tr\/index.php\/wp-json\/wp\/v2\/posts\/17920\/revisions"}],"wp:featuredmedia":[{"embeddable":true,"href":"https:\/\/akdenizhaber.com.tr\/index.php\/wp-json\/wp\/v2\/media\/17909"}],"wp:attachment":[{"href":"https:\/\/akdenizhaber.com.tr\/index.php\/wp-json\/wp\/v2\/media?parent=17920"}],"wp:term":[{"taxonomy":"category","embeddable":true,"href":"https:\/\/akdenizhaber.com.tr\/index.php\/wp-json\/wp\/v2\/categories?post=17920"},{"taxonomy":"post_tag","embeddable":true,"href":"https:\/\/akdenizhaber.com.tr\/index.php\/wp-json\/wp\/v2\/tags?post=17920"}],"curies":[{"name":"wp","href":"https:\/\/api.w.org\/{rel}","templated":true}]}}