{"id":17908,"date":"2023-11-21T14:46:52","date_gmt":"2023-11-21T11:46:52","guid":{"rendered":"https:\/\/akdenizhaber.com.tr\/?p=17908"},"modified":"2023-11-21T14:54:08","modified_gmt":"2023-11-21T11:54:08","slug":"baskan-uysal-her-platformda-tanitima-devam-ediyoruz","status":"publish","type":"post","link":"https:\/\/akdenizhaber.com.tr\/index.php\/2023\/11\/21\/baskan-uysal-her-platformda-tanitima-devam-ediyoruz\/","title":{"rendered":"Ba\u015fkan Uysal, \u2018Her platformda tan\u0131t\u0131ma devam ediyoruz\u2019"},"content":{"rendered":"\n<p><\/p>\n\n\n\n<p>Antalya Muratpa\u015fa Belediye Ba\u015fkan\u0131 \u00dcmit Uysal, Gulin Belediyesi\u2019yle karde\u015f kent ili\u015fkilerinin 10\u2019uncu y\u0131ld\u00f6n\u00fcm\u00fc vesilesiyle davet edildi\u011fi \u00c7in-ASEAN Belediye Ba\u015fkanlar\u0131 Forumu\u2019nun olduk\u00e7a verimli ge\u00e7ti\u011fini belirterek \u201cTurizmcilerimizin m\u00fccadeleleriyle y\u00fckselen kitle turizmimizin yan\u0131nda Muratpa\u015fa\u2019m\u0131z\u0131n, Antalya \u015fehir merkezimizin turist alabilmesi i\u00e7in her platformda tan\u0131t\u0131ma ve d\u00fcnyayla entegrasyona devam ediyoruz\u201d dedi.<\/p>\n\n\n\n<p>Ba\u015fkan Uysal, Muratpa\u015fa Belediyesi\u2019nin karde\u015f kenti \u00c7in\u2019in pop\u00fcler turistik \u015fehri Gulin\u2019de d\u00fczenlenen ASEAN Belediye Ba\u015fkanlar\u0131 Forumu\u2019na kat\u0131lmak \u00fczere \u00c7in\u2019e gitti. \u00c7in Konut ve Kentsel-K\u0131rsal Kalk\u0131nma Bakanl\u0131\u011f\u0131 ve Guangxi Zhuang \u00d6zerk B\u00f6lgesi Halk H\u00fck\u00fcmeti taraf\u0131ndan d\u00fczenlenen forumun bu y\u0131l ana temas\u0131 \u201cEvlerimizi birlikte in\u015fa etmek, birlikte refah\u0131 te\u015fvik etmek\u201d olarak belirlendi.<br><br>Forumun a\u00e7\u0131l\u0131\u015f\u0131nda konu\u015fan Ba\u015fkan Uysal, Muratpa\u015fa\u2019da kat\u0131l\u0131mc\u0131 ve \u00e7a\u011fa uygun bir y\u00f6netim anlay\u0131\u015f\u0131n\u0131 hayata ge\u00e7irdiklerini s\u00f6yledi. \u201cBelediyemizin kap\u0131lar\u0131n\u0131 d\u00fcnyaya a\u00e7t\u0131k\u201d diyen Uysal, \u015funlar\u0131 s\u00f6yledi:<br><br>\u201cD\u00fcnyadaki b\u00fct\u00fcn antik kentleri bir araya getiren Kalei\u00e7i Old Town Festivali\u2019yle uluslararas\u0131 ili\u015fkilerimizi en \u00fcst noktaya ta\u015f\u0131d\u0131k. Festival sayesinde, en az 500 kent ile s\u00fcrekli ileti\u015fim halindeyiz. Endonezya\u2019dan \u0130rlanda\u2019ya, Tunus\u2019tan Tayland\u2019da, \u0130talya\u2019dan Hollanda\u2019ya bir\u00e7ok belediye ba\u015fkan\u0131n\u0131 festivalimizde a\u011f\u0131rl\u0131yoruz. Toplumlar\u0131n karde\u015fli\u011fi, birbirine yak\u0131nla\u015fmas\u0131, \u00f6nyarg\u0131lar\u0131n k\u0131r\u0131lmas\u0131 i\u00e7in yerel y\u00f6netimlere b\u00fcy\u00fck bir g\u00f6rev d\u00fc\u015f\u00fcyor. Yerel y\u00f6netimler taraf\u0131ndan hayata ge\u00e7irilen projeler, b\u00f6ylesi etkinlikler, festivaller uluslararas\u0131 siyasete ve diplomasiye yard\u0131mc\u0131 oluyor.\u201d<br><br>Uysal, 21\u2019inci y\u00fczy\u0131l\u0131n teknolojideki yeni geli\u015fmeler ve bili\u015fim sekt\u00f6r\u00fcndeki yeni bulu\u015flar\u0131n yan\u0131 s\u0131ra, yerel ve genel y\u00f6netim anlay\u0131\u015f\u0131nda da bir\u00e7ok yenili\u011fin hayata ge\u00e7ti\u011fi d\u00f6nem oldu\u011funun alt\u0131n\u0131 \u00e7izdi. Teknolojik olanaklar sayesinde do\u011frudan demokrasinin kanallar\u0131n\u0131n daha da g\u00fc\u00e7lendi\u011finin alt\u0131n\u0131 \u00e7izen Ba\u015fkan Uysal, Abdullah Sevim\u00e7ok Sivil Toplum Merkezi, T\u00fcrkiye\u2019nin ilk dijital demokrasi platformu olan Kom\u015fu Meclisi, ya\u015fl\u0131, yabanc\u0131lar ve muhtarlar meclislerinin Muratpa\u015fa Belediyesi\u2019nin bu alandaki \u00e7al\u0131\u015fmalar\u0131 oldu\u011funu s\u00f6yledi.<br><br>Ba\u015fkan Uysal, 21 Kas\u0131m\u2019da sona erecek forumun yeni i\u015fbirliklerinin kurulmas\u0131 ve fikir al\u0131\u015fveri\u015fi anlam\u0131nda olduk\u00e7a verimli ge\u00e7ti\u011fini belirterek \u201cTurizmcilerimizin m\u00fccadeleleriyle y\u00fckselen kitle turizmimizin yan\u0131nda Muratpa\u015fa\u2019m\u0131z\u0131n, Antalya \u015fehir merkezimizin turist alabilmesi i\u00e7in her platformda tan\u0131t\u0131ma ve d\u00fcnyayla entegrasyona devam ediyoruz\u201d dedi.<\/p>\n\n\n\n<p>Muratpa\u015fa Belediyesi \/ B\u00fclten<\/p>\n","protected":false},"excerpt":{"rendered":"<p>Antalya Muratpa\u015fa Belediye Ba\u015fkan\u0131 \u00dcmit Uysal, Gulin Belediyesi\u2019yle karde\u015f kent ili\u015fkilerinin 10\u2019uncu y\u0131ld\u00f6n\u00fcm\u00fc vesilesiyle davet edildi\u011fi \u00c7in-ASEAN Belediye Ba\u015fkanlar\u0131 Forumu\u2019nun olduk\u00e7a verimli ge\u00e7ti\u011fini belirterek \u201cTurizmcilerimizin <a href=\"https:\/\/akdenizhaber.com.tr\/index.php\/2023\/11\/21\/baskan-uysal-her-platformda-tanitima-devam-ediyoruz\/\" class=\"read-more-link\">[more&#8230;]<\/a><\/p>\n","protected":false},"author":2,"featured_media":17921,"comment_status":"open","ping_status":"open","sticky":false,"template":"","format":"standard","meta":{"footnotes":""},"categories":[2],"tags":[],"class_list":["post-17908","post","type-post","status-publish","format-standard","has-post-thumbnail","hentry","category-gundem"],"_links":{"self":[{"href":"https:\/\/akdenizhaber.com.tr\/index.php\/wp-json\/wp\/v2\/posts\/17908","targetHints":{"allow":["GET"]}}],"collection":[{"href":"https:\/\/akdenizhaber.com.tr\/index.php\/wp-json\/wp\/v2\/posts"}],"about":[{"href":"https:\/\/akdenizhaber.com.tr\/index.php\/wp-json\/wp\/v2\/types\/post"}],"author":[{"embeddable":true,"href":"https:\/\/akdenizhaber.com.tr\/index.php\/wp-json\/wp\/v2\/users\/2"}],"replies":[{"embeddable":true,"href":"https:\/\/akdenizhaber.com.tr\/index.php\/wp-json\/wp\/v2\/comments?post=17908"}],"version-history":[{"count":0,"href":"https:\/\/akdenizhaber.com.tr\/index.php\/wp-json\/wp\/v2\/posts\/17908\/revisions"}],"wp:featuredmedia":[{"embeddable":true,"href":"https:\/\/akdenizhaber.com.tr\/index.php\/wp-json\/wp\/v2\/media\/17921"}],"wp:attachment":[{"href":"https:\/\/akdenizhaber.com.tr\/index.php\/wp-json\/wp\/v2\/media?parent=17908"}],"wp:term":[{"taxonomy":"category","embeddable":true,"href":"https:\/\/akdenizhaber.com.tr\/index.php\/wp-json\/wp\/v2\/categories?post=17908"},{"taxonomy":"post_tag","embeddable":true,"href":"https:\/\/akdenizhaber.com.tr\/index.php\/wp-json\/wp\/v2\/tags?post=17908"}],"curies":[{"name":"wp","href":"https:\/\/api.w.org\/{rel}","templated":true}]}}