{"id":17902,"date":"2023-11-21T14:43:52","date_gmt":"2023-11-21T11:43:52","guid":{"rendered":"https:\/\/akdenizhaber.com.tr\/?p=17902"},"modified":"2023-11-21T14:43:52","modified_gmt":"2023-11-21T11:43:52","slug":"konyaalti-yesil-alanda-turkiye-genelinin-uzerinde","status":"publish","type":"post","link":"https:\/\/akdenizhaber.com.tr\/index.php\/2023\/11\/21\/konyaalti-yesil-alanda-turkiye-genelinin-uzerinde\/","title":{"rendered":"Konyaalt\u0131 ye\u015fil alanda T\u00fcrkiye genelinin \u00fczerinde"},"content":{"rendered":"\n<p><\/p>\n\n\n\n<p>Konyaalt\u0131 Belediyesi yapt\u0131\u011f\u0131 \u00e7al\u0131\u015fmalarla, il\u00e7ede ki\u015fi ba\u015f\u0131na d\u00fc\u015fen ye\u015fil alan miktar\u0131n\u0131 T\u00fcrkiye standartlar\u0131n\u0131n \u00fczerine \u00e7\u0131kard\u0131. Belediyenin hizmete sundu\u011fu 176 park d\u0131\u015f\u0131nda, yap\u0131m\u0131 devam eden parklarla da bu miktar g\u00fcn ge\u00e7tik\u00e7e art\u0131yor<\/p>\n\n\n\n<p>Konyaalt\u0131 Belediyesi, il\u00e7enin d\u00f6rt bir yan\u0131nda yapt\u0131\u011f\u0131 \u00e7al\u0131\u015fmalarla kente ye\u015fil alan kazand\u0131rmaya devam ediyor. Belediye son olarak Mollayusuf Mahallesi 1465 sokakta yap\u0131m\u0131n\u0131 s\u00fcrd\u00fcrd\u00fc\u011f\u00fc parkta, \u00e7ocuk oyun alanlar\u0131, spor sahas\u0131, oturma yerleri ve ailelerin \u00e7ocuklar\u0131yla vakit ge\u00e7irece\u011fi ye\u015fil alanlar yer alacak. Konyaalt\u0131 Belediyesi Park ve Bah\u00e7eler M\u00fcd\u00fcrl\u00fc\u011f\u00fcne ba\u011fl\u0131 ekipler, park\u0131n altyap\u0131 \u00e7al\u0131\u015fmalar\u0131n\u0131 b\u00fcy\u00fck oranda tamamlarken, engelli vatanda\u015flar da unutulmad\u0131. Park\u0131n giri\u015f ve \u00e7\u0131k\u0131\u015flar\u0131n\u0131n yan\u0131 s\u0131ra i\u00e7 yap\u0131s\u0131 de engelli vatanda\u015flar\u0131n rahat bir \u015fekilde park\u0131 kullanmas\u0131n\u0131 sa\u011flayacak. 176 park\u0131 hizmete sunan Konyaalt\u0131 Belediyesi, yapt\u0131\u011f\u0131 park ve ye\u015fil alan \u00e7al\u0131\u015fmalar\u0131yla il\u00e7ede ki\u015fi ba\u015f\u0131na d\u00fc\u015fen ye\u015fil alan miktar\u0131n\u0131 da T\u00fcrkiye standartlar\u0131n\u0131n \u00fczerine \u00e7\u0131kard\u0131.<\/p>\n\n\n\n<p>\u201c\u00dcRETEREK TASARRUF SA\u011eLIYORUZ\u201d<\/p>\n\n\n\n<p>Konyaalt\u0131 Belediyesi Ba\u015fkan\u0131 Semih Esen park, sosyal ya\u015fam alanlar\u0131 vb. yerlerde kulland\u0131klar\u0131 ah\u015fap mobilyalar\u0131, s\u00fcs bitkileri ve a\u011fa\u00e7lar\u0131 kurduklar\u0131 at\u00f6lyelerde \u00fcrettiklerini s\u00f6yledi. Bu alanda kulland\u0131klar\u0131 hi\u00e7bir \u00fcr\u00fcn\u00fc d\u0131\u015far\u0131ndan almad\u0131klar\u0131n\u0131 aktaran Ba\u015fkan Esen, \u201cBizim belediyecilik anlay\u0131\u015f\u0131nda izledi\u011fimiz yol, \u00fcretmektir. Kendi imk\u00e2nlar\u0131m\u0131zla \u00fcretebildi\u011fimiz hi\u00e7bir \u015feyi d\u0131\u015far\u0131dan alm\u0131yoruz. Bu \u015fekilde \u00f6nemli \u00f6l\u00e7\u00fcde tasarruf sa\u011fl\u0131yoruz. Ayr\u0131ca bu malzemeleri kendimiz \u00fcretti\u011fimiz i\u00e7in, kullanaca\u011f\u0131m\u0131z alanlara g\u00f6re istedi\u011fimiz \u015fekilde yapabiliyoruz. Yurtta\u015flar\u0131m\u0131z\u0131n ihtiya\u00e7 duydu\u011fu ve uygun olan her b\u00f6lgeye park yap\u0131m\u0131m\u0131z devam edecek. \u00c7\u00fcnk\u00fc insanlar d\u0131\u015far\u0131 \u00e7\u0131kt\u0131\u011f\u0131nda rahat nefes alaca\u011f\u0131, \u00e7ocuklar\u0131yla keyifli vakit ge\u00e7irece\u011fi alanlara ihtiyac\u0131 var. Biz de bu y\u00f6ndeki hizmetlerimizi t\u00fcm gayretimizle s\u00fcrd\u00fcr\u00fcyoruz\u201d \u015feklinde konu\u015ftu.<\/p>\n\n\n\n<p>Konyaalt\u0131 Belediyesi\/ B\u00fclten<\/p>\n","protected":false},"excerpt":{"rendered":"<p>Konyaalt\u0131 Belediyesi yapt\u0131\u011f\u0131 \u00e7al\u0131\u015fmalarla, il\u00e7ede ki\u015fi ba\u015f\u0131na d\u00fc\u015fen ye\u015fil alan miktar\u0131n\u0131 T\u00fcrkiye standartlar\u0131n\u0131n \u00fczerine \u00e7\u0131kard\u0131. Belediyenin hizmete sundu\u011fu 176 park d\u0131\u015f\u0131nda, yap\u0131m\u0131 devam eden parklarla <a href=\"https:\/\/akdenizhaber.com.tr\/index.php\/2023\/11\/21\/konyaalti-yesil-alanda-turkiye-genelinin-uzerinde\/\" class=\"read-more-link\">[more&#8230;]<\/a><\/p>\n","protected":false},"author":2,"featured_media":17903,"comment_status":"open","ping_status":"open","sticky":false,"template":"","format":"standard","meta":{"footnotes":""},"categories":[1],"tags":[],"class_list":["post-17902","post","type-post","status-publish","format-standard","has-post-thumbnail","hentry","category-blog"],"_links":{"self":[{"href":"https:\/\/akdenizhaber.com.tr\/index.php\/wp-json\/wp\/v2\/posts\/17902","targetHints":{"allow":["GET"]}}],"collection":[{"href":"https:\/\/akdenizhaber.com.tr\/index.php\/wp-json\/wp\/v2\/posts"}],"about":[{"href":"https:\/\/akdenizhaber.com.tr\/index.php\/wp-json\/wp\/v2\/types\/post"}],"author":[{"embeddable":true,"href":"https:\/\/akdenizhaber.com.tr\/index.php\/wp-json\/wp\/v2\/users\/2"}],"replies":[{"embeddable":true,"href":"https:\/\/akdenizhaber.com.tr\/index.php\/wp-json\/wp\/v2\/comments?post=17902"}],"version-history":[{"count":0,"href":"https:\/\/akdenizhaber.com.tr\/index.php\/wp-json\/wp\/v2\/posts\/17902\/revisions"}],"wp:featuredmedia":[{"embeddable":true,"href":"https:\/\/akdenizhaber.com.tr\/index.php\/wp-json\/wp\/v2\/media\/17903"}],"wp:attachment":[{"href":"https:\/\/akdenizhaber.com.tr\/index.php\/wp-json\/wp\/v2\/media?parent=17902"}],"wp:term":[{"taxonomy":"category","embeddable":true,"href":"https:\/\/akdenizhaber.com.tr\/index.php\/wp-json\/wp\/v2\/categories?post=17902"},{"taxonomy":"post_tag","embeddable":true,"href":"https:\/\/akdenizhaber.com.tr\/index.php\/wp-json\/wp\/v2\/tags?post=17902"}],"curies":[{"name":"wp","href":"https:\/\/api.w.org\/{rel}","templated":true}]}}