{"id":17899,"date":"2023-11-21T14:42:02","date_gmt":"2023-11-21T11:42:02","guid":{"rendered":"https:\/\/akdenizhaber.com.tr\/?p=17899"},"modified":"2023-11-21T14:42:03","modified_gmt":"2023-11-21T11:42:03","slug":"mhpli-abdurrahman-baskan-2053-ve-2071-hedeflerine-buyuk-bir-inancla-yuruyoruz","status":"publish","type":"post","link":"https:\/\/akdenizhaber.com.tr\/index.php\/2023\/11\/21\/mhpli-abdurrahman-baskan-2053-ve-2071-hedeflerine-buyuk-bir-inancla-yuruyoruz\/","title":{"rendered":"MHP\u2019li Abdurrahman Ba\u015fkan \u201c2053 ve 2071 hedeflerine b\u00fcy\u00fck bir inan\u00e7la y\u00fcr\u00fcyoruz\u201d"},"content":{"rendered":"\n<p>Milliyet\u00e7i Hareket Partisi (MHP) Antalya Milletvekili Abdurrahman Ba\u015fkan, Milliyet\u00e7i Hareket Partisi olarak T\u00fcrk milletinin s\u0131k\u0131nt\u0131s\u0131nda ve derdinde hep yan\u0131nda olmaya gece g\u00fcnd\u00fcz demeden gayret ettiklerini bildirdi.<\/p>\n\n\n\n<p>MHP\u2019li Abdurrahman Ba\u015fkan \u201cCumhuriyet&#8217;imizin yeni 100 y\u0131l\u0131n\u0131 \u00fclkemizi \u015faha kald\u0131racak liyakat sahibi kadrolar\u0131m\u0131zla Genel Ba\u015fkan\u0131m\u0131z Say\u0131n Devlet Bah\u00e7eli Beyefendinin 1992 y\u0131l\u0131nda a\u00e7\u0131klam\u0131\u015f oldu\u011fu &#8216;2023 Lider \u00dclke T\u00fcrkiye&#8217; hedefimize emin ad\u0131mlarla ilerledi\u011fimiz gibi bizim i\u00e7in bir K\u0131z\u0131l Elma olan 2053 ve 2071 y\u0131l\u0131 i\u00e7inde t\u00fcm kadrolar\u0131m\u0131zla b\u00fcy\u00fck bir inan\u00e7 ile y\u00fcr\u00fcyoruz\u201d dedi.<\/p>\n\n\n\n<p>MHP\u2019nin 9. Geni\u015fletilmi\u015f B\u00f6lge \u0130sti\u015fare Toplant\u0131s\u0131 Konya, Antalya, Isparta, Karaman, Mersin, Adana ve Aksaray il te\u015fkilatlar\u0131n\u0131n kat\u0131l\u0131mlar\u0131 ile bug\u00fcn Konya\u2019da ger\u00e7ekle\u015ftirildi.<\/p>\n\n\n\n<p>Genel Ba\u015fkan Yard\u0131mc\u0131s\u0131 ve Konya Milletvekili Mustafa Kalayc\u0131&#8217;n\u0131n ba\u015fkanl\u0131\u011f\u0131ndaki toplant\u0131ya b\u00f6lge milletvekilleri, \u0130l Ba\u015fkanlar\u0131, \u0130l\u00e7e Ba\u015fkanlar\u0131, Ocak Ba\u015fkanlar\u0131 ve te\u015fkilat mensuplar\u0131 kat\u0131ld\u0131.<\/p>\n\n\n\n<p>MHP\u2019L\u0130 BA\u015eKAN\u2019IN KONU\u015eMASI<\/p>\n\n\n\n<p>\u0130sti\u015fare toplant\u0131s\u0131nda bir konu\u015fma yapan MHP Antalya Milletvekili Abdurrahman Ba\u015fkan \u015funlar\u0131 s\u00f6yledi:<\/p>\n\n\n\n<p>\u201cB\u00dcY\u00dcK T\u00dcRK M\u0130LLET\u0130 \u0130\u00c7\u0130N \u00c7ALI\u015eIYORUZ\u201d<\/p>\n\n\n\n<p>&#8220;Adaletten sanata, sanayiden e\u011fitime, ula\u015ft\u0131rmadan sa\u011fl\u0131\u011fa, spordan k\u00fclt\u00fcrel hayata, tar\u0131mdan teknolojiye, \u00e7evre ve iklim de\u011fi\u015fikli\u011finden kentsel d\u00f6n\u00fc\u015f\u00fcme, diplomasiden turizme, ekonomiden siyasete var\u0131ncaya kadar her alanda yeni y\u00fczy\u0131l\u0131n ruhunu kavrayan ve asl\u0131nda devam eden yap\u0131sal d\u00f6n\u00fc\u015f\u00fcm hamlesini h\u0131zland\u0131ran, \u00f6n\u00fcm\u00fczdeki y\u00fczy\u0131l\u0131 T\u00fcrk\u00e7e ku\u015fatan bir milli stratejinin el birli\u011fiyle olu\u015fturulup olgunla\u015ft\u0131r\u0131lmas\u0131 i\u00e7in Milliyet\u00e7i Hareket Partisi kadrolar\u0131 olarak hep birlikte \u2018T\u00fcrk milleti i\u00e7in gece uyumad\u0131m, g\u00fcnd\u00fcz oturmad\u0131m\u2019 diyen Bilge Ka\u011fan\u2019\u0131 kendimize yol haritas\u0131 bilerek b\u00fcy\u00fck T\u00fcrk milleti i\u00e7in \u00e7al\u0131\u015fmaktay\u0131z.<\/p>\n\n\n\n<p>Cumhuriyetimizin ikinci y\u00fczy\u0131l\u0131nda Genel Ba\u015fkan\u0131m\u0131z Say\u0131n Devlet Bah\u00e7eli Beyefendi\u2019nin de her zaman ifade etti\u011fi \u2018T\u00fcrk Asr\u0131\u2019 y\u0131l\u0131nda, \u00fclkemizin her y\u00f6nden ba\u011f\u0131ms\u0131zl\u0131\u011f\u0131n\u0131 peki\u015ftirecek, toplumsal refah\u0131n\u0131 art\u0131racak ad\u0131mlar noktas\u0131nda at\u0131lacak her ad\u0131ma destek vermek sadece milletvekili, belediye ba\u015fkan\u0131 veya te\u015fkilat ba\u015fkan\u0131 olarak de\u011fil her birimizin birer vatanda\u015f olarak da en asl\u0131 \u00f6nceli\u011fimiz ve g\u00f6revimizdir.<\/p>\n\n\n\n<p>21. Y\u00fczy\u0131lda T\u00fcrkiye Cumhuriyeti Devletimizin muhas\u0131r medeniyetler seviyesine \u00e7\u0131kmas\u0131 tamamen yerli ve milli politikalarla m\u00fcmk\u00fcn olacakt\u0131r.<\/p>\n\n\n\n<p>\u201cMHP M\u0130LLET\u0130M\u0130Z\u0130N SIKINTISINDA VE DERD\u0130NDE HEP YANINDA&#8221;<\/p>\n\n\n\n<p>Milliyet\u00e7i Hareket Partisi olarak milletimizin ne s\u0131k\u0131nt\u0131s\u0131, ne derdi varsa hep yan\u0131nda olmaya gece g\u00fcnd\u00fcz demeden gayret ediyoruz.<\/p>\n\n\n\n<p>Cumhuriyet&#8217;imizin yeni 100 y\u0131l\u0131n\u0131 \u00fclkemizi \u015faha kald\u0131racak liyakat sahibi kadrolar\u0131m\u0131zla Genel Ba\u015fkan\u0131m\u0131z Say\u0131n Devlet Bah\u00e7eli Beyefendinin 1992 y\u0131l\u0131nda a\u00e7\u0131klam\u0131\u015f oldu\u011fu &#8216;2023 Lider \u00dclke T\u00fcrkiye&#8217; hedefimize emin ad\u0131mlarla ilerledi\u011fimiz gibi bizim i\u00e7in bir K\u0131z\u0131l Elma olan 2054 ve 2071 y\u0131l\u0131 i\u00e7inde t\u00fcm kadrolar\u0131m\u0131zla b\u00fcy\u00fck bir inan\u00e7 ile y\u00fcr\u00fcyoruz.<\/p>\n\n\n\n<p>Devlet Bah\u00e7eli Beyefendi\u2019nin talimatlar\u0131 do\u011frultusunda 24 Temmuz\u2019da \u20182024&#8217;e Do\u011fru, Diyar Diyar Anadolu\u2019 temas\u0131yla ba\u015flayan \u00e7al\u0131\u015fmalar\u0131m\u0131z 31 Mart 2024\u2019de ger\u00e7ekle\u015fecek olan mahalli idareler se\u00e7imlerinin Cumhur \u0130ttifak\u0131&#8217;n\u0131n zaferiyle sonu\u00e7lanmas\u0131 ile ta\u00e7lanacakt\u0131r.<\/p>\n\n\n\n<p>\u0130NSANLARIMIZ Z\u0130LLETTEN KURTULACAK \u00dcRETKEN BELED\u0130YEC\u0130L\u0130KLE TANI\u015eACAK<\/p>\n\n\n\n<p>14 May\u0131s se\u00e7imleri \u00f6ncesi kurulan 6+1 masadan olu\u015fan zillet ittifak\u0131n\u0131n elinde olan belediyelerin oldu\u011fu \u015fehirlerde hizmetten yoksun kalan vatanda\u015flar\u0131m\u0131z beklentisiz ve kesintisiz hizmete Cumhur \u0130ttifak\u0131 ile kavu\u015facak ve \u00fcretken belediyecilikle tan\u0131\u015facak ve uyumlu bir y\u00f6netimle umutlu bir gelece\u011fe kavu\u015facakt\u0131r.&#8221;<\/p>\n\n\n\n<p>(Haber Merkezi)<\/p>\n","protected":false},"excerpt":{"rendered":"<p>Milliyet\u00e7i Hareket Partisi (MHP) Antalya Milletvekili Abdurrahman Ba\u015fkan, Milliyet\u00e7i Hareket Partisi olarak T\u00fcrk milletinin s\u0131k\u0131nt\u0131s\u0131nda ve derdinde hep yan\u0131nda olmaya gece g\u00fcnd\u00fcz demeden gayret ettiklerini <a href=\"https:\/\/akdenizhaber.com.tr\/index.php\/2023\/11\/21\/mhpli-abdurrahman-baskan-2053-ve-2071-hedeflerine-buyuk-bir-inancla-yuruyoruz\/\" class=\"read-more-link\">[more&#8230;]<\/a><\/p>\n","protected":false},"author":2,"featured_media":17900,"comment_status":"open","ping_status":"open","sticky":false,"template":"","format":"standard","meta":{"footnotes":""},"categories":[2],"tags":[],"class_list":["post-17899","post","type-post","status-publish","format-standard","has-post-thumbnail","hentry","category-gundem"],"_links":{"self":[{"href":"https:\/\/akdenizhaber.com.tr\/index.php\/wp-json\/wp\/v2\/posts\/17899","targetHints":{"allow":["GET"]}}],"collection":[{"href":"https:\/\/akdenizhaber.com.tr\/index.php\/wp-json\/wp\/v2\/posts"}],"about":[{"href":"https:\/\/akdenizhaber.com.tr\/index.php\/wp-json\/wp\/v2\/types\/post"}],"author":[{"embeddable":true,"href":"https:\/\/akdenizhaber.com.tr\/index.php\/wp-json\/wp\/v2\/users\/2"}],"replies":[{"embeddable":true,"href":"https:\/\/akdenizhaber.com.tr\/index.php\/wp-json\/wp\/v2\/comments?post=17899"}],"version-history":[{"count":0,"href":"https:\/\/akdenizhaber.com.tr\/index.php\/wp-json\/wp\/v2\/posts\/17899\/revisions"}],"wp:featuredmedia":[{"embeddable":true,"href":"https:\/\/akdenizhaber.com.tr\/index.php\/wp-json\/wp\/v2\/media\/17900"}],"wp:attachment":[{"href":"https:\/\/akdenizhaber.com.tr\/index.php\/wp-json\/wp\/v2\/media?parent=17899"}],"wp:term":[{"taxonomy":"category","embeddable":true,"href":"https:\/\/akdenizhaber.com.tr\/index.php\/wp-json\/wp\/v2\/categories?post=17899"},{"taxonomy":"post_tag","embeddable":true,"href":"https:\/\/akdenizhaber.com.tr\/index.php\/wp-json\/wp\/v2\/tags?post=17899"}],"curies":[{"name":"wp","href":"https:\/\/api.w.org\/{rel}","templated":true}]}}