{"id":17896,"date":"2023-11-21T14:40:42","date_gmt":"2023-11-21T11:40:42","guid":{"rendered":"https:\/\/akdenizhaber.com.tr\/?p=17896"},"modified":"2023-11-21T14:40:42","modified_gmt":"2023-11-21T11:40:42","slug":"buyuksehir-belediyesi-serbest-gezen-tavuk-ciftligi-kuruyor","status":"publish","type":"post","link":"https:\/\/akdenizhaber.com.tr\/index.php\/2023\/11\/21\/buyuksehir-belediyesi-serbest-gezen-tavuk-ciftligi-kuruyor\/","title":{"rendered":"B\u00fcy\u00fck\u015fehir Belediyesi serbest gezen tavuk \u00e7iftli\u011fi kuruyor"},"content":{"rendered":"\n<p><\/p>\n\n\n\n<p>Antalya B\u00fcy\u00fck\u015fehir Belediyesi\u2019nin yerelden kalk\u0131nma hamlesi kapsam\u0131nda kad\u0131n istihdam\u0131n\u0131 artt\u0131rmaya y\u00f6nelik \u00e7al\u0131\u015fmalar\u0131 s\u00fcr\u00fcyor. Bu kapsamda Elmal\u0131\u2019da hayata ge\u00e7irilecek Serbest Gezen Tavuk Yumurtas\u0131 \u00dcretim \u00c7iftli\u011fi i\u00e7in \u00e7al\u0131\u015fmalar s\u00fcr\u00fcyor.<\/p>\n\n\n\n<p>Unutulan k\u00f6y yumurtas\u0131 lezzetini sofralar\u0131m\u0131za ta\u015f\u0131yacak yeni bir projeyi hayata ge\u00e7iren Antalya B\u00fcy\u00fck\u015fehir Belediyesi taraf\u0131ndan Elmal\u0131 Yaka \u00e7iftlik Mahallesi\u2019nde 11 bin 250 metrekare alana Serbest Gezen Tavuk Yumurtas\u0131 \u00dcretim \u00c7iftli\u011fi kurulacak. Tar\u0131m ve Orman Bakanl\u0131\u011f\u0131 Ticari Etlik ve Yumurtac\u0131 Kanatl\u0131 \u0130\u015fletmelerinin Biyog\u00fcvenlik Talimat\u0131 dikkate al\u0131narak haz\u0131rlanan proje kapsam\u0131nda \u201cSerbest Gezen Tavuk Yumurtas\u0131 \u00dcretim K\u00fcmesi\u201d yap\u0131lacak.<\/p>\n\n\n\n<p>2000 TAVUK KAPAS\u0130TEL\u0130 OLACAK<\/p>\n\n\n\n<p>Tek katl\u0131, 1000\u2019er tavuk kapasiteli k\u00fcmeslerin her biri 290\u2019ar m<sup>2 <\/sup>olacak \u015fekilde toplam 580 m<sup>2 <\/sup>kapal\u0131 k\u00fcmes alan\u0131 bulunacak. \u0130ki k\u00fcmes aras\u0131nda 120 m<sup>2 <\/sup>yem deposu planland\u0131. Toplam in\u015faat alan\u0131 700 m<sup>2<\/sup> olacak. Her bir k\u00fcmesten tavuklar\u0131n \u00e7\u0131kabilece\u011fi a\u00e7\u0131k gezinme alanlar\u0131 2.250 m<sup>2<\/sup>olacak \u015fekilde toplam 4500 m<sup>2 <\/sup>olarak belirlendi. Arazinin kalan alan\u0131 yem bitkisi ekimi (6000 m<sup>2<\/sup>) i\u00e7in kullan\u0131lacak.<\/p>\n\n\n\n<p>YUMURTALAR MARKA HAL\u0130NE GELECEK<\/p>\n\n\n\n<p>Kurulacak tesiste \u00fcretimde ATAK-S tavuk \u0131rk\u0131 kullan\u0131larak yerli hibrit kullan\u0131m\u0131 desteklenecek. Serbest gezen tavuklardan elde edilen do\u011fal ve sa\u011fl\u0131kl\u0131 yumurta \u00fcretimi, hem \u00fcreticiye katma de\u011fer yarat\u0131p karl\u0131l\u0131\u011f\u0131n\u0131 art\u0131racak, hem de b\u00f6lgede yeni bir markan\u0131n olu\u015fmas\u0131 sa\u011flanacak. Bu durumun, yumurta \u00fcretimini artt\u0131rmas\u0131 ve en \u00f6nemlisi de daha fazla \u00fcreticinin \u00fcretime dahil edilmesiyle b\u00f6lge ekonomisine katk\u0131 sa\u011flamas\u0131 bekleniyor.2000 adet yumurta tavu\u011fundan elde edilen yumurtalar paketlenerek t\u00fcketici ile bulu\u015fturulacak. \u00dcretilen yumurtalar ile b\u00f6lgede pazar talebi y\u00fcksek olan do\u011fal yumurta ihtiyac\u0131 kar\u015f\u0131lanacak, t\u00fcketiciye y\u00f6nelik bilin\u00e7lendirme \u00e7al\u0131\u015fmalar\u0131 yap\u0131larak bilin\u00e7li t\u00fcketici profili olu\u015fturulacak, \u00fcretilen yumurtalar marka haline getirilecek.<\/p>\n\n\n\n<p>\u00dcRET\u0130MDE KADIN EL\u0130<\/p>\n\n\n\n<p>Proje ile hem \u00fcretimde, hem de pazarlamada \u00e7al\u0131\u015fan ki\u015fi say\u0131s\u0131n\u0131n artmas\u0131, \u00fcretim faaliyetlerine kad\u0131nlar\u0131n dahil edilmesi ile kad\u0131n istihdam\u0131n\u0131n artt\u0131r\u0131lmas\u0131 ama\u00e7lan\u0131yor. Tesiste \u201cY\u00fcksek Verimli Tavuk Yeti\u015ftiricili\u011fi\u201d kursunu ba\u015far\u0131yla tamamlayan kooperatif \u00fcyesi kad\u0131nlara yumurta tavu\u011fu yeti\u015ftiricili\u011fi konusunda uygulamal\u0131 e\u011fitimler verilmesi de planlan\u0131yor. Ayr\u0131ca tesis edilen k\u00fcmesin i\u015fletilmesi ve buradan gelir elde edilmesi amac\u0131yla da tesisin kullan\u0131m\u0131 d\u00f6nemsel olarak e\u011fitimlerini tamamlam\u0131\u015f olan Kad\u0131n Kooperatiflerine b\u0131rak\u0131lacak.<\/p>\n\n\n\n<p>Antalya B\u00fcy\u00fck\u015fehir Belediyesi \/ B\u00fclten<br><br><br><\/p>\n","protected":false},"excerpt":{"rendered":"<p>Antalya B\u00fcy\u00fck\u015fehir Belediyesi\u2019nin yerelden kalk\u0131nma hamlesi kapsam\u0131nda kad\u0131n istihdam\u0131n\u0131 artt\u0131rmaya y\u00f6nelik \u00e7al\u0131\u015fmalar\u0131 s\u00fcr\u00fcyor. Bu kapsamda Elmal\u0131\u2019da hayata ge\u00e7irilecek Serbest Gezen Tavuk Yumurtas\u0131 \u00dcretim \u00c7iftli\u011fi i\u00e7in <a href=\"https:\/\/akdenizhaber.com.tr\/index.php\/2023\/11\/21\/buyuksehir-belediyesi-serbest-gezen-tavuk-ciftligi-kuruyor\/\" class=\"read-more-link\">[more&#8230;]<\/a><\/p>\n","protected":false},"author":2,"featured_media":17897,"comment_status":"open","ping_status":"open","sticky":false,"template":"","format":"standard","meta":{"footnotes":""},"categories":[2],"tags":[],"class_list":["post-17896","post","type-post","status-publish","format-standard","has-post-thumbnail","hentry","category-gundem"],"_links":{"self":[{"href":"https:\/\/akdenizhaber.com.tr\/index.php\/wp-json\/wp\/v2\/posts\/17896","targetHints":{"allow":["GET"]}}],"collection":[{"href":"https:\/\/akdenizhaber.com.tr\/index.php\/wp-json\/wp\/v2\/posts"}],"about":[{"href":"https:\/\/akdenizhaber.com.tr\/index.php\/wp-json\/wp\/v2\/types\/post"}],"author":[{"embeddable":true,"href":"https:\/\/akdenizhaber.com.tr\/index.php\/wp-json\/wp\/v2\/users\/2"}],"replies":[{"embeddable":true,"href":"https:\/\/akdenizhaber.com.tr\/index.php\/wp-json\/wp\/v2\/comments?post=17896"}],"version-history":[{"count":0,"href":"https:\/\/akdenizhaber.com.tr\/index.php\/wp-json\/wp\/v2\/posts\/17896\/revisions"}],"wp:featuredmedia":[{"embeddable":true,"href":"https:\/\/akdenizhaber.com.tr\/index.php\/wp-json\/wp\/v2\/media\/17897"}],"wp:attachment":[{"href":"https:\/\/akdenizhaber.com.tr\/index.php\/wp-json\/wp\/v2\/media?parent=17896"}],"wp:term":[{"taxonomy":"category","embeddable":true,"href":"https:\/\/akdenizhaber.com.tr\/index.php\/wp-json\/wp\/v2\/categories?post=17896"},{"taxonomy":"post_tag","embeddable":true,"href":"https:\/\/akdenizhaber.com.tr\/index.php\/wp-json\/wp\/v2\/tags?post=17896"}],"curies":[{"name":"wp","href":"https:\/\/api.w.org\/{rel}","templated":true}]}}