{"id":17888,"date":"2023-11-20T14:01:46","date_gmt":"2023-11-20T11:01:46","guid":{"rendered":"https:\/\/akdenizhaber.com.tr\/?p=17888"},"modified":"2023-11-20T14:01:47","modified_gmt":"2023-11-20T11:01:47","slug":"sp-ilce-baskani-demiral-iktidar-israilin-gazze-soykirimina-tepki-gostermiyor","status":"publish","type":"post","link":"https:\/\/akdenizhaber.com.tr\/index.php\/2023\/11\/20\/sp-ilce-baskani-demiral-iktidar-israilin-gazze-soykirimina-tepki-gostermiyor\/","title":{"rendered":"SP \u0130l\u00e7e Ba\u015fkan\u0131 Demiral: \u201c\u0130ktidar, \u0130srail&#8217;in Gazze soyk\u0131r\u0131m\u0131na tepki g\u00f6stermiyor?\u201d"},"content":{"rendered":"\n<p><\/p>\n\n\n\n<p>Saadet Partisi (SP) Manavgat \u0130l\u00e7e Ba\u015fkan\u0131 \u0130lhami Demiral, yapt\u0131\u011f\u0131 bas\u0131n a\u00e7\u0131klamas\u0131nda, iktidar\u0131n icra makam\u0131 oldu\u011fu iktidar\u0131n \u0130srail&#8217;in Gazze&#8217;deki soyk\u0131r\u0131m\u0131na kar\u015f\u0131 T\u00fcrkiye&#8217;den g\u00fc\u00e7l\u00fc bir tepki olu\u015fmad\u0131\u011f\u0131n\u0131 s\u00f6yledi . \u0130ktidarlar \u015fikayet etme telin etme ve k\u0131nama yan\u0131s\u0131ra halk\u0131n sand\u0131kta verdi\u011fi yetkiyi halk nam\u0131na en iyi \u015fekilde g\u00f6sterme oldu\u011funu vurgulayan SP \u0130l\u00e7e Ba\u015fkan\u0131 \u0130lhami Demiral,&#8221; \u0130ktidarlar k\u0131namaz direk gere\u011fini yapar. \u0130ktidar acilen Malatya K\u00fcrecik Hava \u00dcst\u00fc ile Adana \u0130ncirlik&#8217;i acilen kapatmal\u0131. \u0130srail ile her t\u00fcrl\u00fc ticari ili\u015fkilerini sonland\u0131rmal\u0131. B\u00fcy\u00fck Ortado\u011fu Projesi(BOP) kapsam\u0131nda \u0130srail&#8217;in&nbsp; Vaat edilen topraklara kavu\u015fmas\u0131 i\u00e7in \u00f6n\u00fcn\u00fcn a\u00e7\u0131lmas\u0131 i\u00e7in \u00f6nce Irak , sonra Suriye par\u00e7aland\u0131. \u015eimdide Gazze bombalanarak halk\u0131n terk edip Suriyeliler de oldu\u011fu gibi Gazzeliler de&nbsp;&nbsp;&nbsp; Avrupa Birli\u011fi(AB) yada ABD&#8217;den al\u0131nacak para ile&nbsp;&nbsp;&nbsp;&nbsp; Filistinlilerin kendi topraklar\u0131ndan ve yuvalar\u0131ndan uzakla\u015ft\u0131rmak isteyerek \u0130srail \u0130\u015fgalini bir ad\u0131m \u00f6teye ta\u015f\u0131mak istiyorlar. SP olarak bu BOP yeni bir ad\u0131m\u0131 ve a\u015famas\u0131na asla izin vermeyece\u011fiz.&#8221; dedi.<\/p>\n\n\n\n<p>\u0130l\u00e7e Ba\u015fkan\u0131 \u0130lhami Demiral 31 Mart 2024 Mahalli \u0130dareler se\u00e7imlerinde Manavgat Belediye Ba\u015fkanl\u0131\u011f\u0131 i\u00e7in 4 belediye ba\u015fkan\u0131 aday aday\u0131 ba\u015fvurunun bulundu\u011funu s\u00f6zlerine ekledi.<\/p>\n\n\n\n<p>Haber\/Abdurrahman B\u00fcy\u00fckkeskin<\/p>\n","protected":false},"excerpt":{"rendered":"<p>Saadet Partisi (SP) Manavgat \u0130l\u00e7e Ba\u015fkan\u0131 \u0130lhami Demiral, yapt\u0131\u011f\u0131 bas\u0131n a\u00e7\u0131klamas\u0131nda, iktidar\u0131n icra makam\u0131 oldu\u011fu iktidar\u0131n \u0130srail&#8217;in Gazze&#8217;deki soyk\u0131r\u0131m\u0131na kar\u015f\u0131 T\u00fcrkiye&#8217;den g\u00fc\u00e7l\u00fc bir tepki olu\u015fmad\u0131\u011f\u0131n\u0131 <a href=\"https:\/\/akdenizhaber.com.tr\/index.php\/2023\/11\/20\/sp-ilce-baskani-demiral-iktidar-israilin-gazze-soykirimina-tepki-gostermiyor\/\" class=\"read-more-link\">[more&#8230;]<\/a><\/p>\n","protected":false},"author":2,"featured_media":17889,"comment_status":"open","ping_status":"open","sticky":false,"template":"","format":"standard","meta":{"footnotes":""},"categories":[2],"tags":[],"class_list":["post-17888","post","type-post","status-publish","format-standard","has-post-thumbnail","hentry","category-gundem"],"_links":{"self":[{"href":"https:\/\/akdenizhaber.com.tr\/index.php\/wp-json\/wp\/v2\/posts\/17888","targetHints":{"allow":["GET"]}}],"collection":[{"href":"https:\/\/akdenizhaber.com.tr\/index.php\/wp-json\/wp\/v2\/posts"}],"about":[{"href":"https:\/\/akdenizhaber.com.tr\/index.php\/wp-json\/wp\/v2\/types\/post"}],"author":[{"embeddable":true,"href":"https:\/\/akdenizhaber.com.tr\/index.php\/wp-json\/wp\/v2\/users\/2"}],"replies":[{"embeddable":true,"href":"https:\/\/akdenizhaber.com.tr\/index.php\/wp-json\/wp\/v2\/comments?post=17888"}],"version-history":[{"count":0,"href":"https:\/\/akdenizhaber.com.tr\/index.php\/wp-json\/wp\/v2\/posts\/17888\/revisions"}],"wp:featuredmedia":[{"embeddable":true,"href":"https:\/\/akdenizhaber.com.tr\/index.php\/wp-json\/wp\/v2\/media\/17889"}],"wp:attachment":[{"href":"https:\/\/akdenizhaber.com.tr\/index.php\/wp-json\/wp\/v2\/media?parent=17888"}],"wp:term":[{"taxonomy":"category","embeddable":true,"href":"https:\/\/akdenizhaber.com.tr\/index.php\/wp-json\/wp\/v2\/categories?post=17888"},{"taxonomy":"post_tag","embeddable":true,"href":"https:\/\/akdenizhaber.com.tr\/index.php\/wp-json\/wp\/v2\/tags?post=17888"}],"curies":[{"name":"wp","href":"https:\/\/api.w.org\/{rel}","templated":true}]}}