{"id":17876,"date":"2023-11-20T13:59:11","date_gmt":"2023-11-20T10:59:11","guid":{"rendered":"https:\/\/akdenizhaber.com.tr\/?p=17876"},"modified":"2023-11-20T13:59:12","modified_gmt":"2023-11-20T10:59:12","slug":"mantar-ureticisi-mantar-uretiminin-tarim-kapsamina-alinmasini-istiyor","status":"publish","type":"post","link":"https:\/\/akdenizhaber.com.tr\/index.php\/2023\/11\/20\/mantar-ureticisi-mantar-uretiminin-tarim-kapsamina-alinmasini-istiyor\/","title":{"rendered":"Mantar \u00dcreticisi mantar \u00fcretiminin &#8216;tar\u0131m&#8217; kapsam\u0131na al\u0131nmas\u0131n\u0131 istiyor"},"content":{"rendered":"\n<p><\/p>\n\n\n\n<p>Antalya&#8217;n\u0131n yazl\u0131k meyve ambar\u0131 il\u00e7esi Korkuteli ,\u00fclkede k\u00fclt\u00fcr mantar ihtiyac\u0131n\u0131n y\u00fczde 65&#8217;ni kar\u015f\u0131l\u0131yor.<\/p>\n\n\n\n<p>Bir zamanlar devlet memurlar\u0131n\u0131n bile evlerinin bodrum katlar\u0131nda&nbsp; beyaz alt\u0131n ismini vererek yeti\u015ftirdi\u011fi k\u00fclt\u00fcr mantar\u0131n\u0131 Korkuteli&#8217;nde 2 bin 250 hane evlerinin bodrumunda ve meyve saklama&nbsp; deposunu mantar \u00fcretimine haz\u0131r hale getirerek yeti\u015ftirerek aile b\u00fct\u00e7esine katk\u0131 sa\u011fl\u0131yor. Mantar \u00fcretimine ba\u011fl\u0131 \u015eehzade Korkut diyar\u0131 ismi ile bilinen denizden 1000 metre y\u00fcksekte bulunan Korkuteli k\u00fclt\u00fcr mantar\u0131 \u00fcretimine ba\u011fl\u0131 2022 y\u0131l\u0131nda 2 bin 250 mantar \u00fcretimi ile il\u00e7e ekonomisine 111 milyon lira ekonomik girdi olu\u015fturdu\u011fu belirtiliyor. 25 y\u0131ld\u0131r K\u00fclt\u00fcr Mantar\u0131 \u00dcreticili\u011fi yapan \u0130smail T\u0131ra\u015f, &#8220;Mantar \u00fcreticisinin en b\u00fcy\u00fck sorunu &#8216;Mantar yeti\u015ftiricili\u011fi Tar\u0131m ve Orman Bakanl\u0131\u011f\u0131 taraf\u0131ndan &#8216;tar\u0131m&#8217; \u00fcr\u00fcnleri&nbsp; kapsam\u0131nda kabul edilmedi\u011fi i\u00e7in klima \u00e7al\u0131\u015ft\u0131r\u0131yoruz. Tar\u0131m elektri\u011fi kullanmad\u0131\u011f\u0131m\u0131z i\u00e7in elektrik faturalar\u0131 \u00e7ok y\u00fcksek geliyor.&nbsp; Buda maliyeti \u00e7ok y\u00fckseltiyor. Mantar yeti\u015ftiricili\u011fi tar\u0131m \u00fcr\u00fcnleri kapsam\u0131na al\u0131nmal\u0131. Tar\u0131m kapsam\u0131na al\u0131n\u0131rsa \u00fcretici aile say\u0131s\u0131 bir y\u0131l i\u00e7inde 3 bin aileye \u00e7ok rahat ula\u015f\u0131r. Korkuteli&#8217;de mantar \u00fcreticileri mantar birinci fla\u015f\u0131 45-50 g\u00fcn i\u00e7inde \u00e7\u0131kt\u0131\u011f\u0131nda kesimi ailecek kom\u015fu yard\u0131m\u0131 yada g\u00fcnl\u00fc\u011f\u00fc 450 lira yevmiye vererek yap\u0131yoruz. \u00dclkemizde iklim yap\u0131s\u0131 nedeni ile k\u00fclt\u00fcr mantar\u0131 \u00fcretimine en elveri\u015fli il\u00e7e&nbsp; Korkuteli.&#8221;diye konu\u015ftu.<\/p>\n\n\n\n<p>Akdeniz \u00dcniversitesi Korkuteli Meslek Y\u00fcksek Okulu(MYO)&#8217;nun Korkuteli&#8217;nde &#8221; Mantar Yeti\u015ftiricili\u011fi &#8220;B\u00f6l\u00fcm\u00fc bulunuyor.<\/p>\n\n\n\n<p>Haber \/ Abdurrahman B\u00fcy\u00fckkeskin<\/p>\n","protected":false},"excerpt":{"rendered":"<p>Antalya&#8217;n\u0131n yazl\u0131k meyve ambar\u0131 il\u00e7esi Korkuteli ,\u00fclkede k\u00fclt\u00fcr mantar ihtiyac\u0131n\u0131n y\u00fczde 65&#8217;ni kar\u015f\u0131l\u0131yor. Bir zamanlar devlet memurlar\u0131n\u0131n bile evlerinin bodrum katlar\u0131nda&nbsp; beyaz alt\u0131n ismini vererek <a href=\"https:\/\/akdenizhaber.com.tr\/index.php\/2023\/11\/20\/mantar-ureticisi-mantar-uretiminin-tarim-kapsamina-alinmasini-istiyor\/\" class=\"read-more-link\">[more&#8230;]<\/a><\/p>\n","protected":false},"author":2,"featured_media":17877,"comment_status":"open","ping_status":"open","sticky":false,"template":"","format":"standard","meta":{"footnotes":""},"categories":[2],"tags":[],"class_list":["post-17876","post","type-post","status-publish","format-standard","has-post-thumbnail","hentry","category-gundem"],"_links":{"self":[{"href":"https:\/\/akdenizhaber.com.tr\/index.php\/wp-json\/wp\/v2\/posts\/17876","targetHints":{"allow":["GET"]}}],"collection":[{"href":"https:\/\/akdenizhaber.com.tr\/index.php\/wp-json\/wp\/v2\/posts"}],"about":[{"href":"https:\/\/akdenizhaber.com.tr\/index.php\/wp-json\/wp\/v2\/types\/post"}],"author":[{"embeddable":true,"href":"https:\/\/akdenizhaber.com.tr\/index.php\/wp-json\/wp\/v2\/users\/2"}],"replies":[{"embeddable":true,"href":"https:\/\/akdenizhaber.com.tr\/index.php\/wp-json\/wp\/v2\/comments?post=17876"}],"version-history":[{"count":0,"href":"https:\/\/akdenizhaber.com.tr\/index.php\/wp-json\/wp\/v2\/posts\/17876\/revisions"}],"wp:featuredmedia":[{"embeddable":true,"href":"https:\/\/akdenizhaber.com.tr\/index.php\/wp-json\/wp\/v2\/media\/17877"}],"wp:attachment":[{"href":"https:\/\/akdenizhaber.com.tr\/index.php\/wp-json\/wp\/v2\/media?parent=17876"}],"wp:term":[{"taxonomy":"category","embeddable":true,"href":"https:\/\/akdenizhaber.com.tr\/index.php\/wp-json\/wp\/v2\/categories?post=17876"},{"taxonomy":"post_tag","embeddable":true,"href":"https:\/\/akdenizhaber.com.tr\/index.php\/wp-json\/wp\/v2\/tags?post=17876"}],"curies":[{"name":"wp","href":"https:\/\/api.w.org\/{rel}","templated":true}]}}