{"id":17847,"date":"2023-11-18T11:27:13","date_gmt":"2023-11-18T08:27:13","guid":{"rendered":"https:\/\/akdenizhaber.com.tr\/?p=17847"},"modified":"2023-11-18T11:27:14","modified_gmt":"2023-11-18T08:27:14","slug":"turgay-akar-basvurusunu-yapti-baslasin-manavgat-yuzyili","status":"publish","type":"post","link":"https:\/\/akdenizhaber.com.tr\/index.php\/2023\/11\/18\/turgay-akar-basvurusunu-yapti-baslasin-manavgat-yuzyili\/","title":{"rendered":"Turgay Akar Ba\u015fvurusunu yapt\u0131; \u201cBa\u015flas\u0131n Manavgat Y\u00fczy\u0131l\u0131\u201d"},"content":{"rendered":"\n<p><\/p>\n\n\n\n<p>Serbest Muhasebeci Mali M\u00fc\u015favir, MAS\u0130AD eski ba\u015fkan\u0131, tar\u0131m i\u015fletmeleri sahibi Turgay Akar 31 Mart 2024 tarihinde yap\u0131lacak olan se\u00e7imlerde Ak Partiden Manavgat Belediye ba\u015fkanl\u0131\u011f\u0131na aday aday\u0131 ba\u015fvurusunu resmen ge\u00e7ti\u011fimiz hafta sonu yapt\u0131.<\/p>\n\n\n\n<p>\u201cBa\u015flas\u0131n Manavgat Y\u00fczy\u0131l\u0131\u201d slogan\u0131 ile aylard\u0131r saha \u00e7al\u0131\u015fmalar\u0131n\u0131 s\u00fcrd\u00fcren se\u00e7menleri tek tek ziyaret ederek projelerini anlatan Turgay Akar \u201cHedefte Manavgat\u2019\u0131 lay\u0131k oldu\u011fu yere ta\u015f\u0131mak var\u201d dedi.<\/p>\n\n\n\n<p>Ak Parti il\u00e7e ba\u015fkan\u0131 Ahmet Ali Erol\u2019a ba\u015fvuru dilek\u00e7esini imzalayarak takdim eden Turgay Akar, partililerle bir araya gelerek Manavgat\u2019ta belediyecilikte Ak Parti vaktinin geldi\u011fini ifade ederek 31 Mart 2024 tarihinde yap\u0131lacak se\u00e7imleri Ak Partinin kazanaca\u011f\u0131n\u0131 s\u00f6yledi.<\/p>\n\n\n\n<p>Turgay Akar, Manavgat\u2019\u0131n d\u00fcnya kenti oldu\u011funu bug\u00fcnlerden daha iyi yerlere gelmesi gerekti\u011fine inand\u0131\u011f\u0131 i\u00e7in Ak Partiden aday aday\u0131 olarak Cumhurba\u015fkan\u0131 ve Ak Parti genel ba\u015fkan\u0131 Recep Tayyip Erdo\u011fan\u2019\u0131n&nbsp; \u2018T\u00fcrkiye Y\u00fczy\u0131l\u0131\u2019 hedefiyle yola \u00e7\u0131kt\u0131\u011f\u0131na dikkat \u00e7ekerek, ayn\u0131 d\u00fc\u015f\u00fcnce ve duygularla Manavgat\u2019ta yeni bir d\u00f6neme Ak Parti ile imza atacaklar\u0131n\u0131 s\u00f6zlerine ekledi.<\/p>\n\n\n\n<p>\u0130BRE AKAR\u2019DAN YANA<\/p>\n\n\n\n<p>Manavgat\u2019ta yap\u0131lan anketler ve se\u00e7menle yap\u0131lan g\u00f6r\u00fc\u015fmelerde Turgay Akar\u2019\u0131n \u015fans\u0131n\u0131n y\u00fcksek oldu\u011funa inand\u0131klar\u0131n\u0131 s\u00f6yleyen se\u00e7menler ise \u015f\u00f6yle konu\u015ftu;<\/p>\n\n\n\n<p>\u201c\u00c7al\u0131\u015fkan, d\u00fcr\u00fcst, bu g\u00fcne dek ismi hi\u00e7bir \u015faibeyle an\u0131lmayan ve Manavgat\u2019ta tan\u0131nm\u0131\u015f ki\u015fili\u011fi ile t\u00fcm siyasi kesimler taraf\u0131ndan sevilen Turgay Akar\u2019\u0131n Belediye ba\u015fkan aday aday\u0131 olarak yapt\u0131\u011f\u0131 \u00e7al\u0131\u015fmalardan ve ziyaretlerden \u00e7ok memnunuz, Ak Parti ile Turgay Akar\u2019\u0131n kentimize yeni bir h\u00fcviyet kazand\u0131raca\u011f\u0131na ve Manavgat\u2019\u0131 daha g\u00fczel yerlere getirece\u011fine inan\u0131yoruz. Hay\u0131rl\u0131 olsun dileklerimizle ba\u015far\u0131lar diliyoruz\u201d dediler.<\/p>\n\n\n\n<p>(Haber Merkezi)<\/p>\n","protected":false},"excerpt":{"rendered":"<p>Serbest Muhasebeci Mali M\u00fc\u015favir, MAS\u0130AD eski ba\u015fkan\u0131, tar\u0131m i\u015fletmeleri sahibi Turgay Akar 31 Mart 2024 tarihinde yap\u0131lacak olan se\u00e7imlerde Ak Partiden Manavgat Belediye ba\u015fkanl\u0131\u011f\u0131na aday <a href=\"https:\/\/akdenizhaber.com.tr\/index.php\/2023\/11\/18\/turgay-akar-basvurusunu-yapti-baslasin-manavgat-yuzyili\/\" class=\"read-more-link\">[more&#8230;]<\/a><\/p>\n","protected":false},"author":2,"featured_media":17848,"comment_status":"open","ping_status":"open","sticky":false,"template":"","format":"standard","meta":{"footnotes":""},"categories":[2],"tags":[],"class_list":["post-17847","post","type-post","status-publish","format-standard","has-post-thumbnail","hentry","category-gundem"],"_links":{"self":[{"href":"https:\/\/akdenizhaber.com.tr\/index.php\/wp-json\/wp\/v2\/posts\/17847","targetHints":{"allow":["GET"]}}],"collection":[{"href":"https:\/\/akdenizhaber.com.tr\/index.php\/wp-json\/wp\/v2\/posts"}],"about":[{"href":"https:\/\/akdenizhaber.com.tr\/index.php\/wp-json\/wp\/v2\/types\/post"}],"author":[{"embeddable":true,"href":"https:\/\/akdenizhaber.com.tr\/index.php\/wp-json\/wp\/v2\/users\/2"}],"replies":[{"embeddable":true,"href":"https:\/\/akdenizhaber.com.tr\/index.php\/wp-json\/wp\/v2\/comments?post=17847"}],"version-history":[{"count":0,"href":"https:\/\/akdenizhaber.com.tr\/index.php\/wp-json\/wp\/v2\/posts\/17847\/revisions"}],"wp:featuredmedia":[{"embeddable":true,"href":"https:\/\/akdenizhaber.com.tr\/index.php\/wp-json\/wp\/v2\/media\/17848"}],"wp:attachment":[{"href":"https:\/\/akdenizhaber.com.tr\/index.php\/wp-json\/wp\/v2\/media?parent=17847"}],"wp:term":[{"taxonomy":"category","embeddable":true,"href":"https:\/\/akdenizhaber.com.tr\/index.php\/wp-json\/wp\/v2\/categories?post=17847"},{"taxonomy":"post_tag","embeddable":true,"href":"https:\/\/akdenizhaber.com.tr\/index.php\/wp-json\/wp\/v2\/tags?post=17847"}],"curies":[{"name":"wp","href":"https:\/\/api.w.org\/{rel}","templated":true}]}}