{"id":17844,"date":"2023-11-18T11:26:11","date_gmt":"2023-11-18T08:26:11","guid":{"rendered":"https:\/\/akdenizhaber.com.tr\/?p=17844"},"modified":"2023-11-18T11:26:12","modified_gmt":"2023-11-18T08:26:12","slug":"bekir-caliskan-futbol-ile-anildi","status":"publish","type":"post","link":"https:\/\/akdenizhaber.com.tr\/index.php\/2023\/11\/18\/bekir-caliskan-futbol-ile-anildi\/","title":{"rendered":"Bekir \u00c7al\u0131\u015fkan Futbol \u0130le An\u0131ld\u0131\u00a0"},"content":{"rendered":"\n<p><\/p>\n\n\n\n<p>Efsane antren\u00f6r rahmetli Bekir \u00c7al\u0131\u015fkan, Manavgat Belediyesi\u2019nin d\u00fczenledi\u011fi futbol turnuvas\u0131yla an\u0131ld\u0131.<\/p>\n\n\n\n<p>Manavgat Belediyesi, 2011 y\u0131l\u0131nda hayat\u0131n\u0131 kaybeden hocalar\u0131n hocas\u0131, efsane antren\u00f6r Bekir \u00c7al\u0131\u015fkan an\u0131s\u0131na futbol turnuvas\u0131 d\u00fczenledi. Sar\u0131lar Futbol Sahas\u0131nda d\u00fczenlenen futbol turnuvas\u0131na Manavgat Belediye Ba\u015fkan\u0131 \u015e\u00fckr\u00fc S\u00f6zen, merhum Bekir \u00c7al\u0131\u015fkan\u2019\u0131n ailesi, antren\u00f6rler, sporcular\u0131n aileleri ve futbol severler kat\u0131ld\u0131. U-10 ya\u015f kategorisinde 8 tak\u0131mla d\u00fczenlenen turnuvada 140 sporcu ter d\u00f6kt\u00fc. Manavgat Belediye Ba\u015fkan\u0131 \u015e\u00fckr\u00fc S\u00f6zen, k\u00fc\u00e7\u00fck sporcularla tek tek ilgilendi, Bekir \u00c7al\u0131\u015fkan\u2019\u0131n ailesiyle uzun uzun sohbet etti.<\/p>\n\n\n\n<p>BA\u015eLANGI\u00c7 VURU\u015eU A\u0130LES\u0130NDEN<\/p>\n\n\n\n<p>Turnuvan\u0131n ba\u015flang\u0131\u00e7 vuru\u015funu Bekir \u00c7al\u0131\u015fkan\u2019\u0131n e\u015fi Nuriye \u00c7al\u0131\u015fkan ve o\u011flu Semih \u00c7al\u0131\u015fkan yapt\u0131. Turnuvada yer alan tak\u0131mlara plaketlerini ve kat\u0131l\u0131m belgelerini Manavgat Belediye Ba\u015fkan\u0131 \u015e\u00fckr\u00fc S\u00f6zen takdim etti. Turnuvay\u0131 b\u00fcy\u00fck bir merakla takip eden aileler, b\u00f6ylesine anlaml\u0131 bir etkinli\u011fi d\u00fczenledi\u011fi i\u00e7in Ba\u015fkan \u015e\u00fckr\u00fc S\u00f6zen\u2019e te\u015fekk\u00fcr etti. Turnuvaya kat\u0131lan k\u00fc\u00e7\u00fck sporcular, Sar\u0131lar Mezarl\u0131\u011f\u0131\u2019na giderek rahmetli Bekir \u00c7al\u0131\u015fkan\u2019a da dua etmeyi ihmal etmedi. &nbsp;<\/p>\n\n\n\n<p>S\u00d6ZEN: \u201cFUTBOLU SEV\u0130YORUZ\u201d<\/p>\n\n\n\n<p>Manavgat Belediye Ba\u015fkan\u0131 \u015e\u00fckr\u00fc S\u00f6zen, Manavgat futboluna y\u0131llarca beklentisiz bir \u015fekilde emek veren rahmetli Bekir \u00c7al\u0131\u015fkan an\u0131s\u0131na d\u00fczenlenen turnuvan\u0131n \u00f6nemli bir amaca hizmet etti\u011fini s\u00f6yledi. Ba\u015fkan \u015e\u00fckr\u00fc S\u00f6zen \u201c 7 tak\u0131m ve 140 futbolcumuzun, velilerin ve antren\u00f6rlerin kat\u0131l\u0131m\u0131yla herkesin keyifle izledi\u011fi g\u00fczel bir turnuvay\u0131 ger\u00e7ekle\u015ftirdik. Hocam\u0131z\u0131n de\u011ferli ailesi de buradayd\u0131, kendisine bir kez daha Allah\u2019tan rahmet diliyorum. Futbolu kent olarak seviyoruz. Futbolda \u00e7ok daha \u00fcst noktalarda olmam\u0131z gerekti\u011fini de biliyoruz. Altyap\u0131ya \u00f6nem vererek, kendi yeti\u015ftirdi\u011fimiz de\u011ferlerimizin bir yerlere gelmesini istiyoruz. Futbolda hak edece\u011fimiz yeri yakalayaca\u011f\u0131m\u0131z kanaatiyle, b\u00fct\u00fcn mahallelerimizde tak\u0131mlar\u0131m\u0131za tesis, malzeme, e\u011fitim destekleri yapmaya gayret ediyoruz. B\u00f6lgesel liglerde, U-16, U-17, U-18 ya\u015f gruplar\u0131nda s\u00fcrekli dereceler al\u0131yoruz. Bu da bizi mutlu ediyor. Manavgat, futbolu seviyor. \u0130n\u015fallah \u00e7ocuklar\u0131m\u0131z\u0131n heyecan\u0131yla Manavgat\u2019\u0131n futbolda \u00f6nemli bir noktaya gelece\u011fine inan\u0131yorum. Sporcular\u0131m\u0131z\u0131n her birine ba\u015far\u0131lar diliyorum\u201d dedi.<\/p>\n\n\n\n<p>Manavgat Belediyesi \/ B\u00fclten<\/p>\n","protected":false},"excerpt":{"rendered":"<p>Efsane antren\u00f6r rahmetli Bekir \u00c7al\u0131\u015fkan, Manavgat Belediyesi\u2019nin d\u00fczenledi\u011fi futbol turnuvas\u0131yla an\u0131ld\u0131. Manavgat Belediyesi, 2011 y\u0131l\u0131nda hayat\u0131n\u0131 kaybeden hocalar\u0131n hocas\u0131, efsane antren\u00f6r Bekir \u00c7al\u0131\u015fkan an\u0131s\u0131na futbol <a href=\"https:\/\/akdenizhaber.com.tr\/index.php\/2023\/11\/18\/bekir-caliskan-futbol-ile-anildi\/\" class=\"read-more-link\">[more&#8230;]<\/a><\/p>\n","protected":false},"author":2,"featured_media":17845,"comment_status":"open","ping_status":"open","sticky":false,"template":"","format":"standard","meta":{"footnotes":""},"categories":[2],"tags":[],"class_list":["post-17844","post","type-post","status-publish","format-standard","has-post-thumbnail","hentry","category-gundem"],"_links":{"self":[{"href":"https:\/\/akdenizhaber.com.tr\/index.php\/wp-json\/wp\/v2\/posts\/17844","targetHints":{"allow":["GET"]}}],"collection":[{"href":"https:\/\/akdenizhaber.com.tr\/index.php\/wp-json\/wp\/v2\/posts"}],"about":[{"href":"https:\/\/akdenizhaber.com.tr\/index.php\/wp-json\/wp\/v2\/types\/post"}],"author":[{"embeddable":true,"href":"https:\/\/akdenizhaber.com.tr\/index.php\/wp-json\/wp\/v2\/users\/2"}],"replies":[{"embeddable":true,"href":"https:\/\/akdenizhaber.com.tr\/index.php\/wp-json\/wp\/v2\/comments?post=17844"}],"version-history":[{"count":0,"href":"https:\/\/akdenizhaber.com.tr\/index.php\/wp-json\/wp\/v2\/posts\/17844\/revisions"}],"wp:featuredmedia":[{"embeddable":true,"href":"https:\/\/akdenizhaber.com.tr\/index.php\/wp-json\/wp\/v2\/media\/17845"}],"wp:attachment":[{"href":"https:\/\/akdenizhaber.com.tr\/index.php\/wp-json\/wp\/v2\/media?parent=17844"}],"wp:term":[{"taxonomy":"category","embeddable":true,"href":"https:\/\/akdenizhaber.com.tr\/index.php\/wp-json\/wp\/v2\/categories?post=17844"},{"taxonomy":"post_tag","embeddable":true,"href":"https:\/\/akdenizhaber.com.tr\/index.php\/wp-json\/wp\/v2\/tags?post=17844"}],"curies":[{"name":"wp","href":"https:\/\/api.w.org\/{rel}","templated":true}]}}