{"id":17812,"date":"2023-11-17T11:53:13","date_gmt":"2023-11-17T08:53:13","guid":{"rendered":"https:\/\/akdenizhaber.com.tr\/?p=17812"},"modified":"2023-11-17T11:53:14","modified_gmt":"2023-11-17T08:53:14","slug":"celtikci-okuluna-oyun-parki","status":"publish","type":"post","link":"https:\/\/akdenizhaber.com.tr\/index.php\/2023\/11\/17\/celtikci-okuluna-oyun-parki\/","title":{"rendered":"\u00c7eltik\u00e7i Okuluna Oyun Park\u0131"},"content":{"rendered":"\n<p><\/p>\n\n\n\n<p>Antalya B\u00fcy\u00fck\u015fehir Belediyesi, Manavgat\u2019\u0131n \u00c7eltik\u00e7i Mahalle ilkokulu bah\u00e7esine \u00e7ocuklar i\u00e7in oyun park\u0131 olu\u015fturdu. Okullar\u0131nda ilk kez oyun park\u0131 ile tan\u0131\u015fan \u00e7ocuklar ve veliler Ba\u015fkan Muhittin B\u00f6cek\u2019e te\u015fekk\u00fcr etti.<\/p>\n\n\n\n<p>\u00d6\u011frencilere ve okullara her f\u0131rsatta destekte bulunan Antalya B\u00fcy\u00fck\u015fehir Belediyesi, Manavgat \u00c7elkti\u00e7i \u0130lkokulu bah\u00e7esine \u00e7ocuklar i\u00e7in oyun park\u0131 ve oturma gruplar\u0131 kurdu. Bug\u00fcne kadar oyun grubu bulunmayan \u00c7eltik\u00e7i ilkokulunda yeni oyun park\u0131 ve oturma gruplar\u0131 \u00e7ocuklar taraf\u0131ndan sevin\u00e7le kar\u015f\u0131land\u0131. \u00c7e\u015fitli oyun aparatlar\u0131n montaj\u0131 ve \u00e7evre d\u00fczenlemesinin yap\u0131ld\u0131\u011f\u0131 okulda, \u00f6\u011frenciler teneff\u00fcs aralar\u0131nda oyunlar\u0131n\u0131 doyas\u0131ya ya\u015fayacak.<\/p>\n\n\n\n<p>BA\u015eKAN B\u00d6CEK\u2019E TE\u015eEKK\u00dcR<\/p>\n\n\n\n<p>\u00c7eltik\u00e7i \u0130lkokulu velisi \u00d6zlem Cengiz&nbsp; \u201cOkulumuzun bah\u00e7esinde oyun guruplar\u0131 yoktu. Talebimiz do\u011frultusunda Antalya B\u00fcy\u00fck\u015fehir Belediye\u2019si okul bah\u00e7emize oyun gruplar\u0131n\u0131 kuruyorlar. Daha \u00f6nce bah\u00e7enin oyun oynanan b\u00f6l\u00fcm\u00fc beton ve d\u00fczensizdi. Okulumuzun bah\u00e7esine yerle\u015ftirilen oyun gruplar\u0131yla \u00e7ocuklar\u0131m\u0131z\u0131n \u00e7ok sevindi\u011fi ve talebimizi k\u0131rmayarak bizleri sevindiren Antalya B\u00fcy\u00fck\u015fehir Belediye Ba\u015fkan\u0131m\u0131z Muhittin B\u00f6cek ba\u015fkan\u0131m\u0131z ve eme\u011fi ge\u00e7en t\u00fcm \u00e7al\u0131\u015fanlara mahallem, okulum ve kendi ad\u0131ma \u00e7ok te\u015fekk\u00fcr ediyorum \u201ddedi.<\/p>\n\n\n\n<p>Antalya B\u00fcy\u00fck\u015fehir Belediyesi \/ B\u00fclten<\/p>\n","protected":false},"excerpt":{"rendered":"<p>Antalya B\u00fcy\u00fck\u015fehir Belediyesi, Manavgat\u2019\u0131n \u00c7eltik\u00e7i Mahalle ilkokulu bah\u00e7esine \u00e7ocuklar i\u00e7in oyun park\u0131 olu\u015fturdu. Okullar\u0131nda ilk kez oyun park\u0131 ile tan\u0131\u015fan \u00e7ocuklar ve veliler Ba\u015fkan Muhittin <a href=\"https:\/\/akdenizhaber.com.tr\/index.php\/2023\/11\/17\/celtikci-okuluna-oyun-parki\/\" class=\"read-more-link\">[more&#8230;]<\/a><\/p>\n","protected":false},"author":2,"featured_media":17813,"comment_status":"open","ping_status":"open","sticky":false,"template":"","format":"standard","meta":{"footnotes":""},"categories":[2],"tags":[],"class_list":["post-17812","post","type-post","status-publish","format-standard","has-post-thumbnail","hentry","category-gundem"],"_links":{"self":[{"href":"https:\/\/akdenizhaber.com.tr\/index.php\/wp-json\/wp\/v2\/posts\/17812","targetHints":{"allow":["GET"]}}],"collection":[{"href":"https:\/\/akdenizhaber.com.tr\/index.php\/wp-json\/wp\/v2\/posts"}],"about":[{"href":"https:\/\/akdenizhaber.com.tr\/index.php\/wp-json\/wp\/v2\/types\/post"}],"author":[{"embeddable":true,"href":"https:\/\/akdenizhaber.com.tr\/index.php\/wp-json\/wp\/v2\/users\/2"}],"replies":[{"embeddable":true,"href":"https:\/\/akdenizhaber.com.tr\/index.php\/wp-json\/wp\/v2\/comments?post=17812"}],"version-history":[{"count":0,"href":"https:\/\/akdenizhaber.com.tr\/index.php\/wp-json\/wp\/v2\/posts\/17812\/revisions"}],"wp:featuredmedia":[{"embeddable":true,"href":"https:\/\/akdenizhaber.com.tr\/index.php\/wp-json\/wp\/v2\/media\/17813"}],"wp:attachment":[{"href":"https:\/\/akdenizhaber.com.tr\/index.php\/wp-json\/wp\/v2\/media?parent=17812"}],"wp:term":[{"taxonomy":"category","embeddable":true,"href":"https:\/\/akdenizhaber.com.tr\/index.php\/wp-json\/wp\/v2\/categories?post=17812"},{"taxonomy":"post_tag","embeddable":true,"href":"https:\/\/akdenizhaber.com.tr\/index.php\/wp-json\/wp\/v2\/tags?post=17812"}],"curies":[{"name":"wp","href":"https:\/\/api.w.org\/{rel}","templated":true}]}}