{"id":17809,"date":"2023-11-17T11:52:31","date_gmt":"2023-11-17T08:52:31","guid":{"rendered":"https:\/\/akdenizhaber.com.tr\/?p=17809"},"modified":"2023-11-17T11:52:32","modified_gmt":"2023-11-17T08:52:32","slug":"afadin-calismalari-hiz-kesmiyor","status":"publish","type":"post","link":"https:\/\/akdenizhaber.com.tr\/index.php\/2023\/11\/17\/afadin-calismalari-hiz-kesmiyor\/","title":{"rendered":"AFAD\u2019\u0131n \u00c7al\u0131\u015fmalar\u0131 H\u0131z Kesmiyor"},"content":{"rendered":"\n<p><\/p>\n\n\n\n<p>Afet ve Acil Durum Y\u00f6netimi Ba\u015fkanl\u0131\u011f\u0131 (AFAD) taraf\u0131ndan g\u00f6n\u00fcll\u00fclere y\u00f6nelik s\u00fcrd\u00fcr\u00fclen e\u011fitim \u00e7al\u0131\u015fmalar\u0131 ge\u00e7ti\u011fimiz g\u00fcnlerde Manavgat\u2019ta s\u00fcrd\u00fcr\u00fcld\u00fc.<\/p>\n\n\n\n<p>Afad e\u011fitimleri i\u00e7eri\u011finde geni\u015f kapsaml\u0131 hafif arama ve kurtarma e\u011fitimi ile birlikte ilkyard\u0131m e\u011fitimi, yang\u0131n ve insani yard\u0131m e\u011fitimi verildi.<br>\u00dclkemizin deprem faylar\u0131 \u00fczerinde olmas\u0131 nedeniyle ve ge\u00e7ti\u011fimiz y\u0131l ya\u015fad\u0131\u011f\u0131m\u0131z b\u00fcy\u00fck deprem sonras\u0131 35 bine yak\u0131n binan\u0131n y\u0131k\u0131lmas\u0131,51 bine yak\u0131n insan\u0131m\u0131z\u0131n kaybedilmesinin ard\u0131ndan AFAD yurt genelinde oldu\u011fu gibi il\u00e7emizdeki g\u00f6n\u00fcll\u00fclerle s\u0131k s\u0131k bir araya gelerek e\u011fitimlerini s\u00fcrd\u00fcrmeye devam ediyor.<br>\u0130\u00e7i\u015fleri bakanl\u0131\u011f\u0131na ba\u011fl\u0131 olarak kurulan Afad g\u00f6n\u00fcll\u00fcl\u00fck projeleri kapsam\u0131nda e\u011fitimlerine ara vermeden \u00e7al\u0131\u015fmas\u0131 meydana gelebilecek do\u011fal afetlere kar\u015f\u0131n arama, kurtarma ekiplerinin g\u00fcn\u00fcn her saatinde haz\u0131r olmas\u0131 kapsam\u0131nda s\u00fcrd\u00fcr\u00fclen e\u011fitimlerin \u00e7ok ba\u015far\u0131l\u0131 ge\u00e7ti\u011fine dikkat \u00e7eken Afad Manavgat G\u00f6n\u00fcll\u00fcler koordinat\u00f6r\u00fc Abd\u00fclselam Aydemir, son e\u011fitimlerde milli e\u011fitimde dahil 63 ki\u015fiye gerekli e\u011fitimlerin verildi\u011fini s\u00f6yledi.<\/p>\n\n\n\n<p>Yurt genelinde oldu\u011fu gibi il\u00e7emiz Afad g\u00f6n\u00fcll\u00fclerinde \u00e7al\u0131\u015fmalar\u0131n\u0131 s\u00fcrekli devam etti\u011fine dikkat \u00e7eken Abd\u00fclselam Aydemir \u201cSon yapt\u0131\u011f\u0131m\u0131z be\u015f g\u00fcnl\u00fck e\u011fitim kapsam\u0131nda Antalya il m\u00fcd\u00fcrl\u00fc\u011f\u00fcnden gelen uzman ekipler Manavgat\u2019taki g\u00f6n\u00fcll\u00fclerimize \u00e7ad\u0131r kurma e\u011fitimi verirken, di\u011fer taraftan y\u0131k\u0131lan binalar\u0131n alt\u0131nda kalan vatanda\u015flar\u0131m\u0131z\u0131 ya\u015fama d\u00f6nd\u00fcrmek ad\u0131na kolon kesme, duvarlar\u0131 kald\u0131rma gibi e\u011fitimler verildi. \u00d6n\u00fcm\u00fczdeki g\u00fcnlerde ise yang\u0131n ve ilk yard\u0131m e\u011fitimlerimiz devam edecek\u201ddedi.<\/p>\n\n\n\n<p>(Haber Merkezi)<\/p>\n","protected":false},"excerpt":{"rendered":"<p>Afet ve Acil Durum Y\u00f6netimi Ba\u015fkanl\u0131\u011f\u0131 (AFAD) taraf\u0131ndan g\u00f6n\u00fcll\u00fclere y\u00f6nelik s\u00fcrd\u00fcr\u00fclen e\u011fitim \u00e7al\u0131\u015fmalar\u0131 ge\u00e7ti\u011fimiz g\u00fcnlerde Manavgat\u2019ta s\u00fcrd\u00fcr\u00fcld\u00fc. Afad e\u011fitimleri i\u00e7eri\u011finde geni\u015f kapsaml\u0131 hafif arama ve <a href=\"https:\/\/akdenizhaber.com.tr\/index.php\/2023\/11\/17\/afadin-calismalari-hiz-kesmiyor\/\" class=\"read-more-link\">[more&#8230;]<\/a><\/p>\n","protected":false},"author":2,"featured_media":17810,"comment_status":"open","ping_status":"open","sticky":false,"template":"","format":"standard","meta":{"footnotes":""},"categories":[2],"tags":[],"class_list":["post-17809","post","type-post","status-publish","format-standard","has-post-thumbnail","hentry","category-gundem"],"_links":{"self":[{"href":"https:\/\/akdenizhaber.com.tr\/index.php\/wp-json\/wp\/v2\/posts\/17809","targetHints":{"allow":["GET"]}}],"collection":[{"href":"https:\/\/akdenizhaber.com.tr\/index.php\/wp-json\/wp\/v2\/posts"}],"about":[{"href":"https:\/\/akdenizhaber.com.tr\/index.php\/wp-json\/wp\/v2\/types\/post"}],"author":[{"embeddable":true,"href":"https:\/\/akdenizhaber.com.tr\/index.php\/wp-json\/wp\/v2\/users\/2"}],"replies":[{"embeddable":true,"href":"https:\/\/akdenizhaber.com.tr\/index.php\/wp-json\/wp\/v2\/comments?post=17809"}],"version-history":[{"count":0,"href":"https:\/\/akdenizhaber.com.tr\/index.php\/wp-json\/wp\/v2\/posts\/17809\/revisions"}],"wp:featuredmedia":[{"embeddable":true,"href":"https:\/\/akdenizhaber.com.tr\/index.php\/wp-json\/wp\/v2\/media\/17810"}],"wp:attachment":[{"href":"https:\/\/akdenizhaber.com.tr\/index.php\/wp-json\/wp\/v2\/media?parent=17809"}],"wp:term":[{"taxonomy":"category","embeddable":true,"href":"https:\/\/akdenizhaber.com.tr\/index.php\/wp-json\/wp\/v2\/categories?post=17809"},{"taxonomy":"post_tag","embeddable":true,"href":"https:\/\/akdenizhaber.com.tr\/index.php\/wp-json\/wp\/v2\/tags?post=17809"}],"curies":[{"name":"wp","href":"https:\/\/api.w.org\/{rel}","templated":true}]}}