{"id":17796,"date":"2023-11-17T11:50:09","date_gmt":"2023-11-17T08:50:09","guid":{"rendered":"https:\/\/akdenizhaber.com.tr\/?p=17796"},"modified":"2023-11-17T11:50:09","modified_gmt":"2023-11-17T08:50:09","slug":"myp-manavgat-ilce-baskani-ismail-yaman-oldu","status":"publish","type":"post","link":"https:\/\/akdenizhaber.com.tr\/index.php\/2023\/11\/17\/myp-manavgat-ilce-baskani-ismail-yaman-oldu\/","title":{"rendered":"MYP Manavgat \u0130l\u00e7e Ba\u015fkan\u0131\u00a0 \u0130smail Yaman oldu"},"content":{"rendered":"\n<p><\/p>\n\n\n\n<p>Milli Yol Partisi( MYP) Manavgat \u0130l\u00e7e Ba\u015fkan\u0131 Ali \u0130hsan K\u0131l\u0131n\u00e7&#8217;in \u0130l\u00e7e Ba\u015fkanl\u0131\u011f\u0131 g\u00f6revinden istifas\u0131 sonras\u0131 yeni \u0130l\u00e7e Ba\u015fkan\u0131 \u0130smail Yaman oldu .Yeni MYP Manavgat \u0130l\u00e7e Ba\u015fkan\u0131 \u0130smail Yaman partisinin Kurucular Kurulu \u00dcyesi Mehmet \u00c7ay\u0131r ile birlikte yapt\u0131\u011f\u0131 a\u00e7\u0131klama da partilerinin kurulu\u015f a\u015famas\u0131 ve \u0130l\u00e7e Ba\u015fkanl\u0131\u011f\u0131 s\u00fcresince partilerine yapt\u0131\u011f\u0131 katk\u0131lar ve emekleri i\u00e7in eski \u0130l\u00e7e Ba\u015fkan\u0131 Ali \u0130hsan K\u0131l\u0131n\u00e7&#8217;a te\u015fekk\u00fcr\u00fc bir bor\u00e7 bildiklerini s\u00f6yledi.<\/p>\n\n\n\n<p>MYP \u0130l\u00e7e Ba\u015fkan\u0131 \u0130smail Yaman, partilerinin 31 Mart 2024 Mahalli \u0130dareler Genel Se\u00e7iminde Manavgat&#8217;ta Belediye Ba\u015fkan\u0131 Aday\u0131 \u00e7\u0131karacaklar\u0131n\u0131 a\u00e7\u0131klad\u0131.<\/p>\n\n\n\n<p>MYP. Manavgat \u0130l\u00e7e Ba\u015fkan\u0131 \u0130smail Yaman, &#8220;Parti olarak yeni bir partiyiz. Partimizin kurulu\u015f ilke ve siyaseti; temiz siyaset, \u00e7o\u011fulcu ve kat\u0131l\u0131mc\u0131 ,demokrasi ki\u015fi hak , hukuk, \u00f6zg\u00fcrl\u00fckleri, ki\u015fi hak ve h\u00fcrriyeti ile d\u00fc\u015f\u00fcnce \u00f6zg\u00fcrl\u00fc\u011f\u00fcn\u00fc \u00f6n planda tutan bir partiyiz. K\u0131rm\u0131z\u0131 \u00e7izgimiz d\u00fc\u015f\u00fcnce, ifade ve bas\u0131n \u00f6zg\u00fcrl\u00fc\u011f\u00fcd\u00fcr. MYP&#8217;nin siyasi kimli\u011fi merhum \u015fehit liderimiz Muhsin Yaz\u0131c\u0131o\u011flu&#8217;nun siyasi d\u00fc\u015f\u00fcnce ve fikirlerini dava arkada\u015f\u0131 liderimiz&nbsp; Remzi \u00c7ay\u0131r ile&nbsp; ileri bir noktaya ta\u015f\u0131makt\u0131r. Partimiz yeni olmas\u0131na kar\u015f\u0131n her gitti\u011fimiz yerde halk\u0131m\u0131zda b\u00fcy\u00fck tevecc\u00fch\u00fc var. Bunda merhum liderimiz Muhsin Yaz\u0131c\u0131o\u011flu&#8217;nun d\u00fcr\u00fcst, ilkeli ve demokratik sivil bir siyaset\u00e7i tavr\u0131 ve \u00fclke meseleleri konusunda net tavr\u0131 ve duru\u015funun sembol\u00fc olmas\u0131d\u0131r.&#8221; diye konu\u015ftu.<\/p>\n\n\n\n<p>Haber\/Abdurrahman B\u00fcy\u00fckkeskin<\/p>\n","protected":false},"excerpt":{"rendered":"<p>Milli Yol Partisi( MYP) Manavgat \u0130l\u00e7e Ba\u015fkan\u0131 Ali \u0130hsan K\u0131l\u0131n\u00e7&#8217;in \u0130l\u00e7e Ba\u015fkanl\u0131\u011f\u0131 g\u00f6revinden istifas\u0131 sonras\u0131 yeni \u0130l\u00e7e Ba\u015fkan\u0131 \u0130smail Yaman oldu .Yeni MYP Manavgat \u0130l\u00e7e <a href=\"https:\/\/akdenizhaber.com.tr\/index.php\/2023\/11\/17\/myp-manavgat-ilce-baskani-ismail-yaman-oldu\/\" class=\"read-more-link\">[more&#8230;]<\/a><\/p>\n","protected":false},"author":2,"featured_media":17797,"comment_status":"open","ping_status":"open","sticky":false,"template":"","format":"standard","meta":{"footnotes":""},"categories":[2],"tags":[],"class_list":["post-17796","post","type-post","status-publish","format-standard","has-post-thumbnail","hentry","category-gundem"],"_links":{"self":[{"href":"https:\/\/akdenizhaber.com.tr\/index.php\/wp-json\/wp\/v2\/posts\/17796","targetHints":{"allow":["GET"]}}],"collection":[{"href":"https:\/\/akdenizhaber.com.tr\/index.php\/wp-json\/wp\/v2\/posts"}],"about":[{"href":"https:\/\/akdenizhaber.com.tr\/index.php\/wp-json\/wp\/v2\/types\/post"}],"author":[{"embeddable":true,"href":"https:\/\/akdenizhaber.com.tr\/index.php\/wp-json\/wp\/v2\/users\/2"}],"replies":[{"embeddable":true,"href":"https:\/\/akdenizhaber.com.tr\/index.php\/wp-json\/wp\/v2\/comments?post=17796"}],"version-history":[{"count":0,"href":"https:\/\/akdenizhaber.com.tr\/index.php\/wp-json\/wp\/v2\/posts\/17796\/revisions"}],"wp:featuredmedia":[{"embeddable":true,"href":"https:\/\/akdenizhaber.com.tr\/index.php\/wp-json\/wp\/v2\/media\/17797"}],"wp:attachment":[{"href":"https:\/\/akdenizhaber.com.tr\/index.php\/wp-json\/wp\/v2\/media?parent=17796"}],"wp:term":[{"taxonomy":"category","embeddable":true,"href":"https:\/\/akdenizhaber.com.tr\/index.php\/wp-json\/wp\/v2\/categories?post=17796"},{"taxonomy":"post_tag","embeddable":true,"href":"https:\/\/akdenizhaber.com.tr\/index.php\/wp-json\/wp\/v2\/tags?post=17796"}],"curies":[{"name":"wp","href":"https:\/\/api.w.org\/{rel}","templated":true}]}}