{"id":17793,"date":"2023-11-17T11:49:33","date_gmt":"2023-11-17T08:49:33","guid":{"rendered":"https:\/\/akdenizhaber.com.tr\/?p=17793"},"modified":"2023-11-17T11:49:34","modified_gmt":"2023-11-17T08:49:34","slug":"karavan-da-tatilin-oncusu-merhum-sumer-tilmactir","status":"publish","type":"post","link":"https:\/\/akdenizhaber.com.tr\/index.php\/2023\/11\/17\/karavan-da-tatilin-oncusu-merhum-sumer-tilmactir\/","title":{"rendered":"Karavan da tatilin \u00f6nc\u00fcs\u00fc merhum S\u00fcmer Tilma\u00e7&#8217;t\u0131r"},"content":{"rendered":"\n<p><\/p>\n\n\n\n<p>8 y\u0131l \u00f6nce vefat eden \u00fcnl\u00fc tiyatro ve sinema oyuncusu S\u00fcmer Tilma\u00e7&#8217;\u0131n sahne dekorlar\u0131 dan\u0131\u015fman\u0131 Nazmi Can, Antalya b\u00f6lgesinde karavanla&nbsp; ve karavan da tatil yapman\u0131n \u00f6nc\u00fcs\u00fcn\u00fcn&nbsp; S\u00fcmer Tilma\u00e7 oldu\u011funu s\u00f6yledi.<\/p>\n\n\n\n<p>\u00dcnl\u00fc tiyatro ve sinema oyuncusu S\u00fcmer Tilma\u00e7&#8217;\u0131 kalp krizi sonras\u0131 kaybetmenin 8 y\u0131ld\u0131r derin \u00fcz\u00fcnt\u00fcs\u00fc i\u00e7inde oldu\u011funu belirten Nazmi Can, &#8220;Merhum S\u00fcmer Tilma\u00e7 karavanla Antalya B\u00f6lgesinde Ka\u015f Patara&#8217;dan K\u0131n\u0131ktan ve Kalkan&#8217;dan&nbsp; Gazipa\u015fa il\u00e7esine kadar dola\u015farak&nbsp; karavan ile dola\u015farak tatil yapard\u0131. Karavan\u0131n birinde de ( O karavan\u0131 Be\u015fikta\u015f Belediyesi sat\u0131n ald\u0131) sinema filmlerinde rol ald\u0131\u011f\u0131 foto\u011fraflar\u0131 yer al\u0131rd\u0131. Karavanda do\u011fa ile&nbsp; ba\u015fba\u015fa kalmay\u0131 \u00e7ok severdi. Merhum usta S\u00fcmer Tilma\u00e7 bir ara Antalya Muratpa\u015fa il\u00e7esinden Do\u011fru Yol Partisi(DYP)&#8217;den Belediye Ba\u015fkan\u0131 aday\u0131 olmu\u015ftu. Se\u00e7im \u00e7al\u0131\u015fmalar\u0131n\u0131 karavan ile yapm\u0131\u015ft\u0131. Usta oyuncu S\u00fcmer Tilma\u00e7 Antalya&#8217;da karavanda tatil yapman\u0131n \u00f6nc\u00fcs\u00fcd\u00fcr.&#8221; dedi<\/p>\n\n\n\n<p>Haber\/Abdurrahman B\u00fcy\u00fckkeskin<\/p>\n","protected":false},"excerpt":{"rendered":"<p>8 y\u0131l \u00f6nce vefat eden \u00fcnl\u00fc tiyatro ve sinema oyuncusu S\u00fcmer Tilma\u00e7&#8217;\u0131n sahne dekorlar\u0131 dan\u0131\u015fman\u0131 Nazmi Can, Antalya b\u00f6lgesinde karavanla&nbsp; ve karavan da tatil yapman\u0131n <a href=\"https:\/\/akdenizhaber.com.tr\/index.php\/2023\/11\/17\/karavan-da-tatilin-oncusu-merhum-sumer-tilmactir\/\" class=\"read-more-link\">[more&#8230;]<\/a><\/p>\n","protected":false},"author":2,"featured_media":17794,"comment_status":"open","ping_status":"open","sticky":false,"template":"","format":"standard","meta":{"footnotes":""},"categories":[2],"tags":[],"class_list":["post-17793","post","type-post","status-publish","format-standard","has-post-thumbnail","hentry","category-gundem"],"_links":{"self":[{"href":"https:\/\/akdenizhaber.com.tr\/index.php\/wp-json\/wp\/v2\/posts\/17793","targetHints":{"allow":["GET"]}}],"collection":[{"href":"https:\/\/akdenizhaber.com.tr\/index.php\/wp-json\/wp\/v2\/posts"}],"about":[{"href":"https:\/\/akdenizhaber.com.tr\/index.php\/wp-json\/wp\/v2\/types\/post"}],"author":[{"embeddable":true,"href":"https:\/\/akdenizhaber.com.tr\/index.php\/wp-json\/wp\/v2\/users\/2"}],"replies":[{"embeddable":true,"href":"https:\/\/akdenizhaber.com.tr\/index.php\/wp-json\/wp\/v2\/comments?post=17793"}],"version-history":[{"count":0,"href":"https:\/\/akdenizhaber.com.tr\/index.php\/wp-json\/wp\/v2\/posts\/17793\/revisions"}],"wp:featuredmedia":[{"embeddable":true,"href":"https:\/\/akdenizhaber.com.tr\/index.php\/wp-json\/wp\/v2\/media\/17794"}],"wp:attachment":[{"href":"https:\/\/akdenizhaber.com.tr\/index.php\/wp-json\/wp\/v2\/media?parent=17793"}],"wp:term":[{"taxonomy":"category","embeddable":true,"href":"https:\/\/akdenizhaber.com.tr\/index.php\/wp-json\/wp\/v2\/categories?post=17793"},{"taxonomy":"post_tag","embeddable":true,"href":"https:\/\/akdenizhaber.com.tr\/index.php\/wp-json\/wp\/v2\/tags?post=17793"}],"curies":[{"name":"wp","href":"https:\/\/api.w.org\/{rel}","templated":true}]}}