{"id":17783,"date":"2023-11-16T15:27:33","date_gmt":"2023-11-16T12:27:33","guid":{"rendered":"https:\/\/akdenizhaber.com.tr\/?p=17783"},"modified":"2023-11-16T15:27:33","modified_gmt":"2023-11-16T12:27:33","slug":"emek-mahallesi-muhtar-adayi-elif-aygul-oz-emek-mahallesi-secmeniyle-secimi-kazanacagiz","status":"publish","type":"post","link":"https:\/\/akdenizhaber.com.tr\/index.php\/2023\/11\/16\/emek-mahallesi-muhtar-adayi-elif-aygul-oz-emek-mahallesi-secmeniyle-secimi-kazanacagiz\/","title":{"rendered":"Emek Mahallesi muhtar aday\u0131 Elif Ayg\u00fcl \u00d6z;                    \u201cEmek Mahallesi Se\u00e7meniyle se\u00e7imi kazanaca\u011f\u0131z\u201d"},"content":{"rendered":"\n<p><\/p>\n\n\n\n<p>31 Mart 2024\u2019te yap\u0131lacak yerel se\u00e7imlerde&nbsp;Emek Mahallesi muhtar adayl\u0131\u011f\u0131n\u0131 a\u00e7\u0131klad\u0131\u011f\u0131 g\u00fcnden bug\u00fcne ge\u00e7en zaman s\u00fcrecinde mahalle sakinleri ve esnaflar\u0131 ile bir araya gelerek mahalle sorunlar\u0131n\u0131 t\u00fcm se\u00e7menlerle birlikte \u00e7\u00f6zece\u011fi s\u00f6z\u00fcn\u00fc veren Elif Ayg\u00fcl \u00d6z, mahalle sakinlerinden \u00f6ncelikle bayanlardan b\u00fcy\u00fck ilgi g\u00f6rd\u00fc\u011f\u00fcne dikkat \u00e7ekerek kendisine g\u00fcvenen bayan se\u00e7menlerle birlikte Emek mahallesi esnaf ve sakinlerine te\u015fekk\u00fcr etti.<\/p>\n\n\n\n<p>Emek mahallesi muhtar aday\u0131 Elif Ayg\u00fcl \u00d6z, se\u00e7ilmesi durumunda mahallenin sorunlar\u0131n\u0131 her platformda takip edece\u011fini bir kez daha vurgulayarak, \u015fu ana kadar \u00e7ok yo\u011fun destek g\u00f6rd\u00fc\u011f\u00fcn\u00fc ve kendine destek olan t\u00fcm Emek mahallesi sakinlerine te\u015fekk\u00fcr ederek, se\u00e7ildi\u011fi takdirde kendisine oy verecek se\u00e7menlerini pi\u015fman etmeyece\u011fini s\u00f6zlerine ekledi.<\/p>\n\n\n\n<p>31 Mart 2024 tarihinde yap\u0131lacak olan yerel se\u00e7imlerde muhtar aday\u0131 oldu\u011funu aylar \u00f6nce se\u00e7menleri ile payla\u015fan ve kad\u0131n muhtar aday\u0131 olarak <strong>\u201cBende var\u0131m\u201d <\/strong>a\u00e7\u0131klamas\u0131n\u0131n \u00fcst\u00fcnden ge\u00e7en zaman s\u00fcrecinde mahalle sakinlerinden b\u00fcy\u00fck destek g\u00f6rd\u00fc\u011f\u00fcne dikkat \u00e7eken Elif Ayg\u00fcl \u00d6z, se\u00e7menlerinden gelen deste\u011fin her g\u00fcn \u00e7o\u011fald\u0131\u011f\u0131n\u0131 ifade etti.<\/p>\n\n\n\n<p>Do\u011fdu\u011fu ve b\u00fcy\u00fcd\u00fc\u011f\u00fc mahallesine hizmet etmek i\u00e7in aday oldu\u011funu bir kez daha yineleyen Elif Ayg\u00fcl \u00d6z, \u00e7ocuklu\u011fundan bu yana kurdu\u011fu en b\u00fcy\u00fck hayalinin mahallesine muhtar olarak hizmet etmek oldu\u011funa dikkat \u00e7ekerek \u201c31 Mart 2024 g\u00fcn\u00fc yap\u0131lacak olan yerel se\u00e7imlerde mahalle sakinlerinin ve \u00f6ncelikle bayan se\u00e7menlerin b\u00fcy\u00fck deste\u011fini alarak in\u015fallah muhtar se\u00e7ilerek hayalime kavu\u015fmakla birlikte mahalle sakinlerimle birlikte muhtarl\u0131k g\u00f6revimi en iyi bi\u00e7imde yapmaya haz\u0131r\u0131m. Bu konuda b\u00fcy\u00fck projelerim var \u00f6n\u00fcm\u00fczdeki g\u00fcnlerde bu projelerimi ya\u015fama ge\u00e7irerek Emek mahallesinin daha g\u00fczel ve ya\u015fan\u0131l\u0131r bir mahalle olmas\u0131n\u0131 el birli\u011fi ile ger\u00e7ekle\u015ftirece\u011fiz\u201d dedi.<\/p>\n\n\n\n<p>Emek mahallesindeki ev ve i\u015fyerlerini tek tek dola\u015farak hem kendini tan\u0131tan hem de muhtar se\u00e7ildi\u011finde hayata ge\u00e7irece\u011fi projeleri anlatan Elif Ayg\u00fcl \u00d6z konu\u015fmas\u0131n\u0131 \u015f\u00f6yle s\u00fcrd\u00fcrd\u00fc; <strong>\u201cMuhtarl\u0131\u011f\u0131 ek i\u015f olarak de\u011fil, tek i\u015f olarak yapmak i\u00e7in g\u00f6reve talibim. Muhtarl\u0131k ofisi, mahalle sakinlerime daima a\u00e7\u0131k olacak. Sorunlar\u0131n \u00e7\u00f6z\u00fcm\u00fc i\u00e7in ilgili kurum ve birimleri harekete ge\u00e7irece\u011fime dair s\u00f6z veriyorum. \u0130lk i\u015fim, 7\u2019den 70\u2019e herkesin rahatl\u0131kla gelebilece\u011fi, mahallenin sorunlar\u0131n\u0131 ve taleplerini dile getirebilece\u011fi mevcut muhtarl\u0131k ofisimizin s\u00fcrekli a\u00e7\u0131k kalmas\u0131n\u0131 sa\u011flayaca\u011f\u0131m. Emek mahallesi muhtar\u0131 nerede? Diye soruldu\u011funda beni muhtarl\u0131k ofisinde bulabilecekler. Halk E\u011fitim Merkezlerinde i\u015fsiz insanlar\u0131m\u0131z\u0131 i\u015f sahibi edindirmeye d\u00f6n\u00fck kurslar a\u00e7mak i\u00e7in giri\u015fimlerim olacak. Hizmetin birinci aya\u011f\u0131 muhtarl\u0131kt\u0131r. G\u00fcler y\u00fcz ve \u00e7al\u0131\u015fma azmiyle hizmet edece\u011fim. G\u00f6r\u00fc\u015f ve \u00f6neriler i\u00e7in bana 0546748 05 60 numaral\u0131 hattan ula\u015fabilirsiniz\u201d g\u00f6r\u00fc\u015flerini, payla\u015farak desteklerini ifade eden t\u00fcm Emek mahallesi sakinlerine te\u015fekk\u00fcr etti.<\/strong><strong><\/strong><\/p>\n\n\n\n<p>Yerel se\u00e7imlerde Emek Mahallesinin ilk kad\u0131n Muhtar\u0131 unvan\u0131n\u0131 elde ederek fark yarataca\u011f\u0131na dikkat \u00e7eken Ayg\u00fcl \u00d6z s\u00f6zlerini \u015fu \u015fekilde tamamlad\u0131; \u201cEmek Mahallesinde do\u011fup b\u00fcy\u00fcmekten, y\u0131llard\u0131r ikamet etmekten ve nefes almaktan her zaman onur ve gurur duyuyorum. Se\u00e7imde, \u201cEn b\u00fcy\u00fck destek\u00e7im kad\u0131nlar olacak\u201d T\u00fcrk Kad\u0131n\u0131n\u0131n ekonomik, sosyal, k\u00fclt\u00fcrel ve siyasal alanlarda s\u00f6z sahibi olmaya ba\u015flad\u0131\u011f\u0131n\u0131, kad\u0131nlara imkan verildi\u011finde neler yapacaklar\u0131n\u0131n \u00f6rne\u011fini 31 Mart 2024 tarihinde yap\u0131lacak se\u00e7imlerde hep birlikte g\u00f6rece\u011fiz. Kad\u0131n muhtar\u0131n mahallesi i\u00e7in neler yapabilece\u011fini herkese ispatlayaca\u011f\u0131m. Y\u0131llardan beri erkek egemenli\u011finin h\u00fck\u00fcm s\u00fcrd\u00fc\u011f\u00fc muhtarl\u0131kta bir kad\u0131n olarak kad\u0131n\u0131n yapabilece\u011fi \u00e7ok \u015feyler olaca\u011f\u0131n\u0131 ispatlamak istiyorum. Kad\u0131nlar\u0131n ev ve i\u015f ya\u015fam\u0131ndaki ba\u015far\u0131s\u0131n\u0131 yerel y\u00f6netimlerde de bir anne titizli\u011fi ve \u015fefkati ile ba\u015faraca\u011f\u0131m inanc\u0131yla mahalle sakinlerinin destekleriyle, kad\u0131nlar\u0131n toplumsal sorumlulu\u011funun gere\u011fi olarak muhtarl\u0131\u011fa aday oldum ve kazanaca\u011f\u0131ma inan\u0131yorum. Se\u00e7im s\u00fcrecinde en b\u00fcy\u00fck destek\u00e7im kad\u0131nlard\u0131r\u201d ifadelerini kulland\u0131.<\/p>\n\n\n\n<p>Elif Ayg\u00fcl \u00d6z, s\u00f6zlerini \u015fu \u015fekilde noktalad\u0131; \u201c\u0130yi i\u015fler yapaca\u011f\u0131ma inan\u0131yorum. Amac\u0131m\u0131z t\u00fcm muhtarl\u0131k \u00e7al\u0131\u015fmalar\u0131n\u0131 halk i\u00e7in, halkla birlikte y\u00fcr\u00fct\u00fcp, sonuna kadar \u015feffafl\u0131k i\u00e7erisinde halk\u0131n karar alma s\u00fcre\u00e7lerine do\u011frudan kat\u0131l\u0131m\u0131n\u0131 sa\u011flamak. Mahallede ya\u015fanan sorunlar\u0131n en b\u00fcy\u00fck y\u00fck\u00fcn\u00fc ta\u015f\u0131yan ve sorunlarla birebir y\u00fczle\u015fen bayanlar\u0131n, mahalle ya\u015fam\u0131nda s\u00f6z ve karar haklar\u0131n\u0131 sa\u011flamak olacak amac\u0131m. Hizmeti \u00e7ok sevdi\u011fim, hizmet heveslisi oldu\u011fum i\u00e7in, vatanda\u015flar\u0131m\u0131n, mahallemin eksiklerini tespit etmek, \u00fcst mercilerle aras\u0131nda k\u00f6pr\u00fc olmak i\u00e7in yola \u00e7\u0131kt\u0131m. S\u0131cak, g\u00fczel ve se\u00e7kin bir mahalle i\u00e7in aday oldum. Kad\u0131n bir muhtar mahalledeki ihtiya\u00e7 sahiplerini, mahallenin eksiklerini daha iyi tespit eder. Ayr\u0131ca bayan bir muhtar\u0131n, muhtarl\u0131kta daha fazla oturma \u015fans\u0131 olur. \u00c7\u00fcnk\u00fc erkek bir muhtar\u0131n, muhtarl\u0131k d\u0131\u015f\u0131nda farkl\u0131 bir i\u015fi de olaca\u011f\u0131 i\u00e7in fazla vakit ay\u0131ramayabilir. Ama vatanda\u015f muhtar\u0131 daima yerinde g\u00f6rmek, arad\u0131\u011f\u0131nda bulmak ister bunun i\u00e7in kap\u0131m\u0131z hi\u00e7 bir zaman kapal\u0131 kalmayacakt\u0131r. T\u00fcm Emek Mahallesi sakinlerinden bu yar\u0131\u015fta destek istiyor, oylar\u0131na talip oldu\u011fumu bilmeleri dile\u011fiyle sayg\u0131lar sunuyorum\u201d<\/p>\n\n\n\n<p>(B\u00fc\u015fra Deveci)<\/p>\n","protected":false},"excerpt":{"rendered":"<p>31 Mart 2024\u2019te yap\u0131lacak yerel se\u00e7imlerde&nbsp;Emek Mahallesi muhtar adayl\u0131\u011f\u0131n\u0131 a\u00e7\u0131klad\u0131\u011f\u0131 g\u00fcnden bug\u00fcne ge\u00e7en zaman s\u00fcrecinde mahalle sakinleri ve esnaflar\u0131 ile bir araya gelerek mahalle sorunlar\u0131n\u0131 <a href=\"https:\/\/akdenizhaber.com.tr\/index.php\/2023\/11\/16\/emek-mahallesi-muhtar-adayi-elif-aygul-oz-emek-mahallesi-secmeniyle-secimi-kazanacagiz\/\" class=\"read-more-link\">[more&#8230;]<\/a><\/p>\n","protected":false},"author":2,"featured_media":17784,"comment_status":"open","ping_status":"open","sticky":false,"template":"","format":"standard","meta":{"footnotes":""},"categories":[2],"tags":[],"class_list":["post-17783","post","type-post","status-publish","format-standard","has-post-thumbnail","hentry","category-gundem"],"_links":{"self":[{"href":"https:\/\/akdenizhaber.com.tr\/index.php\/wp-json\/wp\/v2\/posts\/17783","targetHints":{"allow":["GET"]}}],"collection":[{"href":"https:\/\/akdenizhaber.com.tr\/index.php\/wp-json\/wp\/v2\/posts"}],"about":[{"href":"https:\/\/akdenizhaber.com.tr\/index.php\/wp-json\/wp\/v2\/types\/post"}],"author":[{"embeddable":true,"href":"https:\/\/akdenizhaber.com.tr\/index.php\/wp-json\/wp\/v2\/users\/2"}],"replies":[{"embeddable":true,"href":"https:\/\/akdenizhaber.com.tr\/index.php\/wp-json\/wp\/v2\/comments?post=17783"}],"version-history":[{"count":0,"href":"https:\/\/akdenizhaber.com.tr\/index.php\/wp-json\/wp\/v2\/posts\/17783\/revisions"}],"wp:featuredmedia":[{"embeddable":true,"href":"https:\/\/akdenizhaber.com.tr\/index.php\/wp-json\/wp\/v2\/media\/17784"}],"wp:attachment":[{"href":"https:\/\/akdenizhaber.com.tr\/index.php\/wp-json\/wp\/v2\/media?parent=17783"}],"wp:term":[{"taxonomy":"category","embeddable":true,"href":"https:\/\/akdenizhaber.com.tr\/index.php\/wp-json\/wp\/v2\/categories?post=17783"},{"taxonomy":"post_tag","embeddable":true,"href":"https:\/\/akdenizhaber.com.tr\/index.php\/wp-json\/wp\/v2\/tags?post=17783"}],"curies":[{"name":"wp","href":"https:\/\/api.w.org\/{rel}","templated":true}]}}