{"id":17780,"date":"2023-11-16T15:26:43","date_gmt":"2023-11-16T12:26:43","guid":{"rendered":"https:\/\/akdenizhaber.com.tr\/?p=17780"},"modified":"2023-11-16T15:26:44","modified_gmt":"2023-11-16T12:26:44","slug":"en-fazla-muracaat-ak-partiye","status":"publish","type":"post","link":"https:\/\/akdenizhaber.com.tr\/index.php\/2023\/11\/16\/en-fazla-muracaat-ak-partiye\/","title":{"rendered":"En Fazla M\u00fcracaat Ak Parti\u2019ye"},"content":{"rendered":"\n<p><\/p>\n\n\n\n<p>31 Mart 2024 tarihinde yap\u0131lacak Mahalli \u0130dareler Se\u00e7imleri i\u00e7in siyasi partilerde aday adayl\u0131k ba\u015fvurular\u0131 &nbsp;devam ediyor.<\/p>\n\n\n\n<p>Manavgat Belediye Ba\u015fkanl\u0131\u011f\u0131 adayl\u0131\u011f\u0131 i\u00e7in \u015fu an i\u00e7in en \u00e7ok ba\u015fvuru&nbsp; AK Parti\u2019ye&nbsp; yap\u0131l\u0131rken, Cumhuriyet Halk Partisi, Milliyet\u00e7i Hareket Partisi ve \u0130yi Parti\u2019de de kamuoyunda pek \u00e7ok ismin aday adayl\u0131\u011f\u0131 konu\u015fuluyor.<\/p>\n\n\n\n<p>AK Parti\u2019de&nbsp; Belediye Ba\u015fkan Adayl\u0131\u011f\u0131 i\u00e7in&nbsp; Turgay Akar, Hasan \u00d6z, S\u00fcleyman Okudan, S\u00fcleyman \u00d6z, Nejat T\u0131\u011fl\u0131, Emel \u00d6zden, Alir\u0131za \u00d6ner, Mustafa Er ve Baturalp Kaya isimlerinin \u00e7al\u0131\u015fma y\u00fcr\u00fctt\u00fckleri bilinirken bunlardan S\u00fcleyman Okudan, Emel \u00d6zden, S\u00fcleyman \u00d6z ve Baturalp Kaya hafta i\u00e7erisinde AK Parti Manavgat \u0130l\u00e7e Ba\u015fkanl\u0131\u011f\u0131na m\u00fcracaat ederek resmen adayl\u0131k ba\u015fvurusunda bulundular.<\/p>\n\n\n\n<p>AK Parti\u2019de 17 Kas\u0131m\u2019da (bug\u00fcn)bitece\u011fi a\u00e7\u0131klanan adayl\u0131k m\u00fcracaatlar\u0131n\u0131n&nbsp; 22 Kas\u0131m \u00c7ar\u015famba g\u00fcn\u00fcne kadar uzat\u0131lmas\u0131ndan sonra di\u011fer isimlerin de ba\u015fvurular\u0131n\u0131 yapmalar\u0131 bekleniyor.<\/p>\n\n\n\n<p>AK Parti \u0130l\u00e7e Ba\u015fkan\u0131 Av. Ahmet Ali Erol, \u201cPartimizden adayl\u0131k i\u00e7in&nbsp; yo\u011fun bir talep var. Aday adaylar\u0131m\u0131z\u0131n m\u00fcracaat dosyalar\u0131n\u0131 al\u0131yoruz. Her birisine ayr\u0131 ayr\u0131 te\u015fekk\u00fcr ediyorum ve ba\u015far\u0131lar diliyorum. \u00d6n\u00fcm\u00fczdeki mahalli se\u00e7imlerinde in\u015fallah hep birlikte belirlenen aday\u0131m\u0131zla \u00e7al\u0131\u015facak ve Manavgat\u2019\u0131m\u0131z\u0131 iktidarla bulu\u015fturaca\u011f\u0131z\u201d dedi.<\/p>\n\n\n\n<p>AK Parti\u2019de&nbsp; te\u015fkilat temay\u00fcl yoklamalar\u0131&nbsp; ise 26 Kas\u0131m Pazar g\u00fcn\u00fc saat 10.00-16.00 aras\u0131nda yap\u0131lacak.<\/p>\n\n\n\n<p>\u00d6te yandan CHP, MHP ve \u0130yi Parti\u2019de de hareketli g\u00fcnler ya\u015fan\u0131yor. CHP\u2019de 3 d\u00f6nemdir Belediye Ba\u015fkanl\u0131\u011f\u0131 yapan \u015e\u00fckr\u00fc S\u00f6zen\u2019in yeniden aday olmayaca\u011f\u0131n\u0131 a\u00e7\u0131klamas\u0131n\u0131n ard\u0131ndan kimin aday g\u00f6sterilece\u011fi merakla bekleniyor. Antalya eski Milletvekili Op.Dr.Niyazi Nefi Kara, As\u0131m Bozkurt ve &nbsp;Mustafa Akkuzu isimleri \u00f6ne \u00e7\u0131k\u0131yor.<\/p>\n\n\n\n<p>CHP&#8217;de aday adayl\u0131k ba\u015fvuru takviminin Kas\u0131m ay\u0131 sonunda a\u00e7\u0131klanmas\u0131 bekleniyor. \u00d6zg\u00fcr \u00d6zel&#8217;in Genel Ba\u015fkanl\u0131\u011f\u0131nda yerel se\u00e7im haz\u0131rl\u0131klar\u0131na ba\u015flayan CHP&#8217;de Kas\u0131m ay\u0131 sonu itibar\u0131yla&nbsp; belediye ba\u015fkanl\u0131klar\u0131, belediye meclis \u00fcyelikleri ve il genel meclisi \u00fcyelikleri aday adayl\u0131\u011f\u0131 ba\u015fvuru takviminin netle\u015fmesi bekleniyor.&nbsp;<\/p>\n\n\n\n<p>Cumhur \u0130ttifak\u0131 ortaklar\u0131ndan MHP\u2019de ise&nbsp; Belediye ba\u015fkan\u0131, Belediye meclisi ve il genel meclisi \u00fcyeli\u011fi aday adayl\u0131\u011f\u0131 ba\u015fvurular\u0131; 13 Kas\u0131m 2023&#8217;te ba\u015flam\u0131\u015f olup 15 Aral\u0131k 2023 Cuma g\u00fcn\u00fc sona erecek. MAS\u0130AD Ba\u015fkan\u0131 M\u00fccahit Tatar\u2019\u0131n uzun zamand\u0131r adayl\u0131k i\u00e7in \u00e7al\u0131\u015fmalar yapt\u0131\u011f\u0131 ve s\u00fcre\u00e7 i\u00e7erisinde aday adayl\u0131\u011f\u0131 ba\u015fvurusunu yapmas\u0131 bekleniyor. MHP\u2019de konu\u015fulan bir di\u011fer isim ise Salih \u00c7ift\u00e7i.<\/p>\n\n\n\n<p>\u0130yi Parti, 20 Kas\u0131m\u2019da ba\u015flataca\u011f\u0131 aday adayl\u0131\u011f\u0131 s\u00fcrecini 22 Aral\u0131k\u2019ta sona erdirecek. &nbsp;B\u00fcy\u00fck\u015fehir ve il\u00e7e belediye ba\u015fkan\u0131, il genel meclisi ve belediye meclis \u00fcyesi aday adaylar\u0131, \u00f6ncelikle \u0130yi Parti&#8217;nin internet sitesinden elektronik ba\u015fvuru yapacak. \u0130yi Parti\u2019de Op.Dr. H\u00fcseyin Ziyaeddin aday adayl\u0131\u011f\u0131n\u0131 a\u00e7\u0131klam\u0131\u015f ard\u0131ndan ba\u015fvurusunu geri \u00e7ekmi\u015fti.<\/p>\n\n\n\n<p>(Haber Merkezi)<\/p>\n","protected":false},"excerpt":{"rendered":"<p>31 Mart 2024 tarihinde yap\u0131lacak Mahalli \u0130dareler Se\u00e7imleri i\u00e7in siyasi partilerde aday adayl\u0131k ba\u015fvurular\u0131 &nbsp;devam ediyor. Manavgat Belediye Ba\u015fkanl\u0131\u011f\u0131 adayl\u0131\u011f\u0131 i\u00e7in \u015fu an i\u00e7in en <a href=\"https:\/\/akdenizhaber.com.tr\/index.php\/2023\/11\/16\/en-fazla-muracaat-ak-partiye\/\" class=\"read-more-link\">[more&#8230;]<\/a><\/p>\n","protected":false},"author":2,"featured_media":17781,"comment_status":"open","ping_status":"open","sticky":false,"template":"","format":"standard","meta":{"footnotes":""},"categories":[2],"tags":[],"class_list":["post-17780","post","type-post","status-publish","format-standard","has-post-thumbnail","hentry","category-gundem"],"_links":{"self":[{"href":"https:\/\/akdenizhaber.com.tr\/index.php\/wp-json\/wp\/v2\/posts\/17780","targetHints":{"allow":["GET"]}}],"collection":[{"href":"https:\/\/akdenizhaber.com.tr\/index.php\/wp-json\/wp\/v2\/posts"}],"about":[{"href":"https:\/\/akdenizhaber.com.tr\/index.php\/wp-json\/wp\/v2\/types\/post"}],"author":[{"embeddable":true,"href":"https:\/\/akdenizhaber.com.tr\/index.php\/wp-json\/wp\/v2\/users\/2"}],"replies":[{"embeddable":true,"href":"https:\/\/akdenizhaber.com.tr\/index.php\/wp-json\/wp\/v2\/comments?post=17780"}],"version-history":[{"count":0,"href":"https:\/\/akdenizhaber.com.tr\/index.php\/wp-json\/wp\/v2\/posts\/17780\/revisions"}],"wp:featuredmedia":[{"embeddable":true,"href":"https:\/\/akdenizhaber.com.tr\/index.php\/wp-json\/wp\/v2\/media\/17781"}],"wp:attachment":[{"href":"https:\/\/akdenizhaber.com.tr\/index.php\/wp-json\/wp\/v2\/media?parent=17780"}],"wp:term":[{"taxonomy":"category","embeddable":true,"href":"https:\/\/akdenizhaber.com.tr\/index.php\/wp-json\/wp\/v2\/categories?post=17780"},{"taxonomy":"post_tag","embeddable":true,"href":"https:\/\/akdenizhaber.com.tr\/index.php\/wp-json\/wp\/v2\/tags?post=17780"}],"curies":[{"name":"wp","href":"https:\/\/api.w.org\/{rel}","templated":true}]}}