{"id":17768,"date":"2023-11-16T15:17:52","date_gmt":"2023-11-16T12:17:52","guid":{"rendered":"https:\/\/akdenizhaber.com.tr\/?p=17768"},"modified":"2023-11-16T15:17:52","modified_gmt":"2023-11-16T12:17:52","slug":"kituyaddan-ertelenen-anma","status":"publish","type":"post","link":"https:\/\/akdenizhaber.com.tr\/index.php\/2023\/11\/16\/kituyaddan-ertelenen-anma\/","title":{"rendered":"K\u0131tuyad\u2019dan Ertelenen Anma\u00a0\u00a0"},"content":{"rendered":"\n<p><\/p>\n\n\n\n<p>K\u0131z\u0131la\u011fa\u00e7 Turizm Yat\u0131r\u0131mc\u0131lar\u0131 ve \u0130\u015fletmecileri Derne\u011fi (KITUYAD) taraf\u0131ndan Atat\u00fcrk\u2019\u00fcn \u00f6l\u00fcm\u00fcn\u00fcn 85\u2019inci y\u0131l\u0131nda d\u00fczenlenen \u201c10 Kas\u0131m Atat\u00fcrk\u2019\u00fc Anma ve Atat\u00fcrk Haftas\u0131 Etkinlikleri\u201d kapsam\u0131nda tesislerin kendi b\u00fcnyelerinde d\u00fczenledikleri m\u00fcnferit etkinliklere ek olarak yap\u0131lan futbol organizasyonu ile anma ve s\u00fcrd\u00fcrebilme faaliyetleri tamamlanm\u0131\u015f oldu.&nbsp;<\/p>\n\n\n\n<p>K\u0131z\u0131la\u011fa\u00e7 Turizm Merkezinde 10 Kas\u0131m 2023 tarihinde d\u00fczenlenen etkinlik kapsam\u0131nda; b\u00f6lge tesislerinin baz\u0131lar\u0131nda o g\u00fcn\u00fcn fon m\u00fczi\u011fi olarak, Atat\u00fcrk\u2019\u00fcn sevdi\u011fi \u015fark\u0131lar kullan\u0131l\u0131rken, ayn\u0131 g\u00fcn Konakl\u0131 ile yap\u0131lacak olan futbol m\u00fcsabakas\u0131 b\u00f6lgedeki sahalar\u0131n bak\u0131ma al\u0131nmas\u0131 ve lig m\u00fcsabakalar\u0131n\u0131n yo\u011funlu\u011fu nedeni ile g\u00fcn\u00fcnde yap\u0131lamasa da; Anma Etkinlikleri Haftas\u0131 i\u00e7erisinde program dahilinde&nbsp;sonradan yap\u0131lm\u0131\u015f oldu.&nbsp;<\/p>\n\n\n\n<p>Alanya T\u00fcrklerde bulunan; \u00d6zel Futbol Kompleksinde konakl\u0131 ile oynanan ve Saat 21.00 de ba\u015flanan ma\u00e7 \u00f6ncesi her iki tak\u0131m ve seyirciler; 1 dakikal\u0131k sayg\u0131 duru\u015funun ard\u0131ndan, \u0130stiklal Mar\u015f\u0131 okudular, sonra da ayr\u0131 ayr\u0131 ve toplu olarak T\u00fcrk Bayra\u011f\u0131 ile objektiflere poz verdiler. Samimi bir ortamda ba\u015flayan m\u00fcsabaka kar\u015f\u0131l\u0131kl\u0131 centilmenlik ortam\u0131nda devam etti ve g\u00fcn\u00fcn mana ve \u00f6nemine uygun olarak da ba\u015flad\u0131\u011f\u0131 gibi dost\u00e7a sona erdi.&nbsp;&nbsp;<\/p>\n\n\n\n<p>M\u00fcsabakan\u0131n sonunda K\u0131tuyad Ba\u015fkan\u0131 Osman Ergin; K\u0131tuyad Y\u00f6netim Kurulu olarak; \u00f6ncelikle B\u00fcy\u00fck \u00d6nder Mustafa Kemal ATAT\u00dcRK ve bu vatan u\u011frunda g\u00f6zlerini k\u0131rpmadan canlar\u0131n\u0131 feda etmi\u015f t\u00fcm \u015fehitlerimize sayg\u0131 ve ba\u011fl\u0131l\u0131klar\u0131ndan \u015f\u00fcphe etmedi\u011fimiz K\u0131z\u0131la\u011fa\u00e7 B\u00f6lgesi Otelcilerimize kendi tesisleri dahilinde yapm\u0131\u015f olduklar\u0131 anma etkinlikleri nedeni ile ayr\u0131ca te\u015fekk\u00fcr ediyoruz.&nbsp;&nbsp;<\/p>\n\n\n\n<p>Etkinlik kapsam\u0131nda; Manavgat\u2019\u0131m\u0131zda tesis yetersizli\u011fi nedeni ile g\u00fcn\u00fcnde yapamad\u0131\u011f\u0131m\u0131z, Ulu \u00f6nderimizin veciz s\u00f6zleri ile ifade etti\u011fi ve spora verdi\u011fi \u00f6neme binaen spor alan\u0131ndaki etkinli\u011fimizi de Hasan G\u00fcndo\u011fan karde\u015fimizin daveti ile gecikmeli de olsa T\u00fcrkler de icra etmi\u015f bulunmaktay\u0131z. Kendisi ve ekibine de \u00f6rnek misafirperverliklerinden dolay\u0131; te\u015fekk\u00fcrlerimizi bir bor\u00e7 biliyoruz. Bilindi\u011fi \u00fczere 10 Kas\u0131m&#8217;lar T\u00fcrkiye Cumhuriyeti, Atat\u00fcrk \u0130lke ve \u0130nk\u0131laplar\u0131na ba\u011fl\u0131 duyarl\u0131 kesimlerce tutulan yasa ra\u011fmen; Ulu \u00f6nderimizin fikirlerinin daha iyi anla\u015f\u0131larak tatbik edilece\u011fi g\u00fcnler olmal\u0131 diyoruz ve aram\u0131zdan ayr\u0131l\u0131\u015f\u0131n\u0131n 82. y\u0131l\u0131nda, kendisini bir kez daha sevgi ve sayg\u0131yla an\u0131yor, hat\u0131ras\u0131 \u00f6n\u00fcnde sayg\u0131yla e\u011filerek \u015f\u00fckranlar\u0131m\u0131z\u0131 sunuyoruz. Dedi.&nbsp;<\/p>\n\n\n\n<p>(Haber Merkezi)<\/p>\n","protected":false},"excerpt":{"rendered":"<p>K\u0131z\u0131la\u011fa\u00e7 Turizm Yat\u0131r\u0131mc\u0131lar\u0131 ve \u0130\u015fletmecileri Derne\u011fi (KITUYAD) taraf\u0131ndan Atat\u00fcrk\u2019\u00fcn \u00f6l\u00fcm\u00fcn\u00fcn 85\u2019inci y\u0131l\u0131nda d\u00fczenlenen \u201c10 Kas\u0131m Atat\u00fcrk\u2019\u00fc Anma ve Atat\u00fcrk Haftas\u0131 Etkinlikleri\u201d kapsam\u0131nda tesislerin kendi b\u00fcnyelerinde <a href=\"https:\/\/akdenizhaber.com.tr\/index.php\/2023\/11\/16\/kituyaddan-ertelenen-anma\/\" class=\"read-more-link\">[more&#8230;]<\/a><\/p>\n","protected":false},"author":2,"featured_media":17769,"comment_status":"open","ping_status":"open","sticky":false,"template":"","format":"standard","meta":{"footnotes":""},"categories":[2],"tags":[],"class_list":["post-17768","post","type-post","status-publish","format-standard","has-post-thumbnail","hentry","category-gundem"],"_links":{"self":[{"href":"https:\/\/akdenizhaber.com.tr\/index.php\/wp-json\/wp\/v2\/posts\/17768","targetHints":{"allow":["GET"]}}],"collection":[{"href":"https:\/\/akdenizhaber.com.tr\/index.php\/wp-json\/wp\/v2\/posts"}],"about":[{"href":"https:\/\/akdenizhaber.com.tr\/index.php\/wp-json\/wp\/v2\/types\/post"}],"author":[{"embeddable":true,"href":"https:\/\/akdenizhaber.com.tr\/index.php\/wp-json\/wp\/v2\/users\/2"}],"replies":[{"embeddable":true,"href":"https:\/\/akdenizhaber.com.tr\/index.php\/wp-json\/wp\/v2\/comments?post=17768"}],"version-history":[{"count":0,"href":"https:\/\/akdenizhaber.com.tr\/index.php\/wp-json\/wp\/v2\/posts\/17768\/revisions"}],"wp:featuredmedia":[{"embeddable":true,"href":"https:\/\/akdenizhaber.com.tr\/index.php\/wp-json\/wp\/v2\/media\/17769"}],"wp:attachment":[{"href":"https:\/\/akdenizhaber.com.tr\/index.php\/wp-json\/wp\/v2\/media?parent=17768"}],"wp:term":[{"taxonomy":"category","embeddable":true,"href":"https:\/\/akdenizhaber.com.tr\/index.php\/wp-json\/wp\/v2\/categories?post=17768"},{"taxonomy":"post_tag","embeddable":true,"href":"https:\/\/akdenizhaber.com.tr\/index.php\/wp-json\/wp\/v2\/tags?post=17768"}],"curies":[{"name":"wp","href":"https:\/\/api.w.org\/{rel}","templated":true}]}}