{"id":17760,"date":"2023-11-16T14:45:52","date_gmt":"2023-11-16T11:45:52","guid":{"rendered":"https:\/\/akdenizhaber.com.tr\/?p=17760"},"modified":"2023-11-16T14:45:52","modified_gmt":"2023-11-16T11:45:52","slug":"budapesteye-ilk-hasat-baskan-geyikciden","status":"publish","type":"post","link":"https:\/\/akdenizhaber.com.tr\/index.php\/2023\/11\/16\/budapesteye-ilk-hasat-baskan-geyikciden\/","title":{"rendered":"Budape\u015fte\u2019ye ilk hasat Ba\u015fkan Geyik\u00e7i\u2019den"},"content":{"rendered":"\n<p><\/p>\n\n\n\n<p>Budape\u015fte 2. B\u00f6lge Belediyesi ile 2008 y\u0131l\u0131ndan bu zamana karde\u015f kent olan Finike Belediyesi, iki kent aras\u0131ndaki sosyal ve ticari ili\u015fkileri geli\u015ftirmek i\u00e7in d\u00fcnyaca \u00fcnl\u00fc ve co\u011frafi i\u015faretli Finike Portakal\u0131 konusunda ilk i\u015fbirli\u011fini ger\u00e7ekle\u015ftirdi. Budape\u015fte 2. B\u00f6lge Belediyesi\u2019nin t\u00fcm marketlerinde Macar halk\u0131na Finike Portakal\u0131\u2019n\u0131n sat\u0131\u015f\u0131 ve tan\u0131t\u0131m\u0131 yap\u0131lacak.<\/p>\n\n\n\n<p>Macar halk\u0131 Finike Portakal\u0131\u2019n\u0131 tadacak<\/p>\n\n\n\n<p>Finike Portakal\u0131\u2019n\u0131 d\u00fcnyaya tan\u0131tmak i\u00e7in karde\u015f belediyeleri ile \u00e7al\u0131\u015fmalar\u0131n\u0131 h\u0131zland\u0131ran Finike Belediyesi ilk i\u015fbirli\u011fine karde\u015f kent olan Budape\u015fte 2. B\u00f6lge Belediyesi ile ba\u015flad\u0131. Finike ve Budape\u015fte\u2019nin ticari hacmini art\u0131rmak ve ayn\u0131 zamanda Finike Portakal\u0131\u2019n\u0131n tan\u0131t\u0131m\u0131 amac\u0131yla yap\u0131lan kar\u015f\u0131l\u0131kl\u0131 i\u015fbirli\u011fi kapsam\u0131nda Budape\u015fte\u2019den al\u0131nan ilk sipari\u015fler yola \u00e7\u0131kt\u0131. Al\u0131nan ilk sipari\u015flerin hasat, paketleme ve y\u00fcklenme s\u00fcre\u00e7lerine kat\u0131lan Finike Belediye Ba\u015fkan\u0131 Mustafa Geyik\u00e7i, \u201cBelediye Ba\u015fkan\u0131m\u0131z Gergely\u00d6rsiEyl\u00fcl ay\u0131nda il\u00e7emizi ziyaret ettiklerinde konu hakk\u0131nda ilk temas\u0131 ger\u00e7ekle\u015ftirdik. Bu g\u00f6r\u00fc\u015fmede kendilerine Finike Portakal\u0131\u2019m\u0131z\u0131 anlatt\u0131k. \u00d6rsi, bizlere b\u00f6yle \u00f6zel bir \u00fcr\u00fcn\u00fc belediyeye ait marketlerde Macar halk\u0131na tan\u0131tmak ve tatt\u0131rmak istediklerini s\u00f6yledi. Hem iki \u015fehrin ticaret hacminin artmas\u0131 hem de Finike Portakal\u0131\u2019m\u0131z\u0131 d\u00fcnyan\u0131n bir\u00e7ok yerine \u00f6rnek olacak bir tan\u0131t\u0131ma ba\u015flataca\u011f\u0131m\u0131z i\u00e7in bizler bu \u00f6neriyi h\u0131zl\u0131 bir \u015fekilde kabul ettik. Eyl\u00fcl ay\u0131nda ilk tohumunu att\u0131\u011f\u0131m\u0131z bu i\u015fbirli\u011finin meyvelerini ald\u0131\u011f\u0131m\u0131z ilk sipari\u015fler ile toplam\u0131\u015f olduk. Bizler istiyoruz ki Finike Portakal\u0131, sadece T\u00fcrkiye\u2019de de\u011fil d\u00fcnyada bilinir bir hale gelmeli. Bu a\u00e7\u0131dan \u00e7al\u0131\u015fmalar\u0131m\u0131z\u0131 h\u0131z kesmeden s\u00fcrd\u00fcr\u00fcyoruz\u201d dedi.<\/p>\n\n\n\n<p>\u0130lk ad\u0131m Finike Portakal\u0131 ile at\u0131ld\u0131<\/p>\n\n\n\n<p>Finike Portakal\u0131\u2019n\u0131n ikili ticari ili\u015fkileri geli\u015ftirmek i\u00e7in ilk ad\u0131m oldu\u011funu da ifade eden Ba\u015fkan Geyik\u00e7i, \u201cBu i\u015fbirli\u011fi sayesinde Finike ile Budape\u015fte aras\u0131ndaki ilk ticari ad\u0131m da at\u0131lm\u0131\u015f oldu. \u015eimdi bu ad\u0131m\u0131 daha ileriye ta\u015f\u0131mak i\u00e7in \u00e7al\u0131\u015fmalar\u0131m\u0131z\u0131 s\u00fcrd\u00fcrece\u011fiz. T\u00fcrkiye tar\u0131m\u0131n\u0131n en \u00f6nemli merkezlerinden biri olan il\u00e7emizin di\u011fer \u00fcr\u00fcnlerini de ilerleyen d\u00f6nemlerde ili\u015fkilerimizin geli\u015fmesiyle artarak s\u00fcrecektir. Bu i\u015fbirli\u011finin sa\u011flanmas\u0131nda eme\u011fi ge\u00e7en Budape\u015fte Belediye Ba\u015fkan\u0131m\u0131z \u00d6rsi\u2019ye ve t\u00fcm ekibine te\u015fekk\u00fcrlerimi sunuyorum. Bu ilk ad\u0131m\u0131n iki kent i\u00e7in de hay\u0131rl\u0131 olmas\u0131n\u0131 diliyorum\u201d \u015feklinde konu\u015ftu.<\/p>\n\n\n\n<p>Finike Belediyesi \/ B\u00fclten<\/p>\n","protected":false},"excerpt":{"rendered":"<p>Budape\u015fte 2. B\u00f6lge Belediyesi ile 2008 y\u0131l\u0131ndan bu zamana karde\u015f kent olan Finike Belediyesi, iki kent aras\u0131ndaki sosyal ve ticari ili\u015fkileri geli\u015ftirmek i\u00e7in d\u00fcnyaca \u00fcnl\u00fc <a href=\"https:\/\/akdenizhaber.com.tr\/index.php\/2023\/11\/16\/budapesteye-ilk-hasat-baskan-geyikciden\/\" class=\"read-more-link\">[more&#8230;]<\/a><\/p>\n","protected":false},"author":2,"featured_media":17761,"comment_status":"open","ping_status":"open","sticky":false,"template":"","format":"standard","meta":{"footnotes":""},"categories":[2],"tags":[],"class_list":["post-17760","post","type-post","status-publish","format-standard","has-post-thumbnail","hentry","category-gundem"],"_links":{"self":[{"href":"https:\/\/akdenizhaber.com.tr\/index.php\/wp-json\/wp\/v2\/posts\/17760","targetHints":{"allow":["GET"]}}],"collection":[{"href":"https:\/\/akdenizhaber.com.tr\/index.php\/wp-json\/wp\/v2\/posts"}],"about":[{"href":"https:\/\/akdenizhaber.com.tr\/index.php\/wp-json\/wp\/v2\/types\/post"}],"author":[{"embeddable":true,"href":"https:\/\/akdenizhaber.com.tr\/index.php\/wp-json\/wp\/v2\/users\/2"}],"replies":[{"embeddable":true,"href":"https:\/\/akdenizhaber.com.tr\/index.php\/wp-json\/wp\/v2\/comments?post=17760"}],"version-history":[{"count":0,"href":"https:\/\/akdenizhaber.com.tr\/index.php\/wp-json\/wp\/v2\/posts\/17760\/revisions"}],"wp:featuredmedia":[{"embeddable":true,"href":"https:\/\/akdenizhaber.com.tr\/index.php\/wp-json\/wp\/v2\/media\/17761"}],"wp:attachment":[{"href":"https:\/\/akdenizhaber.com.tr\/index.php\/wp-json\/wp\/v2\/media?parent=17760"}],"wp:term":[{"taxonomy":"category","embeddable":true,"href":"https:\/\/akdenizhaber.com.tr\/index.php\/wp-json\/wp\/v2\/categories?post=17760"},{"taxonomy":"post_tag","embeddable":true,"href":"https:\/\/akdenizhaber.com.tr\/index.php\/wp-json\/wp\/v2\/tags?post=17760"}],"curies":[{"name":"wp","href":"https:\/\/api.w.org\/{rel}","templated":true}]}}