{"id":17757,"date":"2023-11-16T14:45:13","date_gmt":"2023-11-16T11:45:13","guid":{"rendered":"https:\/\/akdenizhaber.com.tr\/?p=17757"},"modified":"2023-11-16T15:14:21","modified_gmt":"2023-11-16T12:14:21","slug":"17757","status":"publish","type":"post","link":"https:\/\/akdenizhaber.com.tr\/index.php\/2023\/11\/16\/17757\/","title":{"rendered":"Milletvekili Durgun \u2018\u2019elektrik ve mazottaki \u00d6TV ve KDV\u2019nin kald\u0131r\u0131lmas\u0131 \u00e7ift\u00e7ilerimizin y\u00fcz\u00fcn\u00fc g\u00fcld\u00fcrecektir.\u2019\u2019"},"content":{"rendered":"\n<p><\/p>\n\n\n\n<p>Milliyet\u00e7i Hareket Partisi Antalya Milletvekili Hilmi Durgun T.C. Tar\u0131m ve Orman Bakanl\u0131\u011f\u0131 (B\u00fct\u00e7e, Kesin Hesap, Say\u0131\u015ftay Raporu) 2024 y\u0131l\u0131 plan b\u00fct\u00e7e g\u00f6r\u00fc\u015fmelerinde s\u00f6z ald\u0131.<\/p>\n\n\n\n<p>K\u00fcresel \u0131s\u0131nmadan, iklim de\u011fi\u015fikliklerine ve \u00e7ift\u00e7ilerin bir\u00e7ok sorununa de\u011finen MHP Milletvekili Durgun s\u00f6zlerine \u015f\u00f6yle devam etti.<\/p>\n\n\n\n<p>\u2018\u2019 \u00dclkemizde de \u00f6rt\u00fc t\u00fcl\u00fc alt\u0131 meyvecilik yat\u0131r\u0131mlar\u0131n artt\u0131r\u0131lmas\u0131 gerekmektedir.\u2019\u2019<\/p>\n\n\n\n<p>\u2018\u2019Say\u0131n bakan\u0131m hem \u00fcretici hem tar\u0131msal girdi tedarik\u00e7isi ve ziraat m\u00fchendisi Antalya Milletvekili olarak se\u00e7im b\u00f6lgemden bir miktar bahsetmek istiyorum.<\/p>\n\n\n\n<p>Daha \u00f6nceki say\u0131n milletvekillerimizin de konu\u015fmalar\u0131nda bahsetti\u011fi gibi \u00fclkemizi dolay\u0131s\u0131yla da en \u00e7ok Akdeniz b\u00f6lgesini olumsuz y\u00f6nde etkileyen iklim de\u011fi\u015fikli\u011fi ve k\u00fcresel \u0131s\u0131nma vard\u0131r. Ya\u015fanan iklim de\u011fi\u015fiklikleri sebebiyle d\u00fcnya \u00f6rt\u00fc t\u00fcl\u00fc alt\u0131nda meyvecili\u011fe ba\u015flam\u0131\u015ft\u0131r. \u00dclkemizde de \u00f6rt\u00fc alt\u0131 meyvecilik yat\u0131r\u0131mlar\u0131n artt\u0131r\u0131lmas\u0131 gerekmektedir.<\/p>\n\n\n\n<p>\u00d6rt\u00fc t\u00fcl\u00fc alt\u0131 meyvecili\u011fe ge\u00e7i\u015f, yine devam\u0131nda t\u00fcm ekim alanlar\u0131nda bas\u0131n\u00e7l\u0131 su sistem yat\u0131r\u0131mlar\u0131 ile damla-sulama y\u00f6nteminin yayg\u0131nla\u015fmas\u0131 te\u015fvik edilmelidir. Bu noktada da daha \u00f6nceden uygulanan ve \u00e7ok ba\u015far\u0131l\u0131 olan damla-sulama proje bazl\u0131 s\u00fcbvansiyonlu \u00e7ift\u00e7i yat\u0131r\u0131m kredisi uygulamalar\u0131na ihtiya\u00e7 duyulmaktad\u0131r.\u2019\u2019 dedi<\/p>\n\n\n\n<p>\u2018\u2019Katma de\u011feri y\u00fcksek olan \u00f6zel g\u00fcbre ve tohum t\u00fcrlerimiz ile ilgili te\u015fviklerin art\u0131r\u0131lmas\u0131 gerekmektedir.\u2019\u2019<\/p>\n\n\n\n<p>Milletvekili Durgun \u2018\u2019Katma de\u011feri y\u00fcksek olan \u00f6zel g\u00fcbre ve tohum \u00fcretimi T\u00fcrkiye\u2019de art\u0131k \u00e7ok \u00fcst seviyelere ula\u015fm\u0131\u015f, yerli ve milli firmalar\u0131m\u0131z ve \u00e7e\u015fitlerimiz g\u00fcn ge\u00e7tikte D\u00fcnya pazar\u0131nda yer bulmaya ba\u015flam\u0131\u015ft\u0131r. Bu noktada da bir\u00e7ok Avrupa \u00fclkesine g\u00f6re daha iyi kalite ve standartlarda \u00fcr\u00fcnler \u00fcretilmektedir.<\/p>\n\n\n\n<p>Ancak bu firmalar\u0131n kendilerini daha iyi seviyelere ta\u015f\u0131yabilmeleri i\u00e7in mutlak suretle AR-GE destekleri, ihracat faaliyetlerinde kullan\u0131lmak \u00fczere pazarlama destekleri, yapacak olduklar\u0131 yat\u0131r\u0131mlarda s\u00fcbvansiyonlu krediler, yerli ve milli tohum t\u00fcrlerimizin daha iyi seviyelere gelmesi i\u00e7in ise te\u015fviklerin artt\u0131r\u0131lmas\u0131 2024 y\u0131l\u0131 b\u00fct\u00e7emizde de\u011ferlendirilmelidir. Sizin de sunumuzda ifade etti\u011finiz \u00fczere organik tar\u0131m ve iyi tar\u0131m uygulamalar\u0131ndaki destekler art\u0131r\u0131lmal\u0131 demi\u015ftiniz lakin organik g\u00fcbre \u00fcretici firmalar\u0131m\u0131za daha \u00f6nceden Ziraat Bankas\u0131ndan s\u00fcbvansiyonlu kredi kullanabiliyorken, 2020 \/ 2015 say\u0131l\u0131 Cumhurba\u015fkanl\u0131\u011f\u0131 karar\u0131 ve daha \u00f6nce bakanlar kurulunun 2018 \/ 11188 say\u0131l\u0131 karar\u0131 ile bu destek maalesef kalkm\u0131\u015ft\u0131r. Organik tar\u0131m\u0131n geli\u015fmesini de olumsuz etkileyen bu konunun tekrar de\u011ferlendirilerek organik g\u00fcbre \u00fcreticilerimiz ve tar\u0131m payda\u015flar\u0131m\u0131z ad\u0131na \u00e7\u00f6z\u00fcme kavu\u015fturulmas\u0131 temennimizdir.\u2019\u2019 diyerek konunun \u00f6nemine de\u011findi.<\/p>\n\n\n\n<p>\u2018\u2019\u00c7ift\u00e7ilerimiz ve tar\u0131msal girdi tedarik\u00e7ilerimiz i\u00e7in s\u00fcbvansiyonlu veya KGF i\u015fletme kredileri b\u00fcy\u00fck \u00f6nem arz etmektedir\u2019\u2019<\/p>\n\n\n\n<p>\u2018\u2019Say\u0131n Bakan\u0131m de\u011finmek istedi\u011fim bir di\u011fer \u00f6nemli konu ise, \u00e7ift\u00e7ilerimizin en \u00f6nemli maliyet girdileri olan tohum, fide, g\u00fcbre, ila\u00e7 ve plastik gibi girdi kalemlerinin sat\u0131\u015flar\u0131n\u0131n maalesef piyasa ko\u015fullar\u0131, al\u0131\u015fkanl\u0131klar ve ekonomik sebeplerden dolay\u0131 \u00e7ok uzun vadeler ile yap\u0131l\u0131yor olmas\u0131d\u0131r. T\u00fcm bu hammadde girdileri, \u00fcretici firmalar taraf\u0131ndan d\u00f6viz baz\u0131nda \u00f6n \u00f6demeli \u015fekilde temin edilmektedir. Piyasaya arz\u0131nda daha \u00f6nceki d\u00f6nemlerde hasat vadeli olan \u00f6deme \u015fekilleri, son y\u0131llarda 1 y\u0131l gibi ticareten \u00e7ok mant\u0131kl\u0131 olmayan seviyelere ula\u015fm\u0131\u015ft\u0131r.3 ay hammadde temin s\u00fcreci, 1 ay \u00fcretim s\u00fcreci ve 12 ay vadeli sat\u0131\u015f s\u00fcrecini g\u00f6z \u00f6n\u00fcnde bulundurursak, tar\u0131msal girdi \u00fcreticisi firmalar t\u00fcm \u00fcr\u00fcnlerini 15-16 aya varan finans maliyetleri ile birlikte \u00fcretip satmak zorunda kalm\u0131\u015ft\u0131r. 15-16 ayl\u0131k s\u00fcrenin de finans maliyeti bug\u00fcn ki \u015fartlarda ortalama %60 \u2013 70 seviyelerinde finans y\u00fck\u00fc getirmektedir. Bu durum ise do\u011frudan \u00e7ift\u00e7ilerimize yans\u0131makta ve \u00e7ift\u00e7ilerimizin \u00fcretim maliyetlerini \u00e7ok yukar\u0131lara ta\u015f\u0131maktad\u0131r.<\/p>\n\n\n\n<p>Bu sorun ile ilgili k\u0131sa vadede \u00e7\u00f6z\u00fcm olarak ba\u015fta \u00e7ift\u00e7ilerimiz olmak \u00fczere, sanayi sicil belgesine sahip olan g\u00fcbre, tohum ve fide \u00fcreticilerimize, zirai ila\u00e7 bayi ve toptanc\u0131lar\u0131na verilecek olan s\u00fcbvansiyonlu veya KGF i\u015fletme kredileri b\u00fcy\u00fck \u00f6nem arz etmektedir. Bu sayede hem \u00fcr\u00fcnler \u00fczerindeki finans y\u00fck\u00fc minimum seviyelere indirilecek, hem de bitkisel \u00fcretim yapan \u00e7ift\u00e7ilerimiz daha kolay bir \u015fekilde kendi maliyetlerini ve bor\u00e7lanmalar\u0131n\u0131 kontrol alt\u0131nda tutabilecektir.\u2019\u2019 \u0130fadelerini kulland\u0131.<\/p>\n\n\n\n<p>\u2018\u2019 G\u00fcbre takip sisteminin kendisi de\u011fil fakat uygulamas\u0131 ile ilgili s\u0131k\u0131nt\u0131lar mevcuttur.\u2019\u2019<\/p>\n\n\n\n<p>\u2018\u2019\u00c7ift\u00e7ilerimizin \u00fcretim maliyetini artt\u0131ran di\u011fer bir \u00f6nemli husus ise; g\u00fcbre fiyatlar\u0131n\u0131 direk olumsuz y\u00f6nde etkileyen G\u00fcbre Takip Sistemi k\u0131saca GTS uygulamas\u0131d\u0131r. G\u00fcbre takip sisteminin kendisi de\u011fil fakat uygulamas\u0131 ile ilgili s\u0131k\u0131nt\u0131lar mevcuttur.<\/p>\n\n\n\n<p>&nbsp;G\u00fcbre \u00fcreticilerinin kanayan yaras\u0131 olan GTS; uygulama zorlu\u011fu, \u00fcretim tesislerinin kapasitelerini %50 ye yak\u0131n d\u00fc\u015f\u00fcrmesi, \u00e7ok y\u00fcksek maliyet ve tek el \u00fczerinden sat\u0131\u015f\u0131n\u0131n yap\u0131lmas\u0131 m\u00fcnasebetiyle olu\u015fan maliyetler yine \u00e7ift\u00e7ilerimize yans\u0131makta ve \u00e7ift\u00e7ilerimizin \u00fcretim maliyetlerini yukar\u0131lara ta\u015f\u0131maktad\u0131r. Ayr\u0131ca tek el \u00fczerinden sat\u0131\u015f\u0131n yap\u0131lmas\u0131 rekabet yasas\u0131na ayk\u0131r\u0131 uygulamalar oldu\u011fu de\u011ferlendirilmektedir. Sekt\u00f6r payda\u015flar\u0131m\u0131z\u0131n bu problemleri bakanl\u0131\u011f\u0131m\u0131z\u0131n k\u0131ymetli b\u00fcrokratlar\u0131 ile g\u00f6r\u00fc\u015ferek \u00e7\u00f6z\u00fcm noktas\u0131nda kar\u015f\u0131l\u0131kl\u0131 olarak yap\u0131c\u0131 bir \u015fekilde ilerledi\u011fi bilgisini ald\u0131\u011f\u0131m\u0131zdan dolay\u0131 bu problemin takip\u00e7isi ve \u00e7\u00f6z\u00fcm noktas\u0131nda ivedilikle desteklerinizi bekliyor emektar \u00e7ift\u00e7ilerimizin mutlak suretle korunmas\u0131 noktas\u0131nda t\u00fcm tar\u0131m \u00fcr\u00fcnlerinde taban fiyat uygulamas\u0131 konusunun enine boyuna tart\u0131\u015f\u0131lmas\u0131 gerekti\u011fini d\u00fc\u015f\u00fcn\u00fcyoruz.\u2019\u2019 \u015feklinde konu\u015ftu.<\/p>\n\n\n\n<p>\u2018\u2019 Elektrik ve mazottaki \u00d6TV ve KDV\u2019nin kald\u0131r\u0131lmas\u0131 gerekmektedir.\u2019\u2019<\/p>\n\n\n\n<p>\u2018\u20192022 y\u0131l\u0131nda Say\u0131n Cumhurba\u015fkan\u0131m\u0131z\u0131n tar\u0131msal sulamada kullan\u0131lan elektrikte KDV&#8217;nin y\u00fczde 8&#8217;e indirilmesi \u00e7ift\u00e7inin maliyetlerini d\u00fc\u015f\u00fcrm\u00fc\u015f ancak yeterli olmam\u0131\u015ft\u0131r. Tar\u0131msal \u00fcretimin s\u00fcrd\u00fcr\u00fclebilmesi ve \u00e7ift\u00e7ilerimizin bu sorununun \u00e7\u00f6z\u00fclebilmesi i\u00e7in elektrik ve mazottaki \u00d6TV ve KDV\u2019nin kald\u0131r\u0131lmas\u0131 gerekti\u011fini ifade ediyor, 2024 y\u0131l\u0131 Tar\u0131m ve Orman Bakanl\u0131\u011f\u0131 Plan ve B\u00fct\u00e7e Komisyonu g\u00f6r\u00fc\u015fmelerinin hay\u0131rlara vesile olmas\u0131n\u0131 diliyor, hepinizi sayg\u0131 ile selaml\u0131yorum.\u2019\u2019 Diyerek s\u00f6zlerine son verdi.<\/p>\n\n\n\n<p>(Haber Merkezi)<\/p>\n","protected":false},"excerpt":{"rendered":"<p>Milliyet\u00e7i Hareket Partisi Antalya Milletvekili Hilmi Durgun T.C. Tar\u0131m ve Orman Bakanl\u0131\u011f\u0131 (B\u00fct\u00e7e, Kesin Hesap, Say\u0131\u015ftay Raporu) 2024 y\u0131l\u0131 plan b\u00fct\u00e7e g\u00f6r\u00fc\u015fmelerinde s\u00f6z ald\u0131. K\u00fcresel <a href=\"https:\/\/akdenizhaber.com.tr\/index.php\/2023\/11\/16\/17757\/\" class=\"read-more-link\">[more&#8230;]<\/a><\/p>\n","protected":false},"author":2,"featured_media":17758,"comment_status":"open","ping_status":"open","sticky":false,"template":"","format":"standard","meta":{"footnotes":""},"categories":[2],"tags":[],"class_list":["post-17757","post","type-post","status-publish","format-standard","has-post-thumbnail","hentry","category-gundem"],"_links":{"self":[{"href":"https:\/\/akdenizhaber.com.tr\/index.php\/wp-json\/wp\/v2\/posts\/17757","targetHints":{"allow":["GET"]}}],"collection":[{"href":"https:\/\/akdenizhaber.com.tr\/index.php\/wp-json\/wp\/v2\/posts"}],"about":[{"href":"https:\/\/akdenizhaber.com.tr\/index.php\/wp-json\/wp\/v2\/types\/post"}],"author":[{"embeddable":true,"href":"https:\/\/akdenizhaber.com.tr\/index.php\/wp-json\/wp\/v2\/users\/2"}],"replies":[{"embeddable":true,"href":"https:\/\/akdenizhaber.com.tr\/index.php\/wp-json\/wp\/v2\/comments?post=17757"}],"version-history":[{"count":0,"href":"https:\/\/akdenizhaber.com.tr\/index.php\/wp-json\/wp\/v2\/posts\/17757\/revisions"}],"wp:featuredmedia":[{"embeddable":true,"href":"https:\/\/akdenizhaber.com.tr\/index.php\/wp-json\/wp\/v2\/media\/17758"}],"wp:attachment":[{"href":"https:\/\/akdenizhaber.com.tr\/index.php\/wp-json\/wp\/v2\/media?parent=17757"}],"wp:term":[{"taxonomy":"category","embeddable":true,"href":"https:\/\/akdenizhaber.com.tr\/index.php\/wp-json\/wp\/v2\/categories?post=17757"},{"taxonomy":"post_tag","embeddable":true,"href":"https:\/\/akdenizhaber.com.tr\/index.php\/wp-json\/wp\/v2\/tags?post=17757"}],"curies":[{"name":"wp","href":"https:\/\/api.w.org\/{rel}","templated":true}]}}