{"id":17754,"date":"2023-11-16T14:44:09","date_gmt":"2023-11-16T11:44:09","guid":{"rendered":"https:\/\/akdenizhaber.com.tr\/?p=17754"},"modified":"2023-11-16T14:44:10","modified_gmt":"2023-11-16T11:44:10","slug":"baskan-bocek-ozgur-ozeli-ziyaret-etti","status":"publish","type":"post","link":"https:\/\/akdenizhaber.com.tr\/index.php\/2023\/11\/16\/baskan-bocek-ozgur-ozeli-ziyaret-etti\/","title":{"rendered":"Ba\u015fkan B\u00f6cek , \u00d6zg\u00fcr \u00d6zel\u2019i ziyaret etti"},"content":{"rendered":"\n<p><\/p>\n\n\n\n<p>Antalya B\u00fcy\u00fck\u015fehir Belediye Ba\u015fkan\u0131 Muhittin B\u00f6cek, Ankara\u2019da CHP Genel Ba\u015fkan\u0131 \u00d6zg\u00fcr \u00d6zel\u2019e hay\u0131rl\u0131 olsun ziyaretinde bulundu.<\/p>\n\n\n\n<p>Antalya B\u00fcy\u00fck\u015fehir Belediye Ba\u015fkan\u0131 Muhittin B\u00f6cek, Cumhuriyet Halk Partisi Genel Ba\u015fkan\u0131 \u00d6zg\u00fcr \u00d6zel\u2019i CHP Genel Merkezi\u2019nde ziyaret etti. Ba\u015fkan B\u00f6cek, Genel Ba\u015fkan \u00d6zel\u2019e hay\u0131rl\u0131 olsun dileklerini ileterek \u201cCumhuriyet Halk Partisi Genel Ba\u015fkan\u0131m\u0131z Say\u0131n \u00d6zg\u00fcr \u00d6zel&#8217;e hay\u0131rl\u0131 olsun ziyaretinde bulunduk. Antalya\u2019ya verdi\u011fimiz ve bug\u00fcne kadar yerine getirdi\u011fimiz s\u00f6zlerimizi, bundan sonra yapacaklar\u0131m\u0131z\u0131 konu\u015ftuk. Say\u0131n Genel Ba\u015fkan\u0131m\u0131za yeni g\u00f6revinde ba\u015far\u0131lar diliyor, partimiz ve milletimiz ad\u0131na hay\u0131rl\u0131 olmas\u0131n\u0131 temenni ediyorum. Antalya&#8217;m\u0131z\u0131 ve \u00fclkemizi birlikte g\u00fczel yar\u0131nlara ta\u015f\u0131yaca\u011f\u0131z\u201d dedi.<\/p>\n\n\n\n<p>Ba\u015fkan Muhittin B\u00f6cek, kimseyi \u00f6tekile\u015ftirmeden birlik ve beraberlik i\u00e7inde Antalya i\u00e7in var g\u00fc\u00e7leri ile \u00e7al\u0131\u015fmaya devam edeceklerini belirterek, CHP Genel Ba\u015fkan\u0131 \u00d6zel\u2019in misafirperverli\u011fi i\u00e7in te\u015fekk\u00fcr etti.<\/p>\n\n\n\n<p>Antalya B\u00fcy\u00fck\u015fehir Belediyesi \/ B\u00fclten<\/p>\n","protected":false},"excerpt":{"rendered":"<p>Antalya B\u00fcy\u00fck\u015fehir Belediye Ba\u015fkan\u0131 Muhittin B\u00f6cek, Ankara\u2019da CHP Genel Ba\u015fkan\u0131 \u00d6zg\u00fcr \u00d6zel\u2019e hay\u0131rl\u0131 olsun ziyaretinde bulundu. Antalya B\u00fcy\u00fck\u015fehir Belediye Ba\u015fkan\u0131 Muhittin B\u00f6cek, Cumhuriyet Halk Partisi <a href=\"https:\/\/akdenizhaber.com.tr\/index.php\/2023\/11\/16\/baskan-bocek-ozgur-ozeli-ziyaret-etti\/\" class=\"read-more-link\">[more&#8230;]<\/a><\/p>\n","protected":false},"author":2,"featured_media":17755,"comment_status":"open","ping_status":"open","sticky":false,"template":"","format":"standard","meta":{"footnotes":""},"categories":[2],"tags":[],"class_list":["post-17754","post","type-post","status-publish","format-standard","has-post-thumbnail","hentry","category-gundem"],"_links":{"self":[{"href":"https:\/\/akdenizhaber.com.tr\/index.php\/wp-json\/wp\/v2\/posts\/17754","targetHints":{"allow":["GET"]}}],"collection":[{"href":"https:\/\/akdenizhaber.com.tr\/index.php\/wp-json\/wp\/v2\/posts"}],"about":[{"href":"https:\/\/akdenizhaber.com.tr\/index.php\/wp-json\/wp\/v2\/types\/post"}],"author":[{"embeddable":true,"href":"https:\/\/akdenizhaber.com.tr\/index.php\/wp-json\/wp\/v2\/users\/2"}],"replies":[{"embeddable":true,"href":"https:\/\/akdenizhaber.com.tr\/index.php\/wp-json\/wp\/v2\/comments?post=17754"}],"version-history":[{"count":0,"href":"https:\/\/akdenizhaber.com.tr\/index.php\/wp-json\/wp\/v2\/posts\/17754\/revisions"}],"wp:featuredmedia":[{"embeddable":true,"href":"https:\/\/akdenizhaber.com.tr\/index.php\/wp-json\/wp\/v2\/media\/17755"}],"wp:attachment":[{"href":"https:\/\/akdenizhaber.com.tr\/index.php\/wp-json\/wp\/v2\/media?parent=17754"}],"wp:term":[{"taxonomy":"category","embeddable":true,"href":"https:\/\/akdenizhaber.com.tr\/index.php\/wp-json\/wp\/v2\/categories?post=17754"},{"taxonomy":"post_tag","embeddable":true,"href":"https:\/\/akdenizhaber.com.tr\/index.php\/wp-json\/wp\/v2\/tags?post=17754"}],"curies":[{"name":"wp","href":"https:\/\/api.w.org\/{rel}","templated":true}]}}