{"id":17748,"date":"2023-11-15T13:13:04","date_gmt":"2023-11-15T10:13:04","guid":{"rendered":"https:\/\/akdenizhaber.com.tr\/?p=17748"},"modified":"2023-11-15T13:13:04","modified_gmt":"2023-11-15T10:13:04","slug":"iyi-partililer-mangalda-bir-araya-geldi","status":"publish","type":"post","link":"https:\/\/akdenizhaber.com.tr\/index.php\/2023\/11\/15\/iyi-partililer-mangalda-bir-araya-geldi\/","title":{"rendered":"\u0130yi Partililer Mangalda bir araya geldi"},"content":{"rendered":"\n<p><\/p>\n\n\n\n<p>\u0130yi Parti Manavgat \u0130l\u00e7e te\u015fkilat\u0131 ge\u00e7ti\u011fimiz Pazar g\u00fcn\u00fc d\u00fczenledi\u011fi geleneksel mangal g\u00fcn\u00fcnde partililer bir araya geldi.<\/p>\n\n\n\n<p>D\u00fczenlenen mangal festivaline \u0130yi Parti Antalya milletvekili Aykut Kaya, \u0130yi Parti Antalya B\u00fcy\u00fck\u015fehir belediyesi aday aday\u0131 Nesrin \u00dcnal, \u0130yi Parti Aksu il\u00e7e ba\u015fkan\u0131 Recep Bal, \u0130yi Parti \u0130brad\u0131 il\u00e7e ba\u015fkan\u0131 Sel\u00e7uk Yamansoy, Aksu Belediye ba\u015fkan aday aday\u0131 Deniz Karata\u015f, \u0130yi Parti te\u015fkilat ba\u015fkan\u0131 Selahattin Y\u00fcksel, y\u00f6netim kurlu \u00fcyesi Tayfun Tozluyurt, \u0130l y\u00f6netim kurulu \u00fcyesi Dilek Ayd\u0131n, y\u00f6netim kurulu \u00fcyeleri ile \u00e7ok say\u0131da parti \u00fcyeleri kat\u0131ld\u0131.<\/p>\n\n\n\n<p>Mangal festivali a\u00e7\u0131\u015f konu\u015fmas\u0131n\u0131 yapan \u0130yi Parti \u0130l\u00e7e Ba\u015fkan\u0131 H\u00fcseyin Ergin, \u0130yi partinin Manavgat\u2019ta her ge\u00e7en b\u00fcy\u00fcyerek \u00e7o\u011fald\u0131\u011f\u0131na ve halk\u0131n tercihi haline geldi\u011fini belirterek kat\u0131l\u0131mlar\u0131ndan dolay\u0131 misafirlere ve \u00fcyelere ho\u015f geldiniz dilekleriyle te\u015fekk\u00fcr etti.<\/p>\n\n\n\n<p>\u0130yi Parti Antalya milletvekili Aykut Kaya, kendisine g\u00fcvenerek oy veren t\u00fcm \u0130yi partili \u00fcyeler ve Manavgatl\u0131lara te\u015fekk\u00fcr ederek s\u00f6ze ba\u015flad\u0131.<\/p>\n\n\n\n<p>\u0130yi Parti Antalya milletvekili se\u00e7ildi\u011fi g\u00fcnden bu yana ge\u00e7en s\u00fcre\u00e7te Gazipa\u015fa\u2019da, Ka\u015f\u2019a Antalya\u2019n\u0131n t\u00fcm sorunlar\u0131n\u0131 meclis k\u00fcrs\u00fcs\u00fcnden dile getirmekle birlikte sorunlar\u0131n oldu\u011fu yerlerde bas\u0131n toplant\u0131lar\u0131 ile konular\u0131 g\u00fcndeme getirdi\u011fine dikkat \u00e7ekerek, bundan sonrada her konunun ve sorunun yak\u0131ndan takip\u00e7isi olaca\u011f\u0131n\u0131 s\u00f6zlerine ekledi.<\/p>\n\n\n\n<p>(Haber Merkezi)<\/p>\n","protected":false},"excerpt":{"rendered":"<p>\u0130yi Parti Manavgat \u0130l\u00e7e te\u015fkilat\u0131 ge\u00e7ti\u011fimiz Pazar g\u00fcn\u00fc d\u00fczenledi\u011fi geleneksel mangal g\u00fcn\u00fcnde partililer bir araya geldi. D\u00fczenlenen mangal festivaline \u0130yi Parti Antalya milletvekili Aykut Kaya, <a href=\"https:\/\/akdenizhaber.com.tr\/index.php\/2023\/11\/15\/iyi-partililer-mangalda-bir-araya-geldi\/\" class=\"read-more-link\">[more&#8230;]<\/a><\/p>\n","protected":false},"author":2,"featured_media":17749,"comment_status":"open","ping_status":"open","sticky":false,"template":"","format":"standard","meta":{"footnotes":""},"categories":[2],"tags":[],"class_list":["post-17748","post","type-post","status-publish","format-standard","has-post-thumbnail","hentry","category-gundem"],"_links":{"self":[{"href":"https:\/\/akdenizhaber.com.tr\/index.php\/wp-json\/wp\/v2\/posts\/17748","targetHints":{"allow":["GET"]}}],"collection":[{"href":"https:\/\/akdenizhaber.com.tr\/index.php\/wp-json\/wp\/v2\/posts"}],"about":[{"href":"https:\/\/akdenizhaber.com.tr\/index.php\/wp-json\/wp\/v2\/types\/post"}],"author":[{"embeddable":true,"href":"https:\/\/akdenizhaber.com.tr\/index.php\/wp-json\/wp\/v2\/users\/2"}],"replies":[{"embeddable":true,"href":"https:\/\/akdenizhaber.com.tr\/index.php\/wp-json\/wp\/v2\/comments?post=17748"}],"version-history":[{"count":0,"href":"https:\/\/akdenizhaber.com.tr\/index.php\/wp-json\/wp\/v2\/posts\/17748\/revisions"}],"wp:featuredmedia":[{"embeddable":true,"href":"https:\/\/akdenizhaber.com.tr\/index.php\/wp-json\/wp\/v2\/media\/17749"}],"wp:attachment":[{"href":"https:\/\/akdenizhaber.com.tr\/index.php\/wp-json\/wp\/v2\/media?parent=17748"}],"wp:term":[{"taxonomy":"category","embeddable":true,"href":"https:\/\/akdenizhaber.com.tr\/index.php\/wp-json\/wp\/v2\/categories?post=17748"},{"taxonomy":"post_tag","embeddable":true,"href":"https:\/\/akdenizhaber.com.tr\/index.php\/wp-json\/wp\/v2\/tags?post=17748"}],"curies":[{"name":"wp","href":"https:\/\/api.w.org\/{rel}","templated":true}]}}