{"id":17746,"date":"2023-11-15T13:12:16","date_gmt":"2023-11-15T10:12:16","guid":{"rendered":"https:\/\/akdenizhaber.com.tr\/?p=17746"},"modified":"2023-11-15T13:12:16","modified_gmt":"2023-11-15T10:12:16","slug":"hayal-kurmak","status":"publish","type":"post","link":"https:\/\/akdenizhaber.com.tr\/index.php\/2023\/11\/15\/hayal-kurmak\/","title":{"rendered":"Hayal Kurmak"},"content":{"rendered":"\n<p>G\u00fcnayd\u0131n g\u00fczel insanlar\u2026<br>Hayal kurmak, \u00e7ocukluk d\u00f6nemimizden itibaren hepimizin do\u011fas\u0131nda var olan bir yetenek. Ancak b\u00fcy\u00fcd\u00fck\u00e7e, hayal kurman\u0131n bir &#8220;\u00e7ocuk i\u015fi&#8221; oldu\u011funu d\u00fc\u015f\u00fcnmeye ba\u015flar\u0131z ve bu yetene\u011fi kullanmay\u0131 b\u0131rak\u0131r\u0131z. Oysa hayal kurman\u0131n \u00f6nemi, sadece \u00e7ocuklar i\u00e7in de\u011fil, yeti\u015fkinler i\u00e7in de b\u00fcy\u00fckt\u00fcr. Hayal g\u00fcc\u00fc, zihinsel sa\u011fl\u0131\u011f\u0131m\u0131z\u0131, yarat\u0131c\u0131l\u0131\u011f\u0131m\u0131z\u0131 ve hatta ba\u015far\u0131 seviyemizi belirleyen bir fakt\u00f6rd\u00fcr. Hayal kurmak, zihnimizin sa\u011fl\u0131\u011f\u0131n\u0131 korumak i\u00e7in \u00f6nemli bir ara\u00e7t\u0131r. Hayal kurdu\u011fumuzda, zihnimizde olumlu senaryolar olu\u015ftururuz. Bu, stresi azaltmaya ve genel ya\u015fam memnuniyetimizi art\u0131rmaya yard\u0131mc\u0131 olur. Ayr\u0131ca, hayal kurmak, zihnimizi yeni ve farkl\u0131 d\u00fc\u015f\u00fcnme yollar\u0131na a\u00e7ar. Bu, problem \u00e7\u00f6zme yeteneklerimizi geli\u015ftirir ve bizi daha esnek hale getirir. Hayal kurmak, yarat\u0131c\u0131l\u0131\u011f\u0131m\u0131z\u0131 besler. Yeni fikirler ve \u00e7\u00f6z\u00fcmler bulmak i\u00e7in hayal g\u00fcc\u00fcm\u00fcz\u00fc kullan\u0131r\u0131z. Hayal kurarak, zihnimizdeki s\u0131n\u0131rlamalar\u0131 a\u015fabilir ve daha \u00f6nce hi\u00e7 d\u00fc\u015f\u00fcnmedi\u011fimiz yollar\u0131 ke\u015ffedebiliriz. Bu, hem ki\u015fisel hem de profesyonel ya\u015fam\u0131m\u0131zda bizi daha ba\u015far\u0131l\u0131 k\u0131lar. Hayal kurmak, ba\u015far\u0131y\u0131 elde etmek i\u00e7in \u00f6nemli bir ad\u0131md\u0131r. Hayallerimiz, hedeflerimizi belirler ve bizi bu hedeflere ula\u015fmak i\u00e7in harekete ge\u00e7irir. Hayal kurdu\u011fumuzda, zihnimiz bu hayalleri ger\u00e7ekle\u015ftirmek i\u00e7in gereken ad\u0131mlar\u0131 planlar. Bu, motivasyonumuzu art\u0131r\u0131r ve bizi hedeflerimize ula\u015fma konusunda daha kararl\u0131 hale getirir. Hayal kurman\u0131n \u00f6nemi, zihinsel sa\u011fl\u0131\u011f\u0131m\u0131z, yarat\u0131c\u0131l\u0131\u011f\u0131m\u0131z ve ba\u015far\u0131m\u0131z \u00fczerinde b\u00fcy\u00fck bir etkiye sahiptir. Hayal kurmay\u0131 bir al\u0131\u015fkanl\u0131k haline getirerek, ya\u015fam kalitemizi art\u0131rabilir ve hedeflerimize ula\u015fmada daha ba\u015far\u0131l\u0131 olabiliriz. Unutmay\u0131n, hayal kurmak sadece \u00e7ocuklar i\u00e7in de\u011fil, her ya\u015fta bir ihtiya\u00e7t\u0131r.<\/p>\n\n\n\n<p>ESRA \u0130\u00c7G\u00d6Z<\/p>\n","protected":false},"excerpt":{"rendered":"<p>G\u00fcnayd\u0131n g\u00fczel insanlar\u2026Hayal kurmak, \u00e7ocukluk d\u00f6nemimizden itibaren hepimizin do\u011fas\u0131nda var olan bir yetenek. Ancak b\u00fcy\u00fcd\u00fck\u00e7e, hayal kurman\u0131n bir &#8220;\u00e7ocuk i\u015fi&#8221; oldu\u011funu d\u00fc\u015f\u00fcnmeye ba\u015flar\u0131z ve bu <a href=\"https:\/\/akdenizhaber.com.tr\/index.php\/2023\/11\/15\/hayal-kurmak\/\" class=\"read-more-link\">[more&#8230;]<\/a><\/p>\n","protected":false},"author":2,"featured_media":17702,"comment_status":"open","ping_status":"open","sticky":false,"template":"","format":"standard","meta":{"footnotes":""},"categories":[2],"tags":[],"class_list":["post-17746","post","type-post","status-publish","format-standard","has-post-thumbnail","hentry","category-gundem"],"_links":{"self":[{"href":"https:\/\/akdenizhaber.com.tr\/index.php\/wp-json\/wp\/v2\/posts\/17746","targetHints":{"allow":["GET"]}}],"collection":[{"href":"https:\/\/akdenizhaber.com.tr\/index.php\/wp-json\/wp\/v2\/posts"}],"about":[{"href":"https:\/\/akdenizhaber.com.tr\/index.php\/wp-json\/wp\/v2\/types\/post"}],"author":[{"embeddable":true,"href":"https:\/\/akdenizhaber.com.tr\/index.php\/wp-json\/wp\/v2\/users\/2"}],"replies":[{"embeddable":true,"href":"https:\/\/akdenizhaber.com.tr\/index.php\/wp-json\/wp\/v2\/comments?post=17746"}],"version-history":[{"count":0,"href":"https:\/\/akdenizhaber.com.tr\/index.php\/wp-json\/wp\/v2\/posts\/17746\/revisions"}],"wp:featuredmedia":[{"embeddable":true,"href":"https:\/\/akdenizhaber.com.tr\/index.php\/wp-json\/wp\/v2\/media\/17702"}],"wp:attachment":[{"href":"https:\/\/akdenizhaber.com.tr\/index.php\/wp-json\/wp\/v2\/media?parent=17746"}],"wp:term":[{"taxonomy":"category","embeddable":true,"href":"https:\/\/akdenizhaber.com.tr\/index.php\/wp-json\/wp\/v2\/categories?post=17746"},{"taxonomy":"post_tag","embeddable":true,"href":"https:\/\/akdenizhaber.com.tr\/index.php\/wp-json\/wp\/v2\/tags?post=17746"}],"curies":[{"name":"wp","href":"https:\/\/api.w.org\/{rel}","templated":true}]}}