{"id":17743,"date":"2023-11-15T13:11:29","date_gmt":"2023-11-15T10:11:29","guid":{"rendered":"https:\/\/akdenizhaber.com.tr\/?p=17743"},"modified":"2023-11-15T13:11:29","modified_gmt":"2023-11-15T10:11:29","slug":"ressam-nurcan-simsek-turkiyede-bir-ilke-imza-atti","status":"publish","type":"post","link":"https:\/\/akdenizhaber.com.tr\/index.php\/2023\/11\/15\/ressam-nurcan-simsek-turkiyede-bir-ilke-imza-atti\/","title":{"rendered":"Ressam Nurcan \u015eim\u015fek, T\u00fcrkiye\u2019de bir ilke imza att\u0131"},"content":{"rendered":"\n<p><\/p>\n\n\n\n<p>\u0130l\u00e7emizde ya\u015fayan ressamlardan Nurcan \u015eim\u015fek,10-16 Kas\u0131m Atat\u00fcrk&#8217;\u00fc Anma Haftas\u0131 dolay\u0131s\u0131yla Ulu \u00d6nder Atat\u00fcrk&#8217;\u00fcn portresini T\u00fcrk hal\u0131s\u0131 \u00fczerine canl\u0131 performans ile 5 saat \u00e7al\u0131\u015farak resimledi. 12 Kas\u0131m Pazar g\u00fcn\u00fc ger\u00e7ekle\u015fen etkinlik b\u00fcy\u00fck ilgi toplad\u0131, bu \u00e7al\u0131\u015fma T\u00fcrkiye&#8217;de ilk kez antik kent Side&#8217;de ilgilenenlerin ve turistlerin yo\u011fun ilgisi ile g\u00f6zler \u00f6n\u00fcnde ger\u00e7ekle\u015ftirildi.<\/p>\n\n\n\n<p><strong>Side Antik kenti k\u00fclt\u00fcr ve sanata ev sahipli\u011fi yapmaya devam ediyor. Ressam Nurcan \u015eim\u015fek s\u0131ra d\u0131\u015f\u0131 bir \u00e7al\u0131\u015fmaya imza atarak, T\u00fcrkiye\u2019de bir ilki ger\u00e7ekle\u015ftirdi. \u015eim\u015fek, Atat\u00fcrk\u2019\u00fcn portresini T\u00fcrk Hal\u0131s\u0131 \u00fczerine canl\u0131 performansla 5 saatte boyama ile resimledi.<\/strong><\/p>\n\n\n\n<p>Manavgat\u2019ta ya\u015fam\u0131n\u0131 s\u00fcrd\u00fcren ressam Nurcan \u015eim\u015fek, 10-16 Kas\u0131m Atat\u00fcrk\u2019\u00fc Anma Haftas\u0131 dolay\u0131s\u0131yla Ulu \u00d6nder Gazi Mustafa Kemal Atat\u00fcrk\u2019\u00fcn portresini Side\u2019de bir hal\u0131c\u0131 d\u00fckk\u00e2n\u0131nda g\u00f6zetmenler e\u015fli\u011finde canl\u0131 performansla 5 saatte boyama ile resimledi. T\u00fcrkiye\u2019de bir ilk olan bu \u00e7al\u0131\u015fma turistlerinde yo\u011fun ilgisini \u00e7ekti.<\/p>\n\n\n\n<p>Cumhuriyet\u2019in temelinin bilim ve sanat oldu\u011fu belirten \u015eim\u015fek, \u201c Cumhuriyetimizin temeli bilimdir, sanatt\u0131r. Bende bu \u00e7al\u0131\u015fmam ile bir fark\u0131ndal\u0131k yaratmak istedim. Hal\u0131 \u00fczerine portre resim \u00e7al\u0131\u015fmas\u0131 \u00e7ok zor ve dikkat gerektiren bir i\u015f. Hata kabul etmeyen bir uzmanl\u0131kla yap\u0131lmas\u0131 gerekiyor. Sanat\u00e7\u0131 hayal g\u00fcc\u00fc olan insand\u0131r. S\u0131ra d\u0131\u015f\u0131 denemeleri yapmak her sanat\u00e7\u0131n\u0131n hayalini kurdu\u011fu bir olgudur. T\u00fcrk hal\u0131s\u0131 \u00fczerine Atat\u00fcrk\u2019\u00fcn portresini resimlemeyi uzun bir s\u00fcredir hayal ediyordum. Bu hayalimi g\u00f6zetmenler e\u015fli\u011finde Side gibi tarih, k\u00fclt\u00fcr ve sanat kokan bir kentte 5 saat s\u00fcren bir \u00e7al\u0131\u015fmayla ger\u00e7ekle\u015ftirdi\u011fim i\u00e7in \u00e7ok mutluyum. Bana bu olana\u011f\u0131 sunan Side Mozaik Carpet adl\u0131 i\u015fyerine de te\u015fekk\u00fcr\u00fc bir bor\u00e7 bilirim\u201d diyerek duygular\u0131n\u0131 dile getirdi.<\/p>\n\n\n\n<p><strong>Ressam Nurcan \u015eim\u015fek kimdir?<\/strong><\/p>\n\n\n\n<p>Gazi \u00fcniversitesi g\u00fczel sanatlar fak\u00fcltesi b\u00f6l\u00fcm 3. Olarak y\u00fcksek onur derecesi ile mezun oldu. 2 \u00e7ocuk annesi. 17 y\u0131ld\u0131r Manavgat&#8217;ta ya\u015f\u0131yor ve halen Manavgat Belediyesi Side Gen\u00e7lik Merkezi&#8217;n de resim \u00f6\u011fretmeni olarak \u00e7al\u0131\u015fmakta, ya\u015fayan sanat projelerine imza att\u0131. Anka ku\u015fu projesinde sanat terapisi olarak yer ald\u0131. Manavgat Belediyesi \u00e7ocuk etkinlik merkezine kayalar \u00fczerine 3D resim yaparak kayalar\u0131 \u00e7e\u015fitli hayvanlara d\u00f6n\u00fc\u015ft\u00fcrmesi ile birlikte s\u0131ra d\u0131\u015f\u0131 fark\u0131ndal\u0131k olu\u015fturacak sanat deneme ve \u00e7al\u0131\u015fmalar\u0131na imza att\u0131.<\/p>\n\n\n\n<p>(Haber Merkezi)<\/p>\n","protected":false},"excerpt":{"rendered":"<p>\u0130l\u00e7emizde ya\u015fayan ressamlardan Nurcan \u015eim\u015fek,10-16 Kas\u0131m Atat\u00fcrk&#8217;\u00fc Anma Haftas\u0131 dolay\u0131s\u0131yla Ulu \u00d6nder Atat\u00fcrk&#8217;\u00fcn portresini T\u00fcrk hal\u0131s\u0131 \u00fczerine canl\u0131 performans ile 5 saat \u00e7al\u0131\u015farak resimledi. 12 <a href=\"https:\/\/akdenizhaber.com.tr\/index.php\/2023\/11\/15\/ressam-nurcan-simsek-turkiyede-bir-ilke-imza-atti\/\" class=\"read-more-link\">[more&#8230;]<\/a><\/p>\n","protected":false},"author":2,"featured_media":17744,"comment_status":"open","ping_status":"open","sticky":false,"template":"","format":"standard","meta":{"footnotes":""},"categories":[2],"tags":[],"class_list":["post-17743","post","type-post","status-publish","format-standard","has-post-thumbnail","hentry","category-gundem"],"_links":{"self":[{"href":"https:\/\/akdenizhaber.com.tr\/index.php\/wp-json\/wp\/v2\/posts\/17743","targetHints":{"allow":["GET"]}}],"collection":[{"href":"https:\/\/akdenizhaber.com.tr\/index.php\/wp-json\/wp\/v2\/posts"}],"about":[{"href":"https:\/\/akdenizhaber.com.tr\/index.php\/wp-json\/wp\/v2\/types\/post"}],"author":[{"embeddable":true,"href":"https:\/\/akdenizhaber.com.tr\/index.php\/wp-json\/wp\/v2\/users\/2"}],"replies":[{"embeddable":true,"href":"https:\/\/akdenizhaber.com.tr\/index.php\/wp-json\/wp\/v2\/comments?post=17743"}],"version-history":[{"count":0,"href":"https:\/\/akdenizhaber.com.tr\/index.php\/wp-json\/wp\/v2\/posts\/17743\/revisions"}],"wp:featuredmedia":[{"embeddable":true,"href":"https:\/\/akdenizhaber.com.tr\/index.php\/wp-json\/wp\/v2\/media\/17744"}],"wp:attachment":[{"href":"https:\/\/akdenizhaber.com.tr\/index.php\/wp-json\/wp\/v2\/media?parent=17743"}],"wp:term":[{"taxonomy":"category","embeddable":true,"href":"https:\/\/akdenizhaber.com.tr\/index.php\/wp-json\/wp\/v2\/categories?post=17743"},{"taxonomy":"post_tag","embeddable":true,"href":"https:\/\/akdenizhaber.com.tr\/index.php\/wp-json\/wp\/v2\/tags?post=17743"}],"curies":[{"name":"wp","href":"https:\/\/api.w.org\/{rel}","templated":true}]}}