{"id":17679,"date":"2023-11-14T15:14:03","date_gmt":"2023-11-14T12:14:03","guid":{"rendered":"https:\/\/akdenizhaber.com.tr\/?p=17679"},"modified":"2023-11-14T15:14:04","modified_gmt":"2023-11-14T12:14:04","slug":"kepezde-motodrag-yarislari-firtina-gibi-gecti","status":"publish","type":"post","link":"https:\/\/akdenizhaber.com.tr\/index.php\/2023\/11\/14\/kepezde-motodrag-yarislari-firtina-gibi-gecti\/","title":{"rendered":"Kepez\u2019de motodrag yar\u0131\u015flar\u0131 f\u0131rt\u0131na gibi ge\u00e7ti"},"content":{"rendered":"\n<p><\/p>\n\n\n\n<p>Kepez Drag Pisti hafta sonu heyecanl\u0131 yar\u0131\u015flara ev sahipli\u011fi yapt\u0131. T\u00fcrkiye\u2019nin 9 farkl\u0131 ilinden kat\u0131lan 70 yar\u0131\u015fmac\u0131 birincilik kupas\u0131 i\u00e7in yar\u0131\u015ft\u0131.<\/p>\n\n\n\n<p>T\u00fcrkiye Motosiklet Federasyonu\u2019nun 2023 yar\u0131\u015f takviminde yer alan T\u00fcrkiye Motodrag \u015eampiyonas\u0131\u2019n\u0131n 3. Ayak Yar\u0131\u015flar\u0131 Kepez Belediyesi\u2019nin katk\u0131lar\u0131yla Odaba\u015f\u0131 Mahallesi\u2019ndeki Kepez Drag Pisti\u2019nde ger\u00e7ekle\u015ftirildi. Cumartesi g\u00fcn\u00fc \u0131s\u0131nma, antrenman ve s\u0131n\u0131flar\u0131n belirlenmesiyle ba\u015flayan yar\u0131\u015flar, Pazar g\u00fcn\u00fc heyecanl\u0131 yar\u0131\u015flarla devam etti. Yozgat, Antep, Mersin, Antalya, Konya, Manisa, \u0130stanbul, \u0130zmir ve Kayseri\u2019den 70 yar\u0131\u015fmac\u0131n\u0131n kat\u0131ld\u0131\u011f\u0131 yar\u0131\u015flar motor tutkunlar\u0131n\u0131 bulu\u015fturdu. T\u00fcrkiye Motodrag \u015eampiyonas\u0131\u2019n\u0131n 3. Ayak Yar\u0131\u015flar\u0131 T\u00fcrkiye\u2019nin d\u00f6rt bir taraf\u0131ndan kat\u0131lan yar\u0131\u015fmac\u0131lar\u0131n birincilik kupas\u0131 i\u00e7in k\u0131yas\u0131ya m\u00fccadelesiyle trib\u00fcnleri dolduran yo\u011fun seyirci kat\u0131l\u0131m\u0131yla tamamland\u0131.<\/p>\n\n\n\n<p>KIA \u00d6ZTOPRAKLAR T\u00dcRK\u0130YE DRAG \u015eAMP\u0130YONASI 3. AYAK SONU\u00c7LARI<\/p>\n\n\n\n<p><strong>PRO 200<\/strong><\/p>\n\n\n\n<p>1-FERDI CAN CORAPLI<\/p>\n\n\n\n<p>2-Hasan Yel<\/p>\n\n\n\n<p>3-ERDOGAN MERT YILDIZ<\/p>\n\n\n\n<p><strong>PRO 300<\/strong><\/p>\n\n\n\n<p>1-ISMAIL CETIN<\/p>\n\n\n\n<p>2-OSMAN GOCMEN<\/p>\n\n\n\n<p>3-ULKU EMRE ATALAY<\/p>\n\n\n\n<p><strong>KADINLAR<\/strong><\/p>\n\n\n\n<p>1-SUMEYYE OKCESIZ<\/p>\n\n\n\n<p>2-BAHAR BALKI\u015e<\/p>\n\n\n\n<p>3-IREM SAHRA SENGUL<\/p>\n\n\n\n<p><strong>PROSTREET<\/strong><\/p>\n\n\n\n<p>1-MUHAMMED KAMIL KIRBAS<\/p>\n\n\n\n<p>2-TUNCER YESIL<\/p>\n\n\n\n<p>3-IBRAHIM NISLI<\/p>\n\n\n\n<p><strong>STANDART 1 \u2013 600<\/strong><\/p>\n\n\n\n<p>1-MUSTAFA TULU<\/p>\n\n\n\n<p>2-SITKI CAN AKIS<\/p>\n\n\n\n<p>3-YIGIT DOGAN<\/p>\n\n\n\n<p><strong>STANDART 2 (1000 ve Ustu)<\/strong><\/p>\n\n\n\n<p>1-METE SENYURT<\/p>\n\n\n\n<p>2-TOLGAY KOCA<\/p>\n\n\n\n<p>3-HARUN BALIKTUTAN<\/p>\n\n\n\n<p><strong>STREET 1 &#8211; 600<\/strong><\/p>\n\n\n\n<p>1-BATUHAN ATARDAG<\/p>\n\n\n\n<p>2-MEHMET KARAKUS<\/p>\n\n\n\n<p>3-OKAN ASAR<\/p>\n\n\n\n<p><strong>STREET 1 &#8211; 750<\/strong><\/p>\n\n\n\n<p>1-FURKAN OZDEMIR<\/p>\n\n\n\n<p>2-MUSTAFA KOPRUBASI<\/p>\n\n\n\n<p>3-SEVKET ERYILMAZ<\/p>\n\n\n\n<p><strong>STREET 2<\/strong><\/p>\n\n\n\n<p>1-KAHRAMAN YILMAZ<\/p>\n\n\n\n<p>2-EMRE CENGELOGLU<\/p>\n\n\n\n<p>3-ZAFER AKINCAY<\/p>\n\n\n\n<p><strong>SUPERSTREET<\/strong><\/p>\n\n\n\n<p>1-MUHAMMED KAMIL KIRBAS<\/p>\n\n\n\n<p>2-TUNCER YESIL<\/p>\n\n\n\n<p>3-IBRAHIM NISLI<\/p>\n\n\n\n<p>Kepez Belediyesi \/ B\u00fclten<strong><\/strong><\/p>\n","protected":false},"excerpt":{"rendered":"<p>Kepez Drag Pisti hafta sonu heyecanl\u0131 yar\u0131\u015flara ev sahipli\u011fi yapt\u0131. T\u00fcrkiye\u2019nin 9 farkl\u0131 ilinden kat\u0131lan 70 yar\u0131\u015fmac\u0131 birincilik kupas\u0131 i\u00e7in yar\u0131\u015ft\u0131. T\u00fcrkiye Motosiklet Federasyonu\u2019nun 2023 <a href=\"https:\/\/akdenizhaber.com.tr\/index.php\/2023\/11\/14\/kepezde-motodrag-yarislari-firtina-gibi-gecti\/\" class=\"read-more-link\">[more&#8230;]<\/a><\/p>\n","protected":false},"author":2,"featured_media":17680,"comment_status":"open","ping_status":"open","sticky":false,"template":"","format":"standard","meta":{"footnotes":""},"categories":[2],"tags":[],"class_list":["post-17679","post","type-post","status-publish","format-standard","has-post-thumbnail","hentry","category-gundem"],"_links":{"self":[{"href":"https:\/\/akdenizhaber.com.tr\/index.php\/wp-json\/wp\/v2\/posts\/17679","targetHints":{"allow":["GET"]}}],"collection":[{"href":"https:\/\/akdenizhaber.com.tr\/index.php\/wp-json\/wp\/v2\/posts"}],"about":[{"href":"https:\/\/akdenizhaber.com.tr\/index.php\/wp-json\/wp\/v2\/types\/post"}],"author":[{"embeddable":true,"href":"https:\/\/akdenizhaber.com.tr\/index.php\/wp-json\/wp\/v2\/users\/2"}],"replies":[{"embeddable":true,"href":"https:\/\/akdenizhaber.com.tr\/index.php\/wp-json\/wp\/v2\/comments?post=17679"}],"version-history":[{"count":0,"href":"https:\/\/akdenizhaber.com.tr\/index.php\/wp-json\/wp\/v2\/posts\/17679\/revisions"}],"wp:featuredmedia":[{"embeddable":true,"href":"https:\/\/akdenizhaber.com.tr\/index.php\/wp-json\/wp\/v2\/media\/17680"}],"wp:attachment":[{"href":"https:\/\/akdenizhaber.com.tr\/index.php\/wp-json\/wp\/v2\/media?parent=17679"}],"wp:term":[{"taxonomy":"category","embeddable":true,"href":"https:\/\/akdenizhaber.com.tr\/index.php\/wp-json\/wp\/v2\/categories?post=17679"},{"taxonomy":"post_tag","embeddable":true,"href":"https:\/\/akdenizhaber.com.tr\/index.php\/wp-json\/wp\/v2\/tags?post=17679"}],"curies":[{"name":"wp","href":"https:\/\/api.w.org\/{rel}","templated":true}]}}