{"id":17676,"date":"2023-11-14T15:13:36","date_gmt":"2023-11-14T12:13:36","guid":{"rendered":"https:\/\/akdenizhaber.com.tr\/?p=17676"},"modified":"2023-11-14T15:13:36","modified_gmt":"2023-11-14T12:13:36","slug":"universite-ogrencilerine-yeni-bir-yurt-daha","status":"publish","type":"post","link":"https:\/\/akdenizhaber.com.tr\/index.php\/2023\/11\/14\/universite-ogrencilerine-yeni-bir-yurt-daha\/","title":{"rendered":"\u00dcniversite \u00f6\u011frencilerine yeni bir yurt daha"},"content":{"rendered":"\n<p><\/p>\n\n\n\n<p>Antalya B\u00fcy\u00fck\u015fehir Belediye Ba\u015fkan\u0131 Muhittin B\u00f6cek, \u00fcniversite \u00f6\u011frencilerinin bar\u0131nma ihtiyac\u0131n\u0131 \u00e7\u00f6zmek amac\u0131yla \u00fcniversite b\u00f6lgesinde 50 \u00f6\u011frenci kapasiteli yeni bir yurt daha hizmete a\u00e7t\u0131. Ba\u015fkan B\u00f6cek, k\u0131z \u00f6\u011frencilere yeni yurdun hay\u0131rl\u0131 olmas\u0131n\u0131 diledi.<\/p>\n\n\n\n<p>Antalya B\u00fcy\u00fck\u015fehir Belediye Ba\u015fkan\u0131 Muhittin B\u00f6cek, Antalya\u2019da artan kira fiyatlar\u0131 sonras\u0131nda \u00fcniversite \u00f6\u011frencilerinin bar\u0131nma ihtiyac\u0131n\u0131 \u00e7\u00f6zmek amac\u0131yla \u00fcniversite b\u00f6lgesinde ge\u00e7ti\u011fimiz y\u0131llarda 330 \u00f6\u011frenci kapasiteli k\u0131z ve erkek \u00f6\u011frenci yurdunu hizmete a\u00e7m\u0131\u015ft\u0131. Daha sonra Elmal\u0131\u2019da bir yurt a\u00e7an Ba\u015fkan Muhittin B\u00f6cek, son olarak G\u00fclveren Mahallesi\u2019nde k\u0131z \u00f6\u011frenciler i\u00e7in yeni bir yurt deste\u011fi sa\u011flad\u0131.<\/p>\n\n\n\n<p>T\u00dcM \u00d6\u011eRENC\u0130LERE HAYIRLI OLSUN<\/p>\n\n\n\n<p>B\u00fcy\u00fck\u015fehir Belediye Ba\u015fkan\u0131 Muhittin B\u00f6cek ve Antalya \u00dcniversite Destekleme Vakf\u0131 Y\u00f6netim Kurulu Ba\u015fkan\u0131 Tun\u00e7 Ulu\u00e7 aras\u0131nda, \u00f6\u011frenci yurdunun kiralanmas\u0131 ve i\u015fletilmesiyle ilgili protokol imzaland\u0131. Ba\u015fkan B\u00f6cek, B\u00fcy\u00fck\u015fehir Belediyesi taraf\u0131ndan Antalya \u00dcniversite Destekleme Vakf\u0131\u2019ndan kiralanan 50 \u00f6\u011frenci kapasiteli k\u0131z \u00f6\u011frenci yurdunun hay\u0131rl\u0131 olmas\u0131n\u0131 dileyerek, \u201cGelece\u011fimizin teminat\u0131 gen\u00e7lerimize, \u00f6\u011frencilerimize yurdumuzun hay\u0131rl\u0131 olmas\u0131n\u0131 diliyorum. Vakf\u0131n kurucular\u0131na \u00e7ok te\u015fekk\u00fcr ediyorum. 50 y\u0131ld\u0131r verdikleri hizmetlerden dolay\u0131 minnettar\u0131z\u201d dedi.<\/p>\n\n\n\n<p>KIZ \u00d6\u011eRENC\u0130LER\u0130N E\u011e\u0130T\u0130M\u0130 \u0130\u00c7\u0130N YAPILDI<\/p>\n\n\n\n<p>Antalya \u00dcniversite Destekleme Vakf\u0131 Ba\u015fkan\u0131 Tun\u00e7 Ulu\u00e7, yurt arsas\u0131n\u0131n 10 y\u0131l \u00f6nce hay\u0131rsever \u015eeng\u00fcl \u00c7ift\u00e7io\u011flu taraf\u0131ndan ba\u011f\u0131\u015fland\u0131\u011f\u0131n\u0131 anlatarak, \u201c\u015eeng\u00fcl Han\u0131m\u0131n tek bir \u015fart\u0131 vard\u0131; arsas\u0131na ihtiya\u00e7 sahibi k\u0131z \u00f6\u011frenciler laik \u00e7izgide bir i\u00e7in bir yurt yap\u0131lmas\u0131. Biz bu yurdu yapt\u0131k, i\u015flettik. \u015eimdi de Antalya B\u00fcy\u00fck\u015fehir Belediyemiz taraf\u0131ndan i\u015fletilecek. T\u00fcm \u00f6\u011frencilerimize hay\u0131rl\u0131 olsun\u201d diye konu\u015ftu.<\/p>\n\n\n\n<p>Antalya B\u00fcy\u00fck\u015fehir Belediye \/ B\u00fclten<\/p>\n","protected":false},"excerpt":{"rendered":"<p>Antalya B\u00fcy\u00fck\u015fehir Belediye Ba\u015fkan\u0131 Muhittin B\u00f6cek, \u00fcniversite \u00f6\u011frencilerinin bar\u0131nma ihtiyac\u0131n\u0131 \u00e7\u00f6zmek amac\u0131yla \u00fcniversite b\u00f6lgesinde 50 \u00f6\u011frenci kapasiteli yeni bir yurt daha hizmete a\u00e7t\u0131. Ba\u015fkan B\u00f6cek, <a href=\"https:\/\/akdenizhaber.com.tr\/index.php\/2023\/11\/14\/universite-ogrencilerine-yeni-bir-yurt-daha\/\" class=\"read-more-link\">[more&#8230;]<\/a><\/p>\n","protected":false},"author":2,"featured_media":17677,"comment_status":"open","ping_status":"open","sticky":false,"template":"","format":"standard","meta":{"footnotes":""},"categories":[2],"tags":[],"class_list":["post-17676","post","type-post","status-publish","format-standard","has-post-thumbnail","hentry","category-gundem"],"_links":{"self":[{"href":"https:\/\/akdenizhaber.com.tr\/index.php\/wp-json\/wp\/v2\/posts\/17676","targetHints":{"allow":["GET"]}}],"collection":[{"href":"https:\/\/akdenizhaber.com.tr\/index.php\/wp-json\/wp\/v2\/posts"}],"about":[{"href":"https:\/\/akdenizhaber.com.tr\/index.php\/wp-json\/wp\/v2\/types\/post"}],"author":[{"embeddable":true,"href":"https:\/\/akdenizhaber.com.tr\/index.php\/wp-json\/wp\/v2\/users\/2"}],"replies":[{"embeddable":true,"href":"https:\/\/akdenizhaber.com.tr\/index.php\/wp-json\/wp\/v2\/comments?post=17676"}],"version-history":[{"count":0,"href":"https:\/\/akdenizhaber.com.tr\/index.php\/wp-json\/wp\/v2\/posts\/17676\/revisions"}],"wp:featuredmedia":[{"embeddable":true,"href":"https:\/\/akdenizhaber.com.tr\/index.php\/wp-json\/wp\/v2\/media\/17677"}],"wp:attachment":[{"href":"https:\/\/akdenizhaber.com.tr\/index.php\/wp-json\/wp\/v2\/media?parent=17676"}],"wp:term":[{"taxonomy":"category","embeddable":true,"href":"https:\/\/akdenizhaber.com.tr\/index.php\/wp-json\/wp\/v2\/categories?post=17676"},{"taxonomy":"post_tag","embeddable":true,"href":"https:\/\/akdenizhaber.com.tr\/index.php\/wp-json\/wp\/v2\/tags?post=17676"}],"curies":[{"name":"wp","href":"https:\/\/api.w.org\/{rel}","templated":true}]}}