{"id":17671,"date":"2023-11-13T11:52:35","date_gmt":"2023-11-13T08:52:35","guid":{"rendered":"https:\/\/akdenizhaber.com.tr\/?p=17671"},"modified":"2023-11-13T11:52:35","modified_gmt":"2023-11-13T08:52:35","slug":"gundogmusta-yol-calismalari-devam-ediyor","status":"publish","type":"post","link":"https:\/\/akdenizhaber.com.tr\/index.php\/2023\/11\/13\/gundogmusta-yol-calismalari-devam-ediyor\/","title":{"rendered":"G\u00fcndo\u011fmu\u015f\u2019ta Yol \u00c7al\u0131\u015fmalar\u0131 Devam Ediyor"},"content":{"rendered":"\n<p><\/p>\n\n\n\n<p>G\u00fcndo\u011fmu\u015f Belediyesi k\u0131\u015f \u00f6nlemleri kapsam\u0131nda il\u00e7e genelinde t\u00fcm mahallelerde yol \u00e7al\u0131\u015fmalar\u0131 ile birlikte k\u00f6pr\u00fc ve menfez \u00e7al\u0131\u015fmalar\u0131na a\u011f\u0131rl\u0131k verdi.<\/p>\n\n\n\n<p>Ge\u00e7ti\u011fimiz hafta ba\u015flat\u0131lan Kayab\u00fck\u00fc mahallesinde yol \u00e7al\u0131\u015fmalar\u0131 ile birlikte menfez \u00e7al\u0131\u015fmalar\u0131n\u0131n h\u0131zla devam etti\u011fini s\u00f6yleyen G\u00fcndo\u011fmu\u015f belediye ba\u015fkan\u0131 Mehmet \u00d6zeren,k\u0131\u015f gelmeden t\u00fcm mahallerdeki yol \u00e7al\u0131\u015fmalar\u0131 ile birlikte k\u00f6pr\u00fc ve menfez \u00e7al\u0131\u015fmalar\u0131n\u0131n tamamlanaca\u011f\u0131n\u0131 s\u00f6yledi.<\/p>\n\n\n\n<p>Hem\u015ferilerinin k\u0131\u015f\u0131 huzur i\u00e7inde ge\u00e7irmeleri anlam\u0131nda seferberlik ilan ettiklerini ifade eden ba\u015fkan \u00d6zeren, K\u00f6pr\u00fc ve yol \u00e7al\u0131\u015fmalar\u0131n\u0131n il\u00e7e i\u00e7in olmazsa olmaz denilebilecek derecede \u00f6nemli bir \u00e7al\u0131\u015fma oldu\u011funu s\u00f6yleyerek \u201cYakla\u015fan k\u0131\u015f \u00f6ncesi t\u00fcm mahallerimiz tek tek elden ge\u00e7irilerek eksikler yerinde incelendikten sonra h\u0131zla yol, k\u00f6pr\u00fc ve menfez \u00e7al\u0131\u015fmalar\u0131na a\u011f\u0131rl\u0131k verdik, bu anlamda en k\u0131sa zamanda mahalledeki eksiklerimizi gideriyoruz. Vatanda\u015flar\u0131m\u0131zdan gelen istekleri ekiplerimiz yerinde inceleyip hemen gerekeni yap\u0131yor. Hi\u00e7 bir mahallemizin yol ,k\u00f6pr\u00fc ve menfez anlam\u0131nda eksi\u011fi kalmayacak, \u015f\u00fcphe duymas\u0131n en k\u0131za zamanda t\u00fcm eksiklerimiz giderilecek\u201d dedi.<\/p>\n\n\n\n<p>MUHTARLARDAN TE\u015eEKK\u00dcR<br>G\u00fcndo\u011fmu\u015f mahalle muhtarlar\u0131, Belediye ba\u015fkan\u0131 Mehmet \u00d6zeren\u2019e sorunlar\u0131 ilettiklerinde ayn\u0131 g\u00fcn i\u00e7erisinde ekiplerin mahallerine gelerek eksikleri tespit edip hemen \u00e7al\u0131\u015fmalara ba\u015flanmas\u0131ndan dolay\u0131 \u00e7ok mutlu olduklar\u0131n\u0131 dile getirerek, Mahalle muhtarlar\u0131 \u00e7al\u0131\u015fmalardan duyduklar\u0131 mutlulu\u011fu ifade ettiler. Bu anlamda mahalle muhtarlar\u0131 Belediye ba\u015fkanlar\u0131na ve belediye ekiplerine mahalleleri ad\u0131n te\u015fekk\u00fcr ettiler.<\/p>\n\n\n\n<p>(Haber Merkezi)<\/p>\n","protected":false},"excerpt":{"rendered":"<p>G\u00fcndo\u011fmu\u015f Belediyesi k\u0131\u015f \u00f6nlemleri kapsam\u0131nda il\u00e7e genelinde t\u00fcm mahallelerde yol \u00e7al\u0131\u015fmalar\u0131 ile birlikte k\u00f6pr\u00fc ve menfez \u00e7al\u0131\u015fmalar\u0131na a\u011f\u0131rl\u0131k verdi. Ge\u00e7ti\u011fimiz hafta ba\u015flat\u0131lan Kayab\u00fck\u00fc mahallesinde yol <a href=\"https:\/\/akdenizhaber.com.tr\/index.php\/2023\/11\/13\/gundogmusta-yol-calismalari-devam-ediyor\/\" class=\"read-more-link\">[more&#8230;]<\/a><\/p>\n","protected":false},"author":2,"featured_media":17672,"comment_status":"open","ping_status":"open","sticky":false,"template":"","format":"standard","meta":{"footnotes":""},"categories":[2],"tags":[],"class_list":["post-17671","post","type-post","status-publish","format-standard","has-post-thumbnail","hentry","category-gundem"],"_links":{"self":[{"href":"https:\/\/akdenizhaber.com.tr\/index.php\/wp-json\/wp\/v2\/posts\/17671","targetHints":{"allow":["GET"]}}],"collection":[{"href":"https:\/\/akdenizhaber.com.tr\/index.php\/wp-json\/wp\/v2\/posts"}],"about":[{"href":"https:\/\/akdenizhaber.com.tr\/index.php\/wp-json\/wp\/v2\/types\/post"}],"author":[{"embeddable":true,"href":"https:\/\/akdenizhaber.com.tr\/index.php\/wp-json\/wp\/v2\/users\/2"}],"replies":[{"embeddable":true,"href":"https:\/\/akdenizhaber.com.tr\/index.php\/wp-json\/wp\/v2\/comments?post=17671"}],"version-history":[{"count":0,"href":"https:\/\/akdenizhaber.com.tr\/index.php\/wp-json\/wp\/v2\/posts\/17671\/revisions"}],"wp:featuredmedia":[{"embeddable":true,"href":"https:\/\/akdenizhaber.com.tr\/index.php\/wp-json\/wp\/v2\/media\/17672"}],"wp:attachment":[{"href":"https:\/\/akdenizhaber.com.tr\/index.php\/wp-json\/wp\/v2\/media?parent=17671"}],"wp:term":[{"taxonomy":"category","embeddable":true,"href":"https:\/\/akdenizhaber.com.tr\/index.php\/wp-json\/wp\/v2\/categories?post=17671"},{"taxonomy":"post_tag","embeddable":true,"href":"https:\/\/akdenizhaber.com.tr\/index.php\/wp-json\/wp\/v2\/tags?post=17671"}],"curies":[{"name":"wp","href":"https:\/\/api.w.org\/{rel}","templated":true}]}}