{"id":17666,"date":"2023-11-13T11:49:30","date_gmt":"2023-11-13T08:49:30","guid":{"rendered":"https:\/\/akdenizhaber.com.tr\/?p=17666"},"modified":"2023-11-13T11:49:31","modified_gmt":"2023-11-13T08:49:31","slug":"sezonda-harcama-potansiyeli-dusuk-turist-profili-hakim-oldu","status":"publish","type":"post","link":"https:\/\/akdenizhaber.com.tr\/index.php\/2023\/11\/13\/sezonda-harcama-potansiyeli-dusuk-turist-profili-hakim-oldu\/","title":{"rendered":"Sezonda harcama potansiyeli d\u00fc\u015f\u00fck turist profili hakim oldu"},"content":{"rendered":"\n<p><\/p>\n\n\n\n<p>Kokartl\u0131 turist rehberi G\u00fcrsel Baytu\u011f,&nbsp;bu sezon son 20 y\u0131l\u0131n tatil s\u00fcresince harcama yapma&nbsp; en d\u00fc\u015f\u00fck profiline&nbsp; sahip turist portf\u00f6y\u00fcne sahip&nbsp;oldu\u011funu s\u00f6yledi. Almanlar\u0131n genelde tatil rezervasyonlar\u0131n\u0131 ocak ve \u015fubat ay\u0131nda yapt\u0131\u011f\u0131na dikkat&nbsp;\u00e7eken Kokartl\u0131 turist rehberi&nbsp; &nbsp;G\u00fcrsel&nbsp;Baytu\u011f, 6 \u015eubat&#8217;ta Kahramanmara\u015f Pazarc\u0131k ve Elbistan merkezli 7,3 ve 7,6 \u015fiddetindeki 11 ilde olu\u015fturdu\u011fu&nbsp;b\u00fcy\u00fck y\u0131k\u0131m ve enkaz alt\u0131nda 55 bin insan\u0131n enkaz alt\u0131nda kalmas\u0131 ve T\u00fcrkiye&#8217;nin 14 May\u0131s&#8217;ta 28 d\u00f6nem milletvekili ve Cumhurba\u015fkanl\u0131\u011f\u0131 se\u00e7imi olmas\u0131 tatil s\u00fcresince harcama yapma potansiyel ve kabiliyeti y\u00fcksek Almanlar bu sene M\u0131s\u0131r, Karayipler, Maldivler, \u0130spanya, Yunanistan ve \u0130talya&#8217;y\u0131&nbsp;tercih etti\u011fini kaydetti.&nbsp;&nbsp;<\/p>\n\n\n\n<p>ANTALYA&#8217;YA BU SEZON HARCAMA YAPMA POTANS\u0130YEL\u0130 D\u00dc\u015e\u00dcK TUR\u0130ST GELD\u0130 !<\/p>\n\n\n\n<p>Antalya turizminin en g\u00fc\u00e7l\u00fc potansiyelinin konaklama tesisleri kalitesinin \u00e7ok y\u00fcksek olmas\u0131 misafir kald\u0131\u011f\u0131 otelde m\u00fc\u015fteri&nbsp;memnuniyeti oran\u0131n\u0131n y\u00fcksek&nbsp;olmas\u0131n\u0131n&nbsp;Alman ve Avrupa turistleri Antalya\u2019ya \u00c7ekti\u011finin&nbsp;alt\u0131n\u0131 \u00e7izen G\u00fcrsel Baytu\u011f,&#8221;&#8217; Antalya&#8217;ya Gelen&nbsp;turist say\u0131s\u0131 13 milyon 842 bin oldu. Hava yolu ile Antalya&#8217;ya gelen&nbsp;turist say\u0131s\u0131&nbsp; \u00e7ok iyi durumda. En fazla gelen&nbsp;turist s\u0131ralamas\u0131nda birinci s\u0131ra Ruslar\u0131n ondan sonra ise Almanlar ve \u00fc\u00e7\u00fcnc\u00fc s\u0131rada \u0130ngilizler yer al\u0131yor. Manavgat&#8217;ta Turistik&nbsp;pazarlar\u0131 gezmeye gelen turistleri gezdiriyoruz. Gelen turistler maalesef \u00e7ar\u015f\u0131da pazarda harcama yapma potansiyeli \u00e7ok seviyede olan turistler. Gelen turistlerde Almanya&#8217;da ya\u015fayan&nbsp;gurbet\u00e7iler, Pakistanl\u0131, Afganl\u0131, \u0130ranl\u0131, Hintli, , Banglade\u015fli turistler.&nbsp; Harcama Potansiyeli&nbsp;turist gelmeden Antalya&#8217;da turizm sekt\u00f6r\u00fcn\u00fcn \u00e7arklar\u0131 do\u011fru d\u00fczg\u00fcn&nbsp;\u00e7evrilmez.&nbsp; Harcama yapma potansiyeli bir turist bir hafta veya 10 g\u00fcn tatilini yapar ve tatil yapt\u0131\u011f\u0131 destinasyonun hi\u00e7bir&nbsp;g\u00fczelli\u011fini g\u00f6rmeden \u00fclkesine geri&nbsp;d\u00f6ner&#8217;.&nbsp; &nbsp;Buda \u00fclke turizmi i\u00e7in \u00e7ok b\u00fcy\u00fck kay\u0131p. Gelen turist profili Alanya&#8217;da ve Avrupa \u00fclkelerinde ya\u015fayan Arap \u00fclke k\u00f6kenliler, Afrika k\u00f6kenli s\u0131\u011f\u0131nmac\u0131lar, \u0130ranl\u0131, Hintli, Afganl\u0131, Banglade\u015fli ve Pakistan k\u00f6kenliler. Turist geliyor otelde bir hafta 10 g\u00fcn tatilini yap\u0131p gidiyor. Tatile Geldi\u011fi \u015fehir Antalya&#8217;y\u0131 bir g\u00f6reyim diye d\u00fc\u015f\u00fcncesi olmuyor. ?. Sebebi Tatile&nbsp;gelirken c\u00fczi bir miktar tail b\u00fct\u00e7esi ile tatile&nbsp;geldi\u011fi i\u00e7in otel d\u0131\u015f\u0131na \u00e7\u0131kam\u0131yor. . Bu sebeple&nbsp; &nbsp;Antalya&#8217;ya say\u0131 olarak gelen turist rakamlar\u0131 \u00e7ok iyi durumda. Harcama potansiyeli d\u00fc\u015f\u00fck&nbsp;oldu\u011fu i\u00e7in gelen turistin esnafa ve turizmden ge\u00e7imini&nbsp;sa\u011flayan ve ekmek yiyen di\u011fer kalemlere bir faydas\u0131 yok. &#8221;diye konu\u015ftu.&nbsp;<\/p>\n\n\n\n<p>Haber\/Abdurrahman B\u00fcy\u00fckkeskin&nbsp;<\/p>\n","protected":false},"excerpt":{"rendered":"<p>Kokartl\u0131 turist rehberi G\u00fcrsel Baytu\u011f,&nbsp;bu sezon son 20 y\u0131l\u0131n tatil s\u00fcresince harcama yapma&nbsp; en d\u00fc\u015f\u00fck profiline&nbsp; sahip turist portf\u00f6y\u00fcne sahip&nbsp;oldu\u011funu s\u00f6yledi. Almanlar\u0131n genelde tatil rezervasyonlar\u0131n\u0131 <a href=\"https:\/\/akdenizhaber.com.tr\/index.php\/2023\/11\/13\/sezonda-harcama-potansiyeli-dusuk-turist-profili-hakim-oldu\/\" class=\"read-more-link\">[more&#8230;]<\/a><\/p>\n","protected":false},"author":2,"featured_media":17667,"comment_status":"open","ping_status":"open","sticky":false,"template":"","format":"standard","meta":{"footnotes":""},"categories":[2],"tags":[],"class_list":["post-17666","post","type-post","status-publish","format-standard","has-post-thumbnail","hentry","category-gundem"],"_links":{"self":[{"href":"https:\/\/akdenizhaber.com.tr\/index.php\/wp-json\/wp\/v2\/posts\/17666","targetHints":{"allow":["GET"]}}],"collection":[{"href":"https:\/\/akdenizhaber.com.tr\/index.php\/wp-json\/wp\/v2\/posts"}],"about":[{"href":"https:\/\/akdenizhaber.com.tr\/index.php\/wp-json\/wp\/v2\/types\/post"}],"author":[{"embeddable":true,"href":"https:\/\/akdenizhaber.com.tr\/index.php\/wp-json\/wp\/v2\/users\/2"}],"replies":[{"embeddable":true,"href":"https:\/\/akdenizhaber.com.tr\/index.php\/wp-json\/wp\/v2\/comments?post=17666"}],"version-history":[{"count":0,"href":"https:\/\/akdenizhaber.com.tr\/index.php\/wp-json\/wp\/v2\/posts\/17666\/revisions"}],"wp:featuredmedia":[{"embeddable":true,"href":"https:\/\/akdenizhaber.com.tr\/index.php\/wp-json\/wp\/v2\/media\/17667"}],"wp:attachment":[{"href":"https:\/\/akdenizhaber.com.tr\/index.php\/wp-json\/wp\/v2\/media?parent=17666"}],"wp:term":[{"taxonomy":"category","embeddable":true,"href":"https:\/\/akdenizhaber.com.tr\/index.php\/wp-json\/wp\/v2\/categories?post=17666"},{"taxonomy":"post_tag","embeddable":true,"href":"https:\/\/akdenizhaber.com.tr\/index.php\/wp-json\/wp\/v2\/tags?post=17666"}],"curies":[{"name":"wp","href":"https:\/\/api.w.org\/{rel}","templated":true}]}}