{"id":17660,"date":"2023-11-13T11:47:09","date_gmt":"2023-11-13T08:47:09","guid":{"rendered":"https:\/\/akdenizhaber.com.tr\/?p=17660"},"modified":"2023-11-13T11:47:10","modified_gmt":"2023-11-13T08:47:10","slug":"covid-19-salgini-bitti-ama-kayiplar-yurek-yakiyor","status":"publish","type":"post","link":"https:\/\/akdenizhaber.com.tr\/index.php\/2023\/11\/13\/covid-19-salgini-bitti-ama-kayiplar-yurek-yakiyor\/","title":{"rendered":"Covid 19 salg\u0131n\u0131 bitti ama; kay\u0131plar y\u00fcrek yak\u0131yor!"},"content":{"rendered":"\n<p><\/p>\n\n\n\n<p>D\u00fcnya Sa\u011fl\u0131k \u00d6rg\u00fct\u00fc(DS\u00d6) ,&nbsp;5 May\u0131s 2023 y\u0131l\u0131nda 2,5 y\u0131l d\u00fcnyay\u0131 etkisi alt\u0131na alan yeni tip Covid 19 Kortana vir\u00fcs\u00fc d\u00fcnyay\u0131 tehdit etme tehlikesinden \u00e7ok uzak a\u00e7\u0131klamas\u0131nda bulunsa&nbsp;bile , corona d\u00f6neminde yak\u0131nlar\u0131n\u0131 kaybedenlerin ac\u0131s\u0131 taze. D\u00fcnyay\u0131 kas\u0131p kavuran Covid 19 salg\u0131n\u0131ndan kurtulma da 115 g\u00fcn Akdeniz \u00dcniversitesi T\u0131p Fak\u00fcltesi Hastanesi yo\u011fun bak\u0131m \u00fcnitesinden kald\u0131ktan sonra sa\u011f \u00e7\u0131kmay\u0131 ba\u015faran Antalya B\u00fcy\u00fck\u015fehir&nbsp;Belediye&nbsp;Ba\u015fkan\u0131 Muhittin B\u00f6cek kadar \u015fansl\u0131 de\u011fil.<\/p>\n\n\n\n<p>Corana d\u00f6nemi kay\u0131plar\u0131ndan&nbsp;biri de 300 bin yatak kapasitesi ile konaklamada T\u00fcrkiye turizminin en b\u00fcy\u00fck destinasyonu Antalya Manavgat&#8217;ta Manavgat Ticaret ve Sanayi Odas\u0131(MATSO) eski Ba\u015fkan\u0131 eski ba\u015fkan\u0131 Ahmet Bozta\u015f oldu. Ahmet Bozta\u015f&#8217;\u0131n karde\u015fi Ali Bozta\u015f, Covid 19 tehlikesi ge\u00e7ti salg\u0131nda&nbsp;Manavgat halk\u0131n\u0131n \u00e7ok sevdi\u011fi can\u0131m a\u011fabeyim Ahmet Bozta\u015f&#8217;\u0131n kaybetmenin ac\u0131s\u0131n\u0131 hala y\u00fcre\u011finde oldu\u011funu s\u00f6yledi. Karde\u015f Ali Bozta\u015f, &#8221; Salg\u0131nda Manavgat halk\u0131n\u0131n ve Bozta\u015f ailesinin babas\u0131 can\u0131m a\u011fabeyim Ahmet Bozta\u015f&#8217;\u0131 kaybetmenin ac\u0131s\u0131 hala y\u00fcre\u011fimizi yakmaya devam ediyor. &#8216; dedi.&nbsp;<\/p>\n\n\n\n<p>Di\u011fer bir kay\u0131p ise \u00e7ok gen\u00e7 ya\u015fta&nbsp;hayat\u0131n\u0131&nbsp;kaybeden&nbsp;ise salg\u0131ndan&nbsp;korunmak i\u00e7in a\u015f\u0131dan \u00f6len T\u00fcrkiye&nbsp; ve Manavgat sevdal\u0131s\u0131 Alman bisiklet sporcusu Dana Ottmann oldu.&nbsp; &nbsp; &nbsp;<\/p>\n\n\n\n<p>Alman Bisiklet Sporcusu Dana Ottmann(31) Covid 19 salg\u0131n\u0131nda Corana&#8217;dan korunma tedbirleri kapsam\u0131nda a\u015f\u0131dan \u00f6lmekten Almanya ve Avrupa&#8217;n\u0131n ismi oldu. Dana Ottmann salg\u0131n d\u00f6neminde Almanya&#8217;n\u0131n Kuzey Ren Vestfalya Eyaleti Herford \u015fehrinde bir klinikte&nbsp;Astra Zeneca a\u015f\u0131s\u0131 olduktan sonra evinde yata\u011f\u0131nda \u00f6l\u00fc bulunmu\u015ftu.<\/p>\n\n\n\n<p>&nbsp;Alman bisiklet sporcusu ve klinik psikolog Dana Ottmann In 29 ya\u015f\u0131nda \u00f6l\u00fcm\u00fc Almanya ve Avrupa \u00fclkesinde yeni Tip Covid 19 Corona d\u00f6neminin ismi oldu.<\/p>\n\n\n\n<p>Antalya&#8217;n\u0131n Manavgat il\u00e7esi Side Mahallesi&#8217;nde 20 y\u0131ld\u0131r yerle\u015fik ya\u015fayan emekli akademisyen Ekolog Prof. Dr.Horst B\u00f6hmert ile Pedagog Petra Ottmann In k\u0131zlar\u0131 olan Alman bisiklet sporcusu ve klinik psikolog Dana Ottmann y\u0131l\u0131n 6 ay\u0131n\u0131 Almanya&#8217;da 6 ay\u0131nda T\u00fcrkiye&#8217;de Manavgat&#8217;ta ge\u00e7iren bir aile.<\/p>\n\n\n\n<p>31 ya\u015f\u0131ndaki Alman Dana Ottmann Covid 19&#8217;un yayg\u0131n oldu\u011fu d\u00f6nemde akademik \u00e7al\u0131\u015fmalar\u0131n\u0131 s\u00fcrd\u00fcrmek i\u00e7in 2020- 2021&nbsp;y\u0131l\u0131n\u0131&nbsp; &nbsp;Almanya&#8217;n\u0131n Kuzey Ren Vestfalya&nbsp; Eyaleti Herford \u015fehrinde bulunan evlerinde ya\u015famaya ba\u015flar. Dana Ottmann Herford \u015fehrinde ya\u015farken Covid 19 korunma tedbirleri kapsam\u0131nda Herford Ta bir klinikte AstraZeneca olur. A\u015f\u0131 sonras\u0131 kendini yorgun hisseden Alman Dana Ottmann evine gelerek dinlenmek i\u00e7in yata\u011fa girer. Pedagog&nbsp; &nbsp;Anne Petra Ottmann sabah k\u0131z\u0131n\u0131n odas\u0131na girdi\u011finde k\u0131z\u0131n\u0131n cans\u0131z bedeni ile kar\u015f\u0131la\u015f\u0131l\u0131r.<\/p>\n\n\n\n<p>Ac\u0131l\u0131 anne gen\u00e7 ya\u015fta \u00f6len k\u0131zlar\u0131n\u0131n kesin \u00f6l\u00fcm sebebini \u00f6\u011frenmek i\u00e7in cesedine otopsi yap\u0131lmas\u0131n\u0131 talep eder.&nbsp;<\/p>\n\n\n\n<p>Otopsi raporu sonucu; Alman Bisiklet\u00e7i Dana Ottmann In \u00f6l\u00fcm sebebinin Astrazeneca a\u015f\u0131s\u0131n\u0131n kanda p\u0131ht\u0131la\u015fma olu\u015fturmas\u0131 sonucu kalp durmas\u0131na ba\u011fl\u0131 \u00f6l\u00fcm olarak belirlenir.<\/p>\n\n\n\n<p>2019 y\u0131l\u0131nda \u00c7in&#8217;de ba\u015flay\u0131p d\u00fcnyay\u0131 etkisi alt\u0131na alan salg\u0131n da&nbsp; binlerce insan hayat\u0131n\u0131 kaybetti. D\u00fcnya Sa\u011fl\u0131k \u00d6rg\u00fct\u00fc(DS\u00d6) 5 May\u0131s 2023 y\u0131l\u0131nda yapt\u0131\u011f\u0131 a\u00e7\u0131klama ile Covid 19&#8217;un d\u00fcnyay\u0131 tehdit eden salg\u0131n olmaktan uzak oldu\u011funu bildirdi.<\/p>\n\n\n\n<p>Emekli Alman akademisyen Prof. Dr. Horst B\u00f6hmert Ottmann,&#8221;D\u00fcnyay\u0131 kas\u0131p kavuran Covid 19 salg\u0131n\u0131ndan korunmak i\u00e7in a\u015f\u0131 olan k\u0131z\u0131m Dana&#8217;y\u0131 29 ya\u015f\u0131nda gen\u00e7 ya\u015fta kaybetmenin \u00fcz\u00fcnt\u00fcs\u00fc i\u00e7indeyiz. K\u0131z\u0131m Dana&#8217;y\u0131 kaybetmenin \u00fczerinden iki y\u0131l ge\u00e7ti. K\u0131z\u0131m akl\u0131ma gelince evimin bir k\u00f6\u015fesine \u00e7ekilip a\u011fl\u0131yorum. K\u0131z\u0131m Diana&#8217;n\u0131n \u00f6l\u00fcm\u00fc Astrazeneca a\u015f\u0131s\u0131 sonras\u0131 kan dola\u015f\u0131m\u0131n\u0131 durdurmaya ba\u011fl\u0131 kalp durmas\u0131 oldu\u011fu otopsi raporu ile ortaya \u00e7\u0131kt\u0131..DS\u00d6,5 May\u0131s&nbsp; 2023&#8217;te Covid 19 salg\u0131n\u0131 bitti dese de bizim y\u00fcre\u011fimiz yand\u0131. Zaten k\u0131z\u0131m Dana bisiklet sporcusu d\u00fczenli spor yapan biri d\u00fczenli sa\u011fl\u0131k kontrollerini yapt\u0131ran bir sporcu. Onu unutmam\u0131z m\u00fcmk\u00fcn de\u011fil\u201d dedi.<\/p>\n\n\n\n<p>Haber\/Abdurrahman B\u00fcy\u00fckkeskin<\/p>\n","protected":false},"excerpt":{"rendered":"<p>D\u00fcnya Sa\u011fl\u0131k \u00d6rg\u00fct\u00fc(DS\u00d6) ,&nbsp;5 May\u0131s 2023 y\u0131l\u0131nda 2,5 y\u0131l d\u00fcnyay\u0131 etkisi alt\u0131na alan yeni tip Covid 19 Kortana vir\u00fcs\u00fc d\u00fcnyay\u0131 tehdit etme tehlikesinden \u00e7ok uzak <a href=\"https:\/\/akdenizhaber.com.tr\/index.php\/2023\/11\/13\/covid-19-salgini-bitti-ama-kayiplar-yurek-yakiyor\/\" class=\"read-more-link\">[more&#8230;]<\/a><\/p>\n","protected":false},"author":2,"featured_media":17661,"comment_status":"open","ping_status":"open","sticky":false,"template":"","format":"standard","meta":{"footnotes":""},"categories":[2],"tags":[],"class_list":["post-17660","post","type-post","status-publish","format-standard","has-post-thumbnail","hentry","category-gundem"],"_links":{"self":[{"href":"https:\/\/akdenizhaber.com.tr\/index.php\/wp-json\/wp\/v2\/posts\/17660","targetHints":{"allow":["GET"]}}],"collection":[{"href":"https:\/\/akdenizhaber.com.tr\/index.php\/wp-json\/wp\/v2\/posts"}],"about":[{"href":"https:\/\/akdenizhaber.com.tr\/index.php\/wp-json\/wp\/v2\/types\/post"}],"author":[{"embeddable":true,"href":"https:\/\/akdenizhaber.com.tr\/index.php\/wp-json\/wp\/v2\/users\/2"}],"replies":[{"embeddable":true,"href":"https:\/\/akdenizhaber.com.tr\/index.php\/wp-json\/wp\/v2\/comments?post=17660"}],"version-history":[{"count":0,"href":"https:\/\/akdenizhaber.com.tr\/index.php\/wp-json\/wp\/v2\/posts\/17660\/revisions"}],"wp:featuredmedia":[{"embeddable":true,"href":"https:\/\/akdenizhaber.com.tr\/index.php\/wp-json\/wp\/v2\/media\/17661"}],"wp:attachment":[{"href":"https:\/\/akdenizhaber.com.tr\/index.php\/wp-json\/wp\/v2\/media?parent=17660"}],"wp:term":[{"taxonomy":"category","embeddable":true,"href":"https:\/\/akdenizhaber.com.tr\/index.php\/wp-json\/wp\/v2\/categories?post=17660"},{"taxonomy":"post_tag","embeddable":true,"href":"https:\/\/akdenizhaber.com.tr\/index.php\/wp-json\/wp\/v2\/tags?post=17660"}],"curies":[{"name":"wp","href":"https:\/\/api.w.org\/{rel}","templated":true}]}}