{"id":17636,"date":"2023-11-13T11:53:00","date_gmt":"2023-11-13T08:53:00","guid":{"rendered":"https:\/\/akdenizhaber.com.tr\/?p=17636"},"modified":"2023-11-13T11:53:07","modified_gmt":"2023-11-13T08:53:07","slug":"rekortmen-milletvekili-aykut-kaya-turizm-kazanimlarindan-antalyaya-yatirim-yapilmali","status":"publish","type":"post","link":"https:\/\/akdenizhaber.com.tr\/index.php\/2023\/11\/13\/rekortmen-milletvekili-aykut-kaya-turizm-kazanimlarindan-antalyaya-yatirim-yapilmali\/","title":{"rendered":"Rekortmen Milletvekili Aykut Kaya;                              \u201cTurizm kazan\u0131mlar\u0131ndan\u00a0 Antalya\u2019ya Yat\u0131r\u0131m Yap\u0131lmal\u0131\u201d"},"content":{"rendered":"\n<p><\/p>\n\n\n\n<p>Milletvekili se\u00e7ildi\u011fi g\u00fcnden bu yana Antalya ve il\u00e7elerinin sorunlar\u0131n\u0131 meclis g\u00fcndeminden dile getirmesinin yan\u0131 s\u0131ra sorunlar\u0131n oldu\u011fu yerlerde yapt\u0131\u011f\u0131 bas\u0131n a\u00e7\u0131klamalar\u0131 ile dikkatleri \u00fczerinde toplayan ve se\u00e7menler taraf\u0131ndan \u201cRekortmen Milletvekili\u201d ismi tak\u0131lan Aykut Kaya Antalya ve b\u00f6lgesinin sorunlar\u0131n\u0131 dile getirmeye devam ediyor.<\/p>\n\n\n\n<p>Se\u00e7imlerden \u00f6nce s\u00f6z verdi\u011fi gibi, devletin ve milletin faydas\u0131na olacak her konuda \u00e7ekinmeden elini ta\u015f\u0131n alt\u0131na koymay\u0131 taahh\u00fct eden ve bu konuda Antalya i\u00e7in daha modern ve \u00e7a\u011fda\u015f \u015fehirler aras\u0131nda yer almas\u0131 i\u00e7in \u00e7al\u0131\u015fmalar\u0131n\u0131 y\u00fcr\u00fctt\u00fc\u011f\u00fcn\u00fc belirten Aykut Kaya, TBMM k\u00fcrs\u00fcs\u00fcnden a\u00e7\u0131klamada bulundu.<\/p>\n\n\n\n<p>En son meclis k\u00fcrs\u00fcs\u00fcnden Antalya turizm sorunlar\u0131n\u0131 dile getiren \u0130yi Parti Antalya milletvekili Aykut Kaya \u015f\u00f6yle konu\u015ftu;<\/p>\n\n\n\n<p>&nbsp;\u2018\u2019Antalya&#8217;m\u0131z \u00fcretti\u011fi katma de\u011fere g\u00f6re hak etti\u011fi hizmeti alamayan bir \u015fehrimizdir. Hatta hak etti\u011fi hizmeti bir kenara koyun, ald\u0131\u011f\u0131 temel hizmetler bile sa\u011fl\u0131kl\u0131 de\u011fildir. Antalya&#8217;n\u0131n \u00fcretti\u011fi katma de\u011ferin belli bir k\u0131sm\u0131 Antalya&#8217;da kal\u0131rsa altyap\u0131s\u0131na ve kalk\u0131nmas\u0131na b\u00fcy\u00fck destek oluruz&#8221; dedi<\/p>\n\n\n\n<p>Kaya, &#8220;Bak\u0131n, \u00f6zellikle Avrupa&#8217;da olmak \u00fczere yurt d\u0131\u015f\u0131nda otelde kald\u0131\u011f\u0131n\u0131z zaman \u015fehir vergisi \u00f6dersiniz ve bu, o \u015fehir i\u00e7in kullan\u0131l\u0131r; bizde ise toplanan konaklama vergisi do\u011frudan Hazine Bakanl\u0131\u011f\u0131na gitmektedir. Antalya&#8217;dan toplanan yakla\u015f\u0131k 400 milyon dolarl\u0131k konaklama ve tan\u0131t\u0131m vergisinin en az yar\u0131s\u0131 Antalya&#8217;da kalmal\u0131 ve Antalya&#8217;n\u0131n altyap\u0131s\u0131 ve kalk\u0131nmas\u0131 i\u00e7in kullan\u0131lmal\u0131d\u0131r.&#8221;<\/p>\n\n\n\n<p>diye konu\u015ftu.<\/p>\n\n\n\n<p>Kaya a\u00e7\u0131klamas\u0131n\u0131n sonunda, &#8220;Antalya&#8217;n\u0131n sorunlar\u0131n\u0131 ve \u00e7\u00f6z\u00fcm\u00fcn\u00fc en iyi b\u00f6lge insanlar\u0131 bilebilir. Valili\u011fin \u00f6nderli\u011finde B\u00fcy\u00fck\u015fehir Belediye Ba\u015fkan\u0131, STK temsilcileri ve turizm temsilcilerinden olu\u015fan bir komisyonla Antalya&#8217;m\u0131z i\u00e7in yat\u0131r\u0131mlara karar verilmelidir.&#8221; diye konu\u015fmas\u0131n\u0131 tamamlayarak mesaj\u0131n\u0131 iletti.<\/p>\n\n\n\n<p>(Haber Merkezi)<\/p>\n","protected":false},"excerpt":{"rendered":"<p>Milletvekili se\u00e7ildi\u011fi g\u00fcnden bu yana Antalya ve il\u00e7elerinin sorunlar\u0131n\u0131 meclis g\u00fcndeminden dile getirmesinin yan\u0131 s\u0131ra sorunlar\u0131n oldu\u011fu yerlerde yapt\u0131\u011f\u0131 bas\u0131n a\u00e7\u0131klamalar\u0131 ile dikkatleri \u00fczerinde toplayan <a href=\"https:\/\/akdenizhaber.com.tr\/index.php\/2023\/11\/13\/rekortmen-milletvekili-aykut-kaya-turizm-kazanimlarindan-antalyaya-yatirim-yapilmali\/\" class=\"read-more-link\">[more&#8230;]<\/a><\/p>\n","protected":false},"author":2,"featured_media":17637,"comment_status":"open","ping_status":"open","sticky":false,"template":"","format":"standard","meta":{"footnotes":""},"categories":[2],"tags":[],"class_list":["post-17636","post","type-post","status-publish","format-standard","has-post-thumbnail","hentry","category-gundem"],"_links":{"self":[{"href":"https:\/\/akdenizhaber.com.tr\/index.php\/wp-json\/wp\/v2\/posts\/17636","targetHints":{"allow":["GET"]}}],"collection":[{"href":"https:\/\/akdenizhaber.com.tr\/index.php\/wp-json\/wp\/v2\/posts"}],"about":[{"href":"https:\/\/akdenizhaber.com.tr\/index.php\/wp-json\/wp\/v2\/types\/post"}],"author":[{"embeddable":true,"href":"https:\/\/akdenizhaber.com.tr\/index.php\/wp-json\/wp\/v2\/users\/2"}],"replies":[{"embeddable":true,"href":"https:\/\/akdenizhaber.com.tr\/index.php\/wp-json\/wp\/v2\/comments?post=17636"}],"version-history":[{"count":0,"href":"https:\/\/akdenizhaber.com.tr\/index.php\/wp-json\/wp\/v2\/posts\/17636\/revisions"}],"wp:featuredmedia":[{"embeddable":true,"href":"https:\/\/akdenizhaber.com.tr\/index.php\/wp-json\/wp\/v2\/media\/17637"}],"wp:attachment":[{"href":"https:\/\/akdenizhaber.com.tr\/index.php\/wp-json\/wp\/v2\/media?parent=17636"}],"wp:term":[{"taxonomy":"category","embeddable":true,"href":"https:\/\/akdenizhaber.com.tr\/index.php\/wp-json\/wp\/v2\/categories?post=17636"},{"taxonomy":"post_tag","embeddable":true,"href":"https:\/\/akdenizhaber.com.tr\/index.php\/wp-json\/wp\/v2\/tags?post=17636"}],"curies":[{"name":"wp","href":"https:\/\/api.w.org\/{rel}","templated":true}]}}