{"id":17617,"date":"2023-11-11T12:52:59","date_gmt":"2023-11-11T09:52:59","guid":{"rendered":"https:\/\/akdenizhaber.com.tr\/?p=17617"},"modified":"2023-11-11T12:53:00","modified_gmt":"2023-11-11T09:53:00","slug":"basinda-10-kasim-sergisine-buyuk-ilgi","status":"publish","type":"post","link":"https:\/\/akdenizhaber.com.tr\/index.php\/2023\/11\/11\/basinda-10-kasim-sergisine-buyuk-ilgi\/","title":{"rendered":"\u00a0\u201cBas\u0131nda 10 Kas\u0131m\u201d sergisine b\u00fcy\u00fck ilgi"},"content":{"rendered":"\n<p><\/p>\n\n\n\n<p>Dokumapark Modern Sanatlar Galerisi\u2019nde, \u201cBas\u0131nda 10 Kas\u0131m\u201d sergisi a\u00e7\u0131ld\u0131.&nbsp; Sergide, Gazeteci ve Turizm Yazar\u0131 Halil \u00d6nc\u00fc\u2019n\u00fcn ar\u015fivinden Gazi Mustafa Kemal Atat\u00fcrk\u2019\u00fcn ebediyete intikalinin y\u0131l d\u00f6n\u00fcm\u00fcn\u00fc anan 1940-1950\u2019li y\u0131llara ait orijinal bas\u0131m gazete man\u015fetleri yer al\u0131yor.<\/p>\n\n\n\n<p>Gazeteci ve Turizm Yazar\u0131 Halil \u00d6nc\u00fc\u2019n\u00fcn \u201cBas\u0131nda 10 Kas\u0131m\u201d adl\u0131 sergisi Dokumapark Modern Sanatlar Galerisi\u2019nde kap\u0131lar\u0131n\u0131 ziyaret\u00e7ilere a\u00e7t\u0131. 1940-1950\u2019li y\u0131llara ait Gazi Mustafa Kemal Atat\u00fcrk\u2019\u00fcn ebediyete intikalinin y\u0131l d\u00f6n\u00fcm\u00fcn\u00fc anan gazetelerin yer ald\u0131\u011f\u0131 serginin a\u00e7\u0131l\u0131\u015f\u0131 Kepez Belediye Ba\u015fkan\u0131 Hakan T\u00fct\u00fcnc\u00fc\u2019n\u00fcn kat\u0131l\u0131m\u0131yla ger\u00e7ekle\u015ftirildi. Serginin a\u00e7\u0131l\u0131\u015f konu\u015fmas\u0131n\u0131 ger\u00e7ekle\u015ftiren gazeteci Halil \u00d6nc\u00fc, 1940\u2019l\u0131 ve 1950\u2019li y\u0131llara ait orijinal Memleket, Vatan, Ulus, Cumhuriyet, D\u00fcnya Gazetelerinin orijinal bas\u0131mlar\u0131n\u0131n yer ald\u0131\u011f\u0131 \u201cBas\u0131nda 10 Kas\u0131m\u201d Sergisini bu y\u0131l da k\u00fclt\u00fcr ve sanat adas\u0131 Dokumapark\u2019ta yer alan Modern Sanatlar Galerisi\u2019nde a\u00e7t\u0131klar\u0131n\u0131 s\u00f6yledi. Sergideki koleksiyonun do\u011fu\u015funa da de\u011finen \u00d6nc\u00fc, \u201cMemleketim \u00c7anakkale de kar\u015f\u0131 kom\u015fumuzun evinden \u00e7\u00f6pe at\u0131lmak \u00fczere ald\u0131\u011f\u0131m 3 \u00e7uval i\u00e7erisinden \u00e7\u0131kan gazeteler. Ortaokul \u00e7a\u011f\u0131ndayken eski bir ev i\u00e7inde ya\u015fayan ki\u015finin \u00f6l\u00fcm\u00fc sonras\u0131 evin yan\u0131na yana\u015fan bir kamyona at\u0131lmak \u00fczereyken \u00e7ocuk akl\u0131yla ald\u0131\u011f\u0131m 3 \u00e7uval ve i\u00e7inde \u00e7\u0131kan i\u015fte bu gazeteler\u2026 Y\u0131llar sonra, her y\u0131l oldu\u011fu gibi sergiyle bulu\u015fuyor. Sergimizde 15 adet orijinal gazete bulunuyor. Sergimizi gezenler 1940 Vatan gazetesi ile yolculu\u011fa ba\u015fl\u0131yorlar, 1955 y\u0131l\u0131n\u0131n 10 Kas\u0131m tarihine kadar adeta bir tarih yolculu\u011funa \u00e7\u0131k\u0131yorlar. Cumhuriyetimizin kurucusu Kurtulu\u015f sava\u015f\u0131m\u0131z\u0131n e\u015fsiz komutan\u0131 B\u00fcy\u00fck \u00d6nder Gazi Mustafa Kemal Atat\u00fcrk\u2019\u00fcn ebediyete intikalinin 85. Y\u0131l d\u00f6n\u00fcm\u00fcnde b\u00fcy\u00fck bir \u00f6zlemle an\u0131yoruz. \u201c dedi.<\/p>\n\n\n\n<p>\u00d6ZEL B\u0130R SERG\u0130<\/p>\n\n\n\n<p>Kepez Belediye Ba\u015fkan\u0131 Hakan T\u00fct\u00fcnc\u00fc de, \u201cEbediyete intihalinin 85. seneyi devriyesinde Cumhuriyetimizin banisi Gazi Mustafa Kemal Atat\u00fcrk\u2019\u00fc rahmetle, minnetle, \u015f\u00fckranla yad ediyorum.\u201d dedi. Bu \u00f6zel anma g\u00fcnlerini, milli bayramlar\u0131 k\u00fclt\u00fcr ve sanata dair etkinliklerle kalpleri, g\u00f6n\u00fclleri sanat\u0131n ve k\u00fclt\u00fcr\u00fcn birle\u015ftirici atmosferiyle bulu\u015fturduklar\u0131n\u0131 s\u00f6yledi. T\u00fct\u00fcnc\u00fc, \u201c10 Kas\u0131m\u2019da k\u00fclt\u00fcr ve sanat\u0131n ikliminde \u00f6zel bir serginin a\u00e7\u0131l\u0131\u015f\u0131n\u0131 ger\u00e7ekle\u015ftiriyoruz. Amac\u0131m\u0131z, 10 Kas\u0131m\u2019a farkl\u0131 bir bak\u0131\u015f a\u00e7\u0131s\u0131 ortaya koyabilmek.&nbsp; B\u00f6ylelikle \u2018Benim na\u00e7iz v\u00fccudum elbet bir g\u00fcn toprak olacakt\u0131r, ancak T\u00fcrkiye Cumhuriyeti ilelebet padiyar kalacakt\u0131r.\u2019 \u00f6zdeyi\u015finin arkas\u0131ndaki felsefeyi \u00e7ok daha iyi idrak etmek. Bu \u00f6zel sergiyi bizlerle payla\u015ft\u0131\u011f\u0131 i\u00e7in Halil \u00d6nc\u00fc\u2019ye te\u015fekk\u00fcr ediyorum.\u201d diye konu\u015ftu.<\/p>\n\n\n\n<p>Konu\u015fmalar\u0131n ard\u0131ndan Ba\u015fkan T\u00fct\u00fcnc\u00fc, sergiyi gezdi. Gazeteci ve Turizm Yazar\u0131 Halil \u00d6nc\u00fc, \u00c7anakkale Sava\u015f\u0131\u2019ndan 2 adet mermiyi Dokumapark\u2019taki Anadolu \u015eehitler M\u00fczesi\u2019nde sergilenmek \u00fczere Kepez Belediye Ba\u015fkan\u0131 Hakan T\u00fct\u00fcnc\u00fc\u2019ye, takdim etti.<\/p>\n\n\n\n<p>Kepez Belediyesi \/ B\u00fclten<\/p>\n","protected":false},"excerpt":{"rendered":"<p>Dokumapark Modern Sanatlar Galerisi\u2019nde, \u201cBas\u0131nda 10 Kas\u0131m\u201d sergisi a\u00e7\u0131ld\u0131.&nbsp; Sergide, Gazeteci ve Turizm Yazar\u0131 Halil \u00d6nc\u00fc\u2019n\u00fcn ar\u015fivinden Gazi Mustafa Kemal Atat\u00fcrk\u2019\u00fcn ebediyete intikalinin y\u0131l d\u00f6n\u00fcm\u00fcn\u00fc <a href=\"https:\/\/akdenizhaber.com.tr\/index.php\/2023\/11\/11\/basinda-10-kasim-sergisine-buyuk-ilgi\/\" class=\"read-more-link\">[more&#8230;]<\/a><\/p>\n","protected":false},"author":2,"featured_media":17618,"comment_status":"open","ping_status":"open","sticky":false,"template":"","format":"standard","meta":{"footnotes":""},"categories":[2],"tags":[],"class_list":["post-17617","post","type-post","status-publish","format-standard","has-post-thumbnail","hentry","category-gundem"],"_links":{"self":[{"href":"https:\/\/akdenizhaber.com.tr\/index.php\/wp-json\/wp\/v2\/posts\/17617","targetHints":{"allow":["GET"]}}],"collection":[{"href":"https:\/\/akdenizhaber.com.tr\/index.php\/wp-json\/wp\/v2\/posts"}],"about":[{"href":"https:\/\/akdenizhaber.com.tr\/index.php\/wp-json\/wp\/v2\/types\/post"}],"author":[{"embeddable":true,"href":"https:\/\/akdenizhaber.com.tr\/index.php\/wp-json\/wp\/v2\/users\/2"}],"replies":[{"embeddable":true,"href":"https:\/\/akdenizhaber.com.tr\/index.php\/wp-json\/wp\/v2\/comments?post=17617"}],"version-history":[{"count":0,"href":"https:\/\/akdenizhaber.com.tr\/index.php\/wp-json\/wp\/v2\/posts\/17617\/revisions"}],"wp:featuredmedia":[{"embeddable":true,"href":"https:\/\/akdenizhaber.com.tr\/index.php\/wp-json\/wp\/v2\/media\/17618"}],"wp:attachment":[{"href":"https:\/\/akdenizhaber.com.tr\/index.php\/wp-json\/wp\/v2\/media?parent=17617"}],"wp:term":[{"taxonomy":"category","embeddable":true,"href":"https:\/\/akdenizhaber.com.tr\/index.php\/wp-json\/wp\/v2\/categories?post=17617"},{"taxonomy":"post_tag","embeddable":true,"href":"https:\/\/akdenizhaber.com.tr\/index.php\/wp-json\/wp\/v2\/tags?post=17617"}],"curies":[{"name":"wp","href":"https:\/\/api.w.org\/{rel}","templated":true}]}}