{"id":17608,"date":"2023-11-11T12:45:15","date_gmt":"2023-11-11T09:45:15","guid":{"rendered":"https:\/\/akdenizhaber.com.tr\/?p=17608"},"modified":"2023-11-11T12:45:15","modified_gmt":"2023-11-11T09:45:15","slug":"cevre-hizmet-odulleri-dagitildi","status":"publish","type":"post","link":"https:\/\/akdenizhaber.com.tr\/index.php\/2023\/11\/11\/cevre-hizmet-odulleri-dagitildi\/","title":{"rendered":"\u00c7evre Hizmet \u00d6d\u00fclleri Da\u011f\u0131t\u0131ld\u0131\u00a0"},"content":{"rendered":"\n<p><\/p>\n\n\n\n<p>Akdeniz \u00dcniversitesi \u00c7evre Sorunlar\u0131 Ara\u015ft\u0131rma ve Uygulama Merkezi taraf\u0131ndan bu y\u0131l 25.\u2019si d\u00fczenlenen \u00e7evre de\u011ferlerinin korunmas\u0131na, geli\u015ftirilmesine katk\u0131 sa\u011flayanlar\u0131n \u00f6d\u00fcllendirildi\u011fi \u2018\u00c7evre Hizmet \u00d6d\u00fcl T\u00f6reni-2022\u2019 ger\u00e7ekle\u015ftirildi.<\/p>\n\n\n\n<p>Atat\u00fcrk Konferans Salonu\u2019nda ger\u00e7ekle\u015ftirilen 25. \u00c7evre Hizmet \u00d6d\u00fcl T\u00f6reni\u2019ne Akdeniz \u00dcniversitesi Rekt\u00f6r Yard\u0131mc\u0131lar\u0131 Prof. Dr. Cengiz Toker ve Prof. Dr. \u015e\u00fckr\u00fc \u00d6zen, Fen Bilimleri Enstit\u00fcs\u00fc M\u00fcd\u00fcr\u00fc Prof. Dr.&nbsp; Orhan \u00d6z\u00e7atalba\u015f, \u00c7evre Sorunlar\u0131 Ara\u015ft\u0131rma ve Uygulama Merkezi M\u00fcd\u00fcr\u00fc Do\u00e7. Dr. \u0130brahim Ethem Karadirek, akademisyenler ve \u00f6d\u00fcl sahipleri ile aileleri kat\u0131ld\u0131.<\/p>\n\n\n\n<p>CUMHUR\u0130YET\u0130N 100. YIL ETK\u0130NL\u0130KLER\u0130 MAYIS AYINA KADAR DEVAM EDECEK<\/p>\n\n\n\n<p>Cumhuriyetin 100. Y\u0131l\u0131 i\u00e7in ba\u015flatt\u0131klar\u0131 etkinliklerin may\u0131s ay\u0131na kadar devam edece\u011fini s\u00f6yleyen Rekt\u00f6r Yard\u0131mc\u0131s\u0131 Prof. Dr. Cengiz Toker, \u201cCumhuriyeti ya\u015fatmak ve onu gelecek nesillere ta\u015f\u0131mak i\u00e7in etkinliklerimize devam edece\u011fiz. Yar\u0131n 10 Kas\u0131m, Gazi Mustafa Kemal Atat\u00fcrk\u2019\u00fcn \u00f6l\u00fcm y\u0131ld\u00f6n\u00fcm\u00fc onu sayg\u0131yla anaca\u011f\u0131z. Etkinlikte eme\u011fi ge\u00e7en \u00c7evre Sorunlar\u0131 Ara\u015ft\u0131rma ve Uygulama Merkezimize te\u015fekk\u00fcr ediyorum. \u00c7evre Hizmet \u00d6d\u00fclleri\u2019ni kazananlar\u0131 da tebrik ediyorum.\u201d \u015feklinde konu\u015ftu.<\/p>\n\n\n\n<p>Cumhuriyetin 100. Y\u0131l\u0131n\u0131n kutland\u0131\u011f\u0131 bu y\u0131lda \u00c7evre Hizmet \u00d6d\u00fcllerinin 25\u2019incisini d\u00fczenlediklerini s\u00f6yleyen Akdeniz \u00dcniversitesi \u00c7evre Sorunlar\u0131 Ara\u015ft\u0131rma ve Uygulama Merkezi M\u00fcd\u00fcr\u00fc Do\u00e7. Dr. \u0130brahim Ethem Karadirek, \u201c\u00c7evre bilincinin olu\u015fturulmas\u0131, iyi \u00f6rneklerin \u00e7o\u011falt\u0131lmas\u0131, \u00e7evrenin korunmas\u0131 ve gelecek nesillere sa\u011fl\u0131kl\u0131 bir \u00e7evrenin aktar\u0131lmas\u0131 i\u00e7in iyi uygulamalar\u0131 \u00f6d\u00fcllendiriyoruz. \u00c7evremiz bize ge\u00e7mi\u015ften miras kalan ve gelece\u011fe aktarmam\u0131z gereken bir g\u00f6revimiz var. Hem akademik olarak hem de insan olarak bizim temel \u00f6dev ve g\u00f6revlerimiz aras\u0131nda yer al\u0131yor. \u00d6d\u00fclleri kazananlar\u0131 tebrik ediyor, t\u00f6rende eme\u011fi ge\u00e7enlere te\u015fekk\u00fcr ediyorum.\u201d dedi.<\/p>\n\n\n\n<p>Do\u011fa Orta Okulu \u00f6\u011frencileri \u00e7evre temal\u0131 dans g\u00f6sterisinde bulundular. \u00d6d\u00fcller proje sahiplerine takdim edildi. Program toplu foto\u011fraf \u00e7ekimiyle son buldu.<\/p>\n\n\n\n<p>\u00c7EVRE H\u0130ZMET \u00d6D\u00dcLLER\u0130 KAPSAMINDA \u00d6D\u00dcL KAZANANLAR<\/p>\n\n\n\n<p>Akdeniz \u00dcniversitesi \u00d6l\u00e7e\u011fi<\/p>\n\n\n\n<p>\u2013Akdeniz \u00dcniversitesi Ma\u011fara Ara\u015ft\u0131rma Toplulu\u011fu \u201cBiyolojik \u00e7e\u015fitlili\u011fin korunmas\u0131 ve jeolojik ara\u015ft\u0131rmalar\u0131n te\u015fvik edilmesi ile Akdeniz \u00dcniversitesi \u00f6\u011frencilerinin konu hakk\u0131nda fark\u0131ndal\u0131klar\u0131n\u0131n art\u0131r\u0131lmas\u0131 i\u00e7in yapm\u0131\u015f olduklar\u0131 \u00e7al\u0131\u015fmalar\u201d<\/p>\n\n\n\n<p>Antalya \u00d6l\u00e7e\u011fi (\u00d6zel Sekt\u00f6r)&nbsp;&nbsp;&nbsp;&nbsp;&nbsp;&nbsp;&nbsp;&nbsp;&nbsp;<\/p>\n\n\n\n<p>\u2013Emre ALTINI\u015eIK \u201cTRT Antalya Radyosu\u2019nda haz\u0131rlay\u0131p sundu\u011fu \u201c\u00c7evre ve \u0130nsan\u201d program\u0131 ile iklim de\u011fi\u015fikli\u011fi ve \u00e7evre sorunlar\u0131 hakk\u0131nda kamuoyunun bilgilendirilmesine sa\u011flad\u0131\u011f\u0131 \u00f6nemli katk\u0131lar\u201d<\/p>\n\n\n\n<p>\u2013Alya Yat\u00e7\u0131l\u0131k \u201c\u00c7evresel S\u00fcrd\u00fcr\u00fclebilirlik \u00e7al\u0131\u015fmalar\u0131\u201d<\/p>\n\n\n\n<p>Antalya \u00d6l\u00e7e\u011fi (Kamu)<\/p>\n\n\n\n<p>\u2013Manavgat \u00c7avu\u015fk\u00f6y \u0130lkokulu-Ortaokulu \u201cHaz\u0131rlam\u0131\u015f olduklar\u0131 projelerin (Bez Torba Tasar\u0131m\u0131, Stem Geri D\u00f6n\u00fc\u015f\u00fcm Sergisi, Karde\u015f S\u0131n\u0131f) meydana getirdi\u011fi yayg\u0131n etkiler\u201d<\/p>\n\n\n\n<p>\u2013Belek Limak \u0130lk\/Ortaokulu \u201c\u00d6\u011frencilerin g\u00fcnl\u00fck olu\u015fturduklar\u0131 at\u0131klar\u0131n fark\u0131na varmalar\u0131n\u0131 ve bu at\u0131klar\u0131n ne \u015fekilde uzakla\u015ft\u0131r\u0131ld\u0131\u011f\u0131n\u0131 g\u00f6rerek, uygulayarak, sorarak ve tart\u0131\u015farak \u00f6\u011frenmelerini sa\u011flamak i\u00e7in yap\u0131lan \u201cGeri D\u00f6n\u00fc\u015f\u00fcm Tek \u00c7aremiz\u201d projesi ve \u00e7al\u0131\u015fmalar\u0131<\/p>\n\n\n\n<p>T\u00fcrkiye \u00d6l\u00e7e\u011fi (\u00d6zel Sekt\u00f6r)&nbsp;&nbsp;&nbsp;&nbsp;&nbsp;&nbsp;&nbsp;&nbsp;<\/p>\n\n\n\n<p>\u2013Silverline \u201cDaha \u0130yi Bir Toplum \u0130\u00e7in Daha \u0130yi Bir \u00c7evre \u0130\u00e7in Daha \u0130yi Bir \u00dclke \u0130\u00e7in \u0130yiye Var\u0131m\u201d projesi<\/p>\n\n\n\n<p>T\u00fcrkiye \u00d6l\u00e7e\u011fi (Kamu)&nbsp;&nbsp;&nbsp;&nbsp;&nbsp;&nbsp;<\/p>\n\n\n\n<p>\u2013Gaziantep B.B. \u201cHaz\u0131rlad\u0131\u011f\u0131 e-iklim uygulamas\u0131, cevrekorumaoyunu.com web sayfas\u0131 (toprak ve su\u2019yun maceralar\u0131) ve s\u0131f\u0131r at\u0131k \u00e7al\u0131\u015fmalar\u0131\u201d<\/p>\n\n\n\n<p>\u2013\u0130stanbul B.B.&nbsp; \u201cAt\u0131ktan enerjiye mottosuyla kurdu\u011fu ve i\u015fletmekte oldu\u011fu Kemerburgaz At\u0131k Yakma ve Enerji \u00dcretim Tesisi ile \u0130stanbul\u2019da olu\u015fan at\u0131klar\u0131n hacimsel olarak %95 oran\u0131nda azalt\u0131m\u0131 sa\u011flamas\u0131, 85 MWh elektrik enerjisi \u00fcretimi ger\u00e7ekle\u015ftirmesi ve y\u0131ll\u0131k 1.38 milyon ton CO2 emisyonu azalt\u0131m\u0131 sa\u011flanmas\u0131 \u00e7al\u0131\u015fmalar\u0131\u201d<\/p>\n\n\n\n<p>Bilim Onur \u00d6d\u00fcl\u00fc<\/p>\n\n\n\n<p>\u2013Prof. Dr. B\u00fclent KESK\u0130NLER \u201c\u00c7evre bilimine y\u00f6nelik ger\u00e7ekle\u015ftirdi\u011fi ulusal ve uluslararas\u0131 \u00f6l\u00e7ekteki \u00e7al\u0131\u015fmalar\u201d<\/p>\n\n\n\n<p>Bilim Hizmet \u00d6d\u00fcl\u00fc<\/p>\n\n\n\n<p>\u2013Do\u00e7. Dr. Elif \u00d6ZT\u00dcRK \u201c\u00c7ocuklarda \u00e7evre bilincinin geli\u015fmesi ve \u00e7evre okur-yazar\u0131 e\u011fitimcilerin yeti\u015ftirilmesi konular\u0131nda faaliyet ve \u00e7al\u0131\u015fmalar\u0131\u201d<\/p>\n\n\n\n<p>Bilim Te\u015fvik \u00d6d\u00fcl\u00fc<\/p>\n\n\n\n<p>\u2013Dr. \u00d6\u011fr. \u00dc. Yasin \u00d6ZAY \u201c\u00c7evre bilimine y\u00f6nelik ger\u00e7ekle\u015ftirdi\u011fi ulusal ve uluslararas\u0131 \u00f6l\u00e7ekteki \u00e7al\u0131\u015fmalar\u201d<\/p>\n\n\n\n<p>\u00d6zel \u00d6d\u00fcl&nbsp;&nbsp;&nbsp;&nbsp;&nbsp;<\/p>\n\n\n\n<p>\u2013Dr. \u00d6\u011fr. \u00dcyesi Deniz \u00d6ZEN \u00dcNAL Eko-matematik (EKO-MAT) \u00c7al\u0131\u015fma Grubu Ad\u0131na Dr. \u00d6\u011fr. \u00dcyesi Deniz \u00d6ZEN \u00dcNAL, T\u00dcB\u0130TAK Bilim ve Toplum Programlar\u0131 alt\u0131ndaki 4004-Do\u011fa E\u011fitimi ve Bilim Okullar\u0131 2022\/1 \u00e7a\u011fr\u0131s\u0131 kapsam\u0131nda desteklenen \u201cOrtaokul \u00d6\u011frencileri i\u00e7in Eko-matematik\u201d projesi<\/p>\n\n\n\n<p>\u2013Necmettin Erbakan \u00dcniversitesi Sosyal ve Be\u015feri Bilimler Fak\u00fcltesi \u201cPlastiklerin do\u011faya verdi\u011fi zararlara dikkat \u00e7ekmek amac\u0131yla ger\u00e7ekle\u015ftirdikleri s\u0131f\u0131r at\u0131k fark\u0131ndal\u0131k projeleri\u201d<\/p>\n\n\n\n<p>Akdeniz \u00dcniversitesi Rekt\u00f6rl\u00fc\u011f\u00fc \/ B\u00fclten<\/p>\n","protected":false},"excerpt":{"rendered":"<p>Akdeniz \u00dcniversitesi \u00c7evre Sorunlar\u0131 Ara\u015ft\u0131rma ve Uygulama Merkezi taraf\u0131ndan bu y\u0131l 25.\u2019si d\u00fczenlenen \u00e7evre de\u011ferlerinin korunmas\u0131na, geli\u015ftirilmesine katk\u0131 sa\u011flayanlar\u0131n \u00f6d\u00fcllendirildi\u011fi \u2018\u00c7evre Hizmet \u00d6d\u00fcl T\u00f6reni-2022\u2019 ger\u00e7ekle\u015ftirildi. <a href=\"https:\/\/akdenizhaber.com.tr\/index.php\/2023\/11\/11\/cevre-hizmet-odulleri-dagitildi\/\" class=\"read-more-link\">[more&#8230;]<\/a><\/p>\n","protected":false},"author":2,"featured_media":17609,"comment_status":"open","ping_status":"open","sticky":false,"template":"","format":"standard","meta":{"footnotes":""},"categories":[2],"tags":[],"class_list":["post-17608","post","type-post","status-publish","format-standard","has-post-thumbnail","hentry","category-gundem"],"_links":{"self":[{"href":"https:\/\/akdenizhaber.com.tr\/index.php\/wp-json\/wp\/v2\/posts\/17608","targetHints":{"allow":["GET"]}}],"collection":[{"href":"https:\/\/akdenizhaber.com.tr\/index.php\/wp-json\/wp\/v2\/posts"}],"about":[{"href":"https:\/\/akdenizhaber.com.tr\/index.php\/wp-json\/wp\/v2\/types\/post"}],"author":[{"embeddable":true,"href":"https:\/\/akdenizhaber.com.tr\/index.php\/wp-json\/wp\/v2\/users\/2"}],"replies":[{"embeddable":true,"href":"https:\/\/akdenizhaber.com.tr\/index.php\/wp-json\/wp\/v2\/comments?post=17608"}],"version-history":[{"count":0,"href":"https:\/\/akdenizhaber.com.tr\/index.php\/wp-json\/wp\/v2\/posts\/17608\/revisions"}],"wp:featuredmedia":[{"embeddable":true,"href":"https:\/\/akdenizhaber.com.tr\/index.php\/wp-json\/wp\/v2\/media\/17609"}],"wp:attachment":[{"href":"https:\/\/akdenizhaber.com.tr\/index.php\/wp-json\/wp\/v2\/media?parent=17608"}],"wp:term":[{"taxonomy":"category","embeddable":true,"href":"https:\/\/akdenizhaber.com.tr\/index.php\/wp-json\/wp\/v2\/categories?post=17608"},{"taxonomy":"post_tag","embeddable":true,"href":"https:\/\/akdenizhaber.com.tr\/index.php\/wp-json\/wp\/v2\/tags?post=17608"}],"curies":[{"name":"wp","href":"https:\/\/api.w.org\/{rel}","templated":true}]}}