{"id":17605,"date":"2023-11-11T12:44:43","date_gmt":"2023-11-11T09:44:43","guid":{"rendered":"https:\/\/akdenizhaber.com.tr\/?p=17605"},"modified":"2023-11-11T12:44:44","modified_gmt":"2023-11-11T09:44:44","slug":"ogrencilere-her-turlu-imkan-saglaniyor","status":"publish","type":"post","link":"https:\/\/akdenizhaber.com.tr\/index.php\/2023\/11\/11\/ogrencilere-her-turlu-imkan-saglaniyor\/","title":{"rendered":"\u00d6\u011frencilere Her T\u00fcrl\u00fc \u0130mkan Sa\u011flan\u0131yor"},"content":{"rendered":"\n<p><\/p>\n\n\n\n<p>Antalya B\u00fcy\u00fck\u015fehir Belediyesi\u2019nin ge\u00e7ti\u011fimiz y\u0131l Elmal\u0131\u2019da hizmete a\u00e7t\u0131\u011f\u0131 90 \u00f6\u011frenci kapasiteli erkek \u00f6\u011frenci yurdu b\u00fcy\u00fck be\u011feni topluyor. Kira masraf\u0131ndan kurtulan \u00fcniversite \u00f6\u011frencileri \u00e7ok mutlu.<\/p>\n\n\n\n<p>Antalya B\u00fcy\u00fck\u015fehir Belediye Ba\u015fkan\u0131 Muhittin B\u00f6cek\u2019in \u00fcniversite \u00f6\u011frencilerinin bar\u0131nma ihtiyac\u0131n\u0131 kar\u015f\u0131lamak amac\u0131yla hizmete a\u00e7t\u0131\u011f\u0131 yurtlar yo\u011fun ilgi g\u00f6r\u00fcyor. 2022-2023 e\u011fitim-\u00f6\u011fretim y\u0131l\u0131nda 50 \u00f6\u011frenci kapasitesi ile hizmete a\u00e7\u0131lan Antalya B\u00fcy\u00fck\u015fehir Belediyesi Elmal\u0131 Erkek \u00d6\u011frenci Yurdu\u2019nun kapasitesi, \u00f6\u011frencilerden gelen yo\u011fun talep do\u011frultusunda y\u00fczde 80 artt\u0131r\u0131larak, 90 \u00f6\u011frenciye ula\u015ft\u0131. \u00d6\u011frencilerin t\u00fcm ihtiya\u00e7lar\u0131n\u0131n d\u00fc\u015f\u00fcn\u00fcld\u00fc\u011f\u00fc yurt, Elmal\u0131\u2019da e\u011fitim g\u00f6rmeye gelen \u00f6\u011frenciler taraf\u0131ndan b\u00fcy\u00fck be\u011feni topluyor.<\/p>\n\n\n\n<p>EKONOM\u0130K \u015eARTLAR \u0130LG\u0130Y\u0130 ARTIRDI<\/p>\n\n\n\n<p>B\u00fcy\u00fck\u015fehir Belediyesi \u00c7ocuk ve Gen\u00e7lik Hizmetleri \u015eube M\u00fcd\u00fcr\u00fc Ahmet O\u011fuz Da\u011fl\u0131, Elmal\u0131 merkezde \u00f6\u011frencilere hizmet veren yurdun yo\u011fun ilgi g\u00f6rd\u00fc\u011f\u00fcn\u00fc belirterek, \u201c\u0130\u00e7inde bulundu\u011fumuz ekonomik \u015fartlar ve kiralar\u0131n y\u00fcksekli\u011fi nedeniyle \u00f6\u011frencilerimiz yurtlar\u0131m\u0131za yo\u011fun ilgi g\u00f6steriyor. Gelen talepler do\u011frultusunda yurt say\u0131s\u0131n\u0131 artt\u0131r\u0131yoruz. \u00d6\u011frencilerimize sabah kahvalt\u0131, ak\u015fam yeme\u011fi, \u00e7ama\u015f\u0131rhane ve ders \u00e7al\u0131\u015fma ortamlar\u0131 ile g\u00fczel bir imkan sa\u011fl\u0131yoruz. Yurdumuz Elmal\u0131 merkezde her yere ula\u015fabilme imkanlar\u0131na sahip\u201d dedi.<\/p>\n\n\n\n<p>\u00d6\u011eRENC\u0130LERE HER T\u00dcRL\u00dc \u0130MKAN SA\u011eLANIYOR<\/p>\n\n\n\n<p>Ankara\u2019dan \u00fcniversite e\u011fitimi i\u00e7in Elmal\u0131\u2019ya gelenAkdeniz \u00dcniversitesi Elmal\u0131 Meslek Y\u00fcksek Okulu (MYO) Elektrik B\u00f6l\u00fcm\u00fc 1\u2019inci s\u0131n\u0131f \u00f6\u011frencisi Arda \u00c7a\u011fr\u0131 Zeybek, tercihler a\u00e7\u0131kland\u0131\u011f\u0131nda Elmal\u0131 il\u00e7esini ara\u015ft\u0131rd\u0131\u011f\u0131n\u0131 B\u00fcy\u00fck\u015fehir Belediyesi\u2019nin yurt imkan\u0131 oldu\u011funu belirterek, \u201cElmal\u0131\u2019da Kredi Yurtlar Kurumu yurdu yokmu\u015f. Bende belediyenin yurduna ba\u015fvuru yapt\u0131m ve kay\u0131t oldum. \u00c7ok memnunum. Burada bizlere her t\u00fcrl\u00fc deste\u011fi sa\u011fl\u0131yorlar. Yurt bulamasam, mecbur eve \u00e7\u0131kacakt\u0131m ancak bu da benim b\u00fct\u00e7emi etkileyecekti. \u00c7al\u0131\u015fmak zorunda kalacakt\u0131m. Bize bu imkan\u0131 sa\u011flad\u0131\u011f\u0131 i\u00e7in B\u00fcy\u00fck\u015fehir Belediye Ba\u015fkan\u0131 Muhittin B\u00f6cek\u2019e te\u015fekk\u00fcr ederim\u201d diye konu\u015ftu.<\/p>\n\n\n\n<p>\u00c7OK MEMNUNUZ<\/p>\n\n\n\n<p>Akdeniz \u00dcniversitesi Elmal\u0131 MYO Elektronik Teknolojisi 2\u2019inci s\u0131n\u0131f \u00f6\u011frencisi Efe Saydem ise \u015f\u00f6yle konu\u015ftu: \u201cElmal\u0131\u2019ya Kocaeli\u2019nden geldim. Yurtta rahat\u0131m\u0131z yerinde. Fiyatlar\u0131 \u00e7ok uygun. Elmal\u0131\u2019da \u00f6\u011frencinin ev bulmas\u0131 \u00e7ok zor. \u00d6zellikle her yere y\u00fcr\u00fcme mesafesinde olmas\u0131 \u00e7ok g\u00fczel bir \u015fey. Bizlere sa\u011flad\u0131\u011f\u0131 imkanlar\u0131 da be\u011feniyorum.\u201d<\/p>\n\n\n\n<p>Antalya B\u00fcy\u00fck\u015fehir Belediyesi \/ B\u00fclten<\/p>\n","protected":false},"excerpt":{"rendered":"<p>Antalya B\u00fcy\u00fck\u015fehir Belediyesi\u2019nin ge\u00e7ti\u011fimiz y\u0131l Elmal\u0131\u2019da hizmete a\u00e7t\u0131\u011f\u0131 90 \u00f6\u011frenci kapasiteli erkek \u00f6\u011frenci yurdu b\u00fcy\u00fck be\u011feni topluyor. Kira masraf\u0131ndan kurtulan \u00fcniversite \u00f6\u011frencileri \u00e7ok mutlu. Antalya <a href=\"https:\/\/akdenizhaber.com.tr\/index.php\/2023\/11\/11\/ogrencilere-her-turlu-imkan-saglaniyor\/\" class=\"read-more-link\">[more&#8230;]<\/a><\/p>\n","protected":false},"author":2,"featured_media":17606,"comment_status":"open","ping_status":"open","sticky":false,"template":"","format":"standard","meta":{"footnotes":""},"categories":[2],"tags":[],"class_list":["post-17605","post","type-post","status-publish","format-standard","has-post-thumbnail","hentry","category-gundem"],"_links":{"self":[{"href":"https:\/\/akdenizhaber.com.tr\/index.php\/wp-json\/wp\/v2\/posts\/17605","targetHints":{"allow":["GET"]}}],"collection":[{"href":"https:\/\/akdenizhaber.com.tr\/index.php\/wp-json\/wp\/v2\/posts"}],"about":[{"href":"https:\/\/akdenizhaber.com.tr\/index.php\/wp-json\/wp\/v2\/types\/post"}],"author":[{"embeddable":true,"href":"https:\/\/akdenizhaber.com.tr\/index.php\/wp-json\/wp\/v2\/users\/2"}],"replies":[{"embeddable":true,"href":"https:\/\/akdenizhaber.com.tr\/index.php\/wp-json\/wp\/v2\/comments?post=17605"}],"version-history":[{"count":0,"href":"https:\/\/akdenizhaber.com.tr\/index.php\/wp-json\/wp\/v2\/posts\/17605\/revisions"}],"wp:featuredmedia":[{"embeddable":true,"href":"https:\/\/akdenizhaber.com.tr\/index.php\/wp-json\/wp\/v2\/media\/17606"}],"wp:attachment":[{"href":"https:\/\/akdenizhaber.com.tr\/index.php\/wp-json\/wp\/v2\/media?parent=17605"}],"wp:term":[{"taxonomy":"category","embeddable":true,"href":"https:\/\/akdenizhaber.com.tr\/index.php\/wp-json\/wp\/v2\/categories?post=17605"},{"taxonomy":"post_tag","embeddable":true,"href":"https:\/\/akdenizhaber.com.tr\/index.php\/wp-json\/wp\/v2\/tags?post=17605"}],"curies":[{"name":"wp","href":"https:\/\/api.w.org\/{rel}","templated":true}]}}