{"id":17583,"date":"2023-11-10T13:43:21","date_gmt":"2023-11-10T10:43:21","guid":{"rendered":"https:\/\/akdenizhaber.com.tr\/?p=17583"},"modified":"2023-11-10T13:43:22","modified_gmt":"2023-11-10T10:43:22","slug":"hintli-turistler-yaptiklari-alisverisle-esnafa-can-suyu-oldu","status":"publish","type":"post","link":"https:\/\/akdenizhaber.com.tr\/index.php\/2023\/11\/10\/hintli-turistler-yaptiklari-alisverisle-esnafa-can-suyu-oldu\/","title":{"rendered":"Hintli Turistler yapt\u0131klar\u0131 al\u0131\u015fveri\u015fle esnafa can suyu oldu"},"content":{"rendered":"\n<p><\/p>\n\n\n\n<p>Antalya Manavgat&#8217;ta 2023 y\u0131l\u0131 turizm sezonunun bitmesine say\u0131l\u0131 g\u00fcnler kalmaya ba\u011fl\u0131 Manavgat Kapal\u0131 \u00c7ar\u015f\u0131ya Gelen Hintli turistler yapt\u0131klar\u0131 al\u0131\u015fveri\u015fle esnaf\u0131n can suyu oldu. T\u00fcrkiye turizminin amiral gemisi Antalya&#8217;ya ilk 10 ay i\u00e7inde Elen turist say\u0131s\u0131 15 milyon 300 bini ge\u00e7ti.<\/p>\n\n\n\n<p>Manavgat Kapal\u0131 \u00e7ar\u015f\u0131da deri \u00e7anta ve deri mamulleri \u00fcr\u00fcnleri satan esnaf Vedat Ergin, b\u00f6lgede turizm sezonunun 15 Kas\u0131m&#8217;da Sona erece\u011fini s\u00f6yledi.<\/p>\n\n\n\n<p>Esnaf Vedat Ergin, &#8221;&#8217; Turizm sekt\u00f6r\u00fcnde genel kanaat b\u00f6lge destinasyonuna ilk defa gelen bir turist bir \u00e7ok defa gelen turiste g\u00f6re iki kat daha fazla al\u0131\u015fveri\u015f yapar. 2023 turizm sezonunda \u00e7ok yo\u011fun turist geldi say\u0131sal olarak iyi bir rakam yakaland\u0131 ama, gelen turist harcama yapma potansiyeli g\u00f6re son 20 y\u0131l\u0131n en d\u00fc\u015f\u00fck turist profiline sahip, son ayda gelen turist profili, Alman, Rus turistleri yan\u0131 s\u0131ra Polonyal\u0131, Ukraynal\u0131, Romanyal\u0131 ve Hindistanl\u0131 turistler oldu. Hintli turistler yapt\u0131\u011f\u0131 al\u0131\u015fveri\u015fle esnaf\u0131n y\u00fcz\u00fcn\u00fc g\u00fcld\u00fcrd\u00fc. Bir anlamda can suyu oldu esnafa&#8221; dedi.<\/p>\n\n\n\n<p>Haber\/Abdurrahman B\u00fcy\u00fckkeskin<\/p>\n","protected":false},"excerpt":{"rendered":"<p>Antalya Manavgat&#8217;ta 2023 y\u0131l\u0131 turizm sezonunun bitmesine say\u0131l\u0131 g\u00fcnler kalmaya ba\u011fl\u0131 Manavgat Kapal\u0131 \u00c7ar\u015f\u0131ya Gelen Hintli turistler yapt\u0131klar\u0131 al\u0131\u015fveri\u015fle esnaf\u0131n can suyu oldu. T\u00fcrkiye turizminin <a href=\"https:\/\/akdenizhaber.com.tr\/index.php\/2023\/11\/10\/hintli-turistler-yaptiklari-alisverisle-esnafa-can-suyu-oldu\/\" class=\"read-more-link\">[more&#8230;]<\/a><\/p>\n","protected":false},"author":2,"featured_media":17584,"comment_status":"open","ping_status":"open","sticky":false,"template":"","format":"standard","meta":{"footnotes":""},"categories":[2],"tags":[],"class_list":["post-17583","post","type-post","status-publish","format-standard","has-post-thumbnail","hentry","category-gundem"],"_links":{"self":[{"href":"https:\/\/akdenizhaber.com.tr\/index.php\/wp-json\/wp\/v2\/posts\/17583","targetHints":{"allow":["GET"]}}],"collection":[{"href":"https:\/\/akdenizhaber.com.tr\/index.php\/wp-json\/wp\/v2\/posts"}],"about":[{"href":"https:\/\/akdenizhaber.com.tr\/index.php\/wp-json\/wp\/v2\/types\/post"}],"author":[{"embeddable":true,"href":"https:\/\/akdenizhaber.com.tr\/index.php\/wp-json\/wp\/v2\/users\/2"}],"replies":[{"embeddable":true,"href":"https:\/\/akdenizhaber.com.tr\/index.php\/wp-json\/wp\/v2\/comments?post=17583"}],"version-history":[{"count":0,"href":"https:\/\/akdenizhaber.com.tr\/index.php\/wp-json\/wp\/v2\/posts\/17583\/revisions"}],"wp:featuredmedia":[{"embeddable":true,"href":"https:\/\/akdenizhaber.com.tr\/index.php\/wp-json\/wp\/v2\/media\/17584"}],"wp:attachment":[{"href":"https:\/\/akdenizhaber.com.tr\/index.php\/wp-json\/wp\/v2\/media?parent=17583"}],"wp:term":[{"taxonomy":"category","embeddable":true,"href":"https:\/\/akdenizhaber.com.tr\/index.php\/wp-json\/wp\/v2\/categories?post=17583"},{"taxonomy":"post_tag","embeddable":true,"href":"https:\/\/akdenizhaber.com.tr\/index.php\/wp-json\/wp\/v2\/tags?post=17583"}],"curies":[{"name":"wp","href":"https:\/\/api.w.org\/{rel}","templated":true}]}}