{"id":17577,"date":"2023-11-10T13:42:20","date_gmt":"2023-11-10T10:42:20","guid":{"rendered":"https:\/\/akdenizhaber.com.tr\/?p=17577"},"modified":"2023-11-10T13:42:21","modified_gmt":"2023-11-10T10:42:21","slug":"diyetisyen-busra-canan-ejder-meyvesinin-faydasi-saymakla-bitmez","status":"publish","type":"post","link":"https:\/\/akdenizhaber.com.tr\/index.php\/2023\/11\/10\/diyetisyen-busra-canan-ejder-meyvesinin-faydasi-saymakla-bitmez\/","title":{"rendered":"Diyetisyen B\u00fc\u015fra Canan; \u201cEjder meyvesinin faydas\u0131 saymakla bitmez\u201d\u00a0\u00a0"},"content":{"rendered":"\n<p><\/p>\n\n\n\n<p>Manavgat Canan Sa\u011fl\u0131k Merkezi Diyetisyeni B\u00fc\u015fra Canan, sonbahar ve k\u0131\u015f mevsimlerinde v\u00fccudun gribal enfeksiyonlar ve mevsim ge\u00e7i\u015finde olu\u015fabilecek hastal\u0131klara kar\u015f\u0131 g\u00fc\u00e7l\u00fc ve diren\u00e7li kalmak i\u00e7in C vitamini bol olan meyveleri t\u00fcketilmesi gerekti\u011fini s\u00f6yledi.<\/p>\n\n\n\n<p>&nbsp;C vitamini ve Tropikal bulmada T\u00fcrkiye turizminin ba\u015fkenti Antalya&#8217;da ya\u015fayan ile tatile gelen ve yerle\u015fik ya\u015fayan yabanc\u0131lar i\u00e7in b\u00fcy\u00fck \u015fans oldu\u011funu belirten Beslenme Uzman\u0131 ve Diyetisyen B\u00fc\u015fra Canan, C vitamini deposu \u015fifa kayna\u011f\u0131 piyata ejder meyvesi hakk\u0131nda \u015fu bilgileri verdi:&#8221; Ejder meyvesi C vitamini deposu tropikal bir meyve. C vitamini, v\u00fccudun demiri almas\u0131na ve kullanmas\u0131na yard\u0131mc\u0131 olur. Ejder meyvesinin faydalar\u0131ndan birisi kalp sa\u011fl\u0131\u011f\u0131n\u0131 korumas\u0131 ve kanser riskini azaltmas\u0131d\u0131r. K\u00f6t\u00fc kolesterol\u00fc azaltan betalainler i\u00e7erir. \u0130\u00e7indeki siyah tohumlar, kalbe iyi gelen omega-3 ve omega-9 ya\u011f asitleri a\u00e7\u0131s\u0131ndan zengindir. Ejder meyvesi Antalya Aksu, Alanya ve Manavgat il\u00e7elerinde \u00f6rt\u00fc alt\u0131 tar\u0131m \u00fcr\u00fcnleri aras\u0131nda yeti\u015fti\u011fi i\u00e7in al\u0131\u015f veri\u015f merkezi AVM manav reyonlar\u0131 ile manav reyonlar\u0131nda \u00e7ok bulabilecekleri bir meyve\u201d dedi.<\/p>\n\n\n\n<p>Haber\/Abdurrahman B\u00fcy\u00fckkeskin<\/p>\n","protected":false},"excerpt":{"rendered":"<p>Manavgat Canan Sa\u011fl\u0131k Merkezi Diyetisyeni B\u00fc\u015fra Canan, sonbahar ve k\u0131\u015f mevsimlerinde v\u00fccudun gribal enfeksiyonlar ve mevsim ge\u00e7i\u015finde olu\u015fabilecek hastal\u0131klara kar\u015f\u0131 g\u00fc\u00e7l\u00fc ve diren\u00e7li kalmak i\u00e7in <a href=\"https:\/\/akdenizhaber.com.tr\/index.php\/2023\/11\/10\/diyetisyen-busra-canan-ejder-meyvesinin-faydasi-saymakla-bitmez\/\" class=\"read-more-link\">[more&#8230;]<\/a><\/p>\n","protected":false},"author":2,"featured_media":17578,"comment_status":"open","ping_status":"open","sticky":false,"template":"","format":"standard","meta":{"footnotes":""},"categories":[2],"tags":[],"class_list":["post-17577","post","type-post","status-publish","format-standard","has-post-thumbnail","hentry","category-gundem"],"_links":{"self":[{"href":"https:\/\/akdenizhaber.com.tr\/index.php\/wp-json\/wp\/v2\/posts\/17577","targetHints":{"allow":["GET"]}}],"collection":[{"href":"https:\/\/akdenizhaber.com.tr\/index.php\/wp-json\/wp\/v2\/posts"}],"about":[{"href":"https:\/\/akdenizhaber.com.tr\/index.php\/wp-json\/wp\/v2\/types\/post"}],"author":[{"embeddable":true,"href":"https:\/\/akdenizhaber.com.tr\/index.php\/wp-json\/wp\/v2\/users\/2"}],"replies":[{"embeddable":true,"href":"https:\/\/akdenizhaber.com.tr\/index.php\/wp-json\/wp\/v2\/comments?post=17577"}],"version-history":[{"count":0,"href":"https:\/\/akdenizhaber.com.tr\/index.php\/wp-json\/wp\/v2\/posts\/17577\/revisions"}],"wp:featuredmedia":[{"embeddable":true,"href":"https:\/\/akdenizhaber.com.tr\/index.php\/wp-json\/wp\/v2\/media\/17578"}],"wp:attachment":[{"href":"https:\/\/akdenizhaber.com.tr\/index.php\/wp-json\/wp\/v2\/media?parent=17577"}],"wp:term":[{"taxonomy":"category","embeddable":true,"href":"https:\/\/akdenizhaber.com.tr\/index.php\/wp-json\/wp\/v2\/categories?post=17577"},{"taxonomy":"post_tag","embeddable":true,"href":"https:\/\/akdenizhaber.com.tr\/index.php\/wp-json\/wp\/v2\/tags?post=17577"}],"curies":[{"name":"wp","href":"https:\/\/api.w.org\/{rel}","templated":true}]}}